{"id":21070,"date":"2025-02-24T00:00:35","date_gmt":"2025-02-24T03:00:35","guid":{"rendered":"https:\/\/infotep.com.ar\/?p=21070"},"modified":"2025-02-24T00:33:41","modified_gmt":"2025-02-24T03:33:41","slug":"llegan-los-carnavales-2025-a-las-ciudades-de-la-matanza","status":"publish","type":"post","link":"https:\/\/infotep.com.ar\/index.php\/2025\/02\/24\/llegan-los-carnavales-2025-a-las-ciudades-de-la-matanza\/","title":{"rendered":"Llegan los Carnavales 2025 a las ciudades de La Matanza"},"content":{"rendered":"\n<p>Desde este fin de semana y hasta el 3 de marzo, Carnaval en tu barrio recorrer\u00e1 las ciudades del distrito. Con mucha diversi\u00f3n, color y entretenimiento, a trav\u00e9s de variados shows musicales y desfiles de las tradicionales murgas locales, las familias podr\u00e1n disfrutar de esta gran fiesta popular gratuita.<\/p>\n\n\n\n<p>Cada jornada contar\u00e1 con el tradicional desfile de las murgas locales, con shows musicales en vivo, y la conducci\u00f3n especial de Marcela Ba\u00f1os y El Rama, dando continuidad a una fiesta popular gratuita y para toda la familia, que todos los a\u00f1os es tradici\u00f3n en La Matanza.<\/p>\n\n\n\n<p>Carnaval en tu barrio es una iniciativa del Gobierno local, a trav\u00e9s de la Secretar\u00eda de Cultura y Educaci\u00f3n, y representa un espacio de encuentro para toda la comunidad a trav\u00e9s de la interrelaci\u00f3n de la m\u00fasica, la danza, la actuaci\u00f3n y las artes pl\u00e1sticas, donde las murgas son sin\u00f3nimo de nuestra cultura popular y de un fuerte compromiso social.<\/p>\n\n\n\n<p><strong>AGENDA CARNAVAL EN TU BARRIO 2025 \ud83c\udf89<\/strong><\/p>\n\n\n\n<p> S\u00e1bado 01.03 &#8211; 19 h<br> Polledo y Dolores G\u00f3mez, Rafael Castillo<\/p>\n\n\n\n<p>\u2022Desfile de murgas y show musical en vivo a cargo de artistas locales.<br>\u2022Presentaci\u00f3n a cargo de El Rama y Nadia Robledo.<\/p>\n\n\n\n<p>S\u00e1bado 01.03 &#8211; 19 h<br>Plaza Barrio Manzanares, Berna e Ituzaing\u00f3, Villa Luzuriaga<\/p>\n\n\n\n<p>\u2022Desfile de murgas y show musical en vivo a cargo de artistas locales.<br>\u2022Presentaci\u00f3n a cargo de Marcela Ba\u00f1os y el mago C\u00e9sar.<\/p>\n\n\n\n<p>Domingo 02.03 &#8211; 19 h<br>Plaza Atalaya, Av. Cristian\u00eda y Ram\u00f3n Falc\u00f3n, Isidro Casanova<\/p>\n\n\n\n<p>\u2022Desfile de murgas y show musical en vivo a cargo de artistas locales.<br>\u2022Presentaci\u00f3n a cargo de El Rama y Nadia Robledo.<\/p>\n\n\n\n<p> Domingo 02.03 &#8211; 19 h<br>Plaza de La Bandera, Humait\u00e1 y Altolaguirre, Tapiales<\/p>\n\n\n\n<p>\u2022Desfile de murgas y cierre musical de A toda M\u00e1quina.<br>\u2022Presentaci\u00f3n a cargo de Marcela Ba\u00f1os y el mago C\u00e9sar.<\/p>\n\n\n\n<p> Lunes 03.03 &#8211; 19 h<br>Av. Luro 5800, Gregorio de Laferrere<\/p>\n\n\n\n<p>\u2022Desfile de murgas y show musical en vivo a cargo de artistas locales.<br>\u2022Presentaci\u00f3n a cargo de El Rama y Marcela Ba\u00f1os.<\/p>\n","protected":false},"excerpt":{"rendered":"<p>Desde este fin de semana y hasta el 3 de marzo, Carnaval en tu barrio recorrer&aacute; las ciudades del distrito. Con mucha diversi&oacute;n, color y entretenimiento, a trav&eacute;s de variados shows musicales y desfiles de las tradicionales murgas locales, las familias podr&aacute;n disfrutar de esta gran fiesta popular gratuita. Cada jornada contar&aacute; con el tradicional &hellip; <\/p>\n","protected":false},"author":5,"featured_media":21071,"comment_status":"closed","ping_status":"closed","sticky":false,"template":"","format":"standard","meta":{"om_disable_all_campaigns":false,"_joinchat":[]},"categories":[31,26],"tags":[46,59,43],"featured_image_urls":{"full":["https:\/\/infotep.com.ar\/wp-content\/uploads\/2025\/02\/CARNAVAL-EN-TU-BARRIO-1.jpg",1236,823,false],"thumbnail":["https:\/\/infotep.com.ar\/wp-content\/uploads\/2025\/02\/CARNAVAL-EN-TU-BARRIO-1-150x150.jpg",150,150,true],"medium":["https:\/\/infotep.com.ar\/wp-content\/uploads\/2025\/02\/CARNAVAL-EN-TU-BARRIO-1-300x200.jpg",300,200,true],"medium_large":["https:\/\/infotep.com.ar\/wp-content\/uploads\/2025\/02\/CARNAVAL-EN-TU-BARRIO-1-768x511.jpg",768,511,true],"large":["https:\/\/infotep.com.ar\/wp-content\/uploads\/2025\/02\/CARNAVAL-EN-TU-BARRIO-1-1024x682.jpg",1020,679,true],"1536x1536":["https:\/\/infotep.com.ar\/wp-content\/uploads\/2025\/02\/CARNAVAL-EN-TU-BARRIO-1.jpg",1236,823,false],"2048x2048":["https:\/\/infotep.com.ar\/wp-content\/uploads\/2025\/02\/CARNAVAL-EN-TU-BARRIO-1.jpg",1236,823,false],"blossom-feminine-slider":["https:\/\/infotep.com.ar\/wp-content\/uploads\/2025\/02\/CARNAVAL-EN-TU-BARRIO-1-1236x649.jpg",1236,649,true],"blossom-feminine-featured":["https:\/\/infotep.com.ar\/wp-content\/uploads\/2025\/02\/CARNAVAL-EN-TU-BARRIO-1-1236x600.jpg",1236,600,true],"blossom-feminine-with-sidebar":["https:\/\/infotep.com.ar\/wp-content\/uploads\/2025\/02\/CARNAVAL-EN-TU-BARRIO-1-1020x600.jpg",1020,600,true],"blossom-feminine-blog":["https:\/\/infotep.com.ar\/wp-content\/uploads\/2025\/02\/CARNAVAL-EN-TU-BARRIO-1-435x435.jpg",435,435,true],"blossom-feminine-cat":["https:\/\/infotep.com.ar\/wp-content\/uploads\/2025\/02\/CARNAVAL-EN-TU-BARRIO-1-450x300.jpg",450,300,true],"blossom-feminine-related":["https:\/\/infotep.com.ar\/wp-content\/uploads\/2025\/02\/CARNAVAL-EN-TU-BARRIO-1-320x200.jpg",320,200,true],"blossom-feminine-schema":["https:\/\/infotep.com.ar\/wp-content\/uploads\/2025\/02\/CARNAVAL-EN-TU-BARRIO-1-90x60.jpg",90,60,true],"blossom-mommy-blog-slider-big":["https:\/\/infotep.com.ar\/wp-content\/uploads\/2025\/02\/CARNAVAL-EN-TU-BARRIO-1-920x650.jpg",920,650,true],"blossom-mommy-blog-slider":["https:\/\/infotep.com.ar\/wp-content\/uploads\/2025\/02\/CARNAVAL-EN-TU-BARRIO-1-460x310.jpg",460,310,true],"blossom-mommy-blog-two":["https:\/\/infotep.com.ar\/wp-content\/uploads\/2025\/02\/CARNAVAL-EN-TU-BARRIO-1-768x480.jpg",768,480,true]},"author_info":{"info":["Angela Tobar"]},"category_info":"<a href=\"https:\/\/infotep.com.ar\/index.php\/category\/destacadas\/\" rel=\"category tag\">Destacadas<\/a> <a href=\"https:\/\/infotep.com.ar\/index.php\/category\/municipales\/la-matanza\/\" rel=\"category tag\">La Matanza<\/a>","tag_info":"La Matanza","comment_count":"0","_links":{"self":[{"href":"https:\/\/infotep.com.ar\/index.php\/wp-json\/wp\/v2\/posts\/21070"}],"collection":[{"href":"https:\/\/infotep.com.ar\/index.php\/wp-json\/wp\/v2\/posts"}],"about":[{"href":"https:\/\/infotep.com.ar\/index.php\/wp-json\/wp\/v2\/types\/post"}],"author":[{"embeddable":true,"href":"https:\/\/infotep.com.ar\/index.php\/wp-json\/wp\/v2\/users\/5"}],"replies":[{"embeddable":true,"href":"https:\/\/infotep.com.ar\/index.php\/wp-json\/wp\/v2\/comments?post=21070"}],"version-history":[{"count":1,"href":"https:\/\/infotep.com.ar\/index.php\/wp-json\/wp\/v2\/posts\/21070\/revisions"}],"predecessor-version":[{"id":21072,"href":"https:\/\/infotep.com.ar\/index.php\/wp-json\/wp\/v2\/posts\/21070\/revisions\/21072"}],"wp:featuredmedia":[{"embeddable":true,"href":"https:\/\/infotep.com.ar\/index.php\/wp-json\/wp\/v2\/media\/21071"}],"wp:attachment":[{"href":"https:\/\/infotep.com.ar\/index.php\/wp-json\/wp\/v2\/media?parent=21070"}],"wp:term":[{"taxonomy":"category","embeddable":true,"href":"https:\/\/infotep.com.ar\/index.php\/wp-json\/wp\/v2\/categories?post=21070"},{"taxonomy":"post_tag","embeddable":true,"href":"https:\/\/infotep.com.ar\/index.php\/wp-json\/wp\/v2\/tags?post=21070"}],"curies":[{"name":"wp","href":"https:\/\/api.w.org\/{rel}","templated":true}]}}