{"id":21108,"date":"2025-02-24T00:36:38","date_gmt":"2025-02-24T03:36:38","guid":{"rendered":"https:\/\/infotep.com.ar\/?p=21108"},"modified":"2025-02-25T12:43:22","modified_gmt":"2025-02-25T15:43:22","slug":"fernando-espinoza-todo-tiene-que-ver-con-todo","status":"publish","type":"post","link":"https:\/\/infotep.com.ar\/index.php\/2025\/02\/24\/fernando-espinoza-todo-tiene-que-ver-con-todo\/","title":{"rendered":"Fernando Espinoza: \u201cTodo tiene que ver con todo\u201d"},"content":{"rendered":"\n<p>El intendente de La Matanza y presidente de la Federaci\u00f3n Argentina de Municipios (FAM), Fernando Espinoza, se refiri\u00f3, a trav\u00e9s de X, al decreto presidencial que transforma al Banco de la Naci\u00f3n Argentina en Sociedad An\u00f3nima, y advirti\u00f3 que Milei busca privatizar la entidad bancaria, clave para la producci\u00f3n argentina.<\/p>\n\n\n\n<p><strong>\u201cEl Banco Naci\u00f3n ocupa un papel central en el c\u00edrculo virtuoso de la econom\u00eda argentina: \u201cinversi\u00f3n \u2013 producci\u00f3n \u2013 generaci\u00f3n de puestos de trabajo &#8211; nueva inversi\u00f3n\u201d, porque le presta, con m\u00e1s facilidad y menos intereses que la banca privada, a todo el sector productivo\u201d, afirm\u00f3 Fernando Espinoza.<\/strong><\/p>\n\n\n\n<p>\u201c\u00bfAlguien se imagina a un banco privado dando cr\u00e9ditos posibles de pagar a una peque\u00f1a PyME para renovar maquinaria? Es m\u00e1s f\u00e1cil imaginar a fondos de inversi\u00f3n comprando el Naci\u00f3n a un precio vil y utilizarlo, por ejemplo, para fondear oscuras criptomonedas, como $Libra, digamos\u201d, continu\u00f3.<\/p>\n\n\n\n<p class=\"has-light-green-cyan-background-color has-background\">En este sentido, Fernando Espinoza sostuvo que \u201cJavier Milei intenta comenzar la privatizaci\u00f3n del Naci\u00f3n con un DNU al que seguramente contribuy\u00f3, y mucho, Federico Sturzenegger, que ya en octubre de 2000, a principios de siglo, reclamaba p\u00fablicamente su privatizaci\u00f3n poco antes de ser funcionario de De la R\u00faa\u201d.<\/p>\n\n\n\n<p>\u201cCuando ese gobierno de la Alianza hizo estallar a la Argentina por los aires, fue el Banco Naci\u00f3n el que ayud\u00f3 a los m\u00e1s de 40 mil peque\u00f1os productores rurales que estaban endeudados para que no se les remataran los campos\u201d, record\u00f3 el intendente de la \u201cquinta provincia\u201d, La Matanza.<\/p>\n\n\n\n<p>En esa l\u00ednea, Fernando Espinoza sostuvo que \u201ccoincidentemente, o no tanto, el fallido gobierno de Macri tambi\u00e9n quiso entregar al Banco Naci\u00f3n a manos privadas, despu\u00e9s de utilizarlo para darle a la empresa Vicent\u00edn (aportante fuerte de su campa\u00f1a presidencial en 2015) cr\u00e9ditos que el banco jam\u00e1s podr\u00eda cobrar\u201d.<\/p>\n\n\n\n<p>\u201cY ahora Milei, con la excusa de supuestos principios libertarios, viaja a EE.UU. con la carta en la manga de transformar al banco del trabajo y la producci\u00f3n del pa\u00eds en una sociedad an\u00f3nima, que estar\u00e1 abierta, claro, a las \u201cleyes del libre mercado\u201d, o sea, la ley de la selva\u201d, finaliz\u00f3 Fernando Espinoza.<\/p>\n","protected":false},"excerpt":{"rendered":"<p>El intendente de La Matanza y presidente de la Federaci&oacute;n Argentina de Municipios (FAM), Fernando Espinoza, se refiri&oacute;, a trav&eacute;s de X, al decreto presidencial que transforma al Banco de la Naci&oacute;n Argentina en Sociedad An&oacute;nima, y advirti&oacute; que Milei busca privatizar la entidad bancaria, clave para la producci&oacute;n argentina. &ldquo;El Banco Naci&oacute;n ocupa un &hellip; <\/p>\n","protected":false},"author":5,"featured_media":21109,"comment_status":"closed","ping_status":"closed","sticky":false,"template":"","format":"standard","meta":{"om_disable_all_campaigns":false,"_joinchat":[]},"categories":[26],"tags":[60,46,59,43],"featured_image_urls":{"full":["https:\/\/infotep.com.ar\/wp-content\/uploads\/2025\/02\/FE.jpg",1427,951,false],"thumbnail":["https:\/\/infotep.com.ar\/wp-content\/uploads\/2025\/02\/FE-150x150.jpg",150,150,true],"medium":["https:\/\/infotep.com.ar\/wp-content\/uploads\/2025\/02\/FE-300x200.jpg",300,200,true],"medium_large":["https:\/\/infotep.com.ar\/wp-content\/uploads\/2025\/02\/FE-768x512.jpg",768,512,true],"large":["https:\/\/infotep.com.ar\/wp-content\/uploads\/2025\/02\/FE-1024x682.jpg",1020,679,true],"1536x1536":["https:\/\/infotep.com.ar\/wp-content\/uploads\/2025\/02\/FE.jpg",1427,951,false],"2048x2048":["https:\/\/infotep.com.ar\/wp-content\/uploads\/2025\/02\/FE.jpg",1427,951,false],"blossom-feminine-slider":["https:\/\/infotep.com.ar\/wp-content\/uploads\/2025\/02\/FE-1427x649.jpg",1427,649,true],"blossom-feminine-featured":["https:\/\/infotep.com.ar\/wp-content\/uploads\/2025\/02\/FE-1410x600.jpg",1410,600,true],"blossom-feminine-with-sidebar":["https:\/\/infotep.com.ar\/wp-content\/uploads\/2025\/02\/FE-1020x600.jpg",1020,600,true],"blossom-feminine-blog":["https:\/\/infotep.com.ar\/wp-content\/uploads\/2025\/02\/FE-435x435.jpg",435,435,true],"blossom-feminine-cat":["https:\/\/infotep.com.ar\/wp-content\/uploads\/2025\/02\/FE-450x300.jpg",450,300,true],"blossom-feminine-related":["https:\/\/infotep.com.ar\/wp-content\/uploads\/2025\/02\/FE-320x200.jpg",320,200,true],"blossom-feminine-schema":["https:\/\/infotep.com.ar\/wp-content\/uploads\/2025\/02\/FE-90x60.jpg",90,60,true],"blossom-mommy-blog-slider-big":["https:\/\/infotep.com.ar\/wp-content\/uploads\/2025\/02\/FE-920x650.jpg",920,650,true],"blossom-mommy-blog-slider":["https:\/\/infotep.com.ar\/wp-content\/uploads\/2025\/02\/FE-460x310.jpg",460,310,true],"blossom-mommy-blog-two":["https:\/\/infotep.com.ar\/wp-content\/uploads\/2025\/02\/FE-768x480.jpg",768,480,true]},"author_info":{"info":["Angela Tobar"]},"category_info":"<a href=\"https:\/\/infotep.com.ar\/index.php\/category\/municipales\/la-matanza\/\" rel=\"category tag\">La Matanza<\/a>","tag_info":"La Matanza","comment_count":"0","_links":{"self":[{"href":"https:\/\/infotep.com.ar\/index.php\/wp-json\/wp\/v2\/posts\/21108"}],"collection":[{"href":"https:\/\/infotep.com.ar\/index.php\/wp-json\/wp\/v2\/posts"}],"about":[{"href":"https:\/\/infotep.com.ar\/index.php\/wp-json\/wp\/v2\/types\/post"}],"author":[{"embeddable":true,"href":"https:\/\/infotep.com.ar\/index.php\/wp-json\/wp\/v2\/users\/5"}],"replies":[{"embeddable":true,"href":"https:\/\/infotep.com.ar\/index.php\/wp-json\/wp\/v2\/comments?post=21108"}],"version-history":[{"count":1,"href":"https:\/\/infotep.com.ar\/index.php\/wp-json\/wp\/v2\/posts\/21108\/revisions"}],"predecessor-version":[{"id":21110,"href":"https:\/\/infotep.com.ar\/index.php\/wp-json\/wp\/v2\/posts\/21108\/revisions\/21110"}],"wp:featuredmedia":[{"embeddable":true,"href":"https:\/\/infotep.com.ar\/index.php\/wp-json\/wp\/v2\/media\/21109"}],"wp:attachment":[{"href":"https:\/\/infotep.com.ar\/index.php\/wp-json\/wp\/v2\/media?parent=21108"}],"wp:term":[{"taxonomy":"category","embeddable":true,"href":"https:\/\/infotep.com.ar\/index.php\/wp-json\/wp\/v2\/categories?post=21108"},{"taxonomy":"post_tag","embeddable":true,"href":"https:\/\/infotep.com.ar\/index.php\/wp-json\/wp\/v2\/tags?post=21108"}],"curies":[{"name":"wp","href":"https:\/\/api.w.org\/{rel}","templated":true}]}}