{"id":21201,"date":"2025-02-26T12:10:33","date_gmt":"2025-02-26T15:10:33","guid":{"rendered":"https:\/\/infotep.com.ar\/?p=21201"},"modified":"2025-02-26T12:10:34","modified_gmt":"2025-02-26T15:10:34","slug":"mas-de-120-mil-chicas-y-chicos-disfrutaron-las-colonias-de-verano-gratuitas-de-la-matanza","status":"publish","type":"post","link":"https:\/\/infotep.com.ar\/index.php\/2025\/02\/26\/mas-de-120-mil-chicas-y-chicos-disfrutaron-las-colonias-de-verano-gratuitas-de-la-matanza\/","title":{"rendered":"M\u00e1s de 120 mil chicas y chicos disfrutaron las Colonias de Verano gratuitas de La Matanza"},"content":{"rendered":"\n<p>Las Colonias de Verano de La Matanza alcanzaron un r\u00e9cord hist\u00f3rico de 120 mil participantes, vecinos y vecinas que pudieron disfrutar de una amplia propuesta recreativa, educativa y cultural en el marco de un contexto econ\u00f3mico y social cr\u00edtico que viven las familias argentinas.<\/p>\n\n\n\n<p>El intendente de La Matanza y presidente de la Federaci\u00f3n Argentina de Municipios (FAM), Fernando Espinoza, acompa\u00f1ado por la secretaria de Deportes local, Jorgelina Bertoni, visit\u00f3 el Polideportivo Alberto Balestrini de Lomas del Mirador, una de las 12 sedes en las que se desarrollaron las Colonias de Verano municipales.<\/p>\n\n\n\n<p>En esta oportunidad, las chicas y chicos pudieron disfrutar, de forma universal y gratuita, actividades recreativas, art\u00edsticas y deportivas como f\u00fatbol, tenis, v\u00f3ley y nataci\u00f3n. Adem\u00e1s, este a\u00f1o se incorporaron actividades vinculadas con la naturaleza y campamentos.<\/p>\n\n\n\n<p><strong>\u201cEstamos muy felices y orgullosos de cerrar una nueva temporada de las Colonias de Verano en La Matanza y saber que 120 mil chicas, chicos y adultos mayores formaron parte de esta mega Colonia de Vacaciones y de las Escuelas Abiertas de Verano que llevamos adelante junto al Gobierno de la Provincia de Buenos Aires\u201d, expres\u00f3 Fernando Espinoza y subray\u00f3: \u201cEl deporte y la recreaci\u00f3n son una formaci\u00f3n para la vida\u201d.<\/strong><\/p>\n\n\n\n<p class=\"has-light-green-cyan-background-color has-background\">\u201cLa decisi\u00f3n de ampliar los cupos tiene que ver con el momento econ\u00f3mico y social que estamos viviendo, que es una de las peores crisis que atraviesa la Argentina\u201d, indic\u00f3 Fernando Espinoza y se\u00f1al\u00f3: \u201cEstas Colonias de Verano, que cuenta con toda la atenci\u00f3n y el cuidado por parte de nuestros equipos integrados por profesionales, guardavidas, profesores y m\u00e9dicos, son un abrazo colectivo para todas las familias que no pod\u00edan pagar una colonia privada, que cuesta alrededor de.400 mil pesos\u201d.<\/p>\n\n\n\n<p>Por su parte, la secretaria de Deportes, ex Leona y campeona del mundo, Jorgelina Bertoni, remarc\u00f3: \u201cCon la colonia refrendamos el derecho a la recreaci\u00f3n, a la pr\u00e1ctica deportiva y al disfrute en el verano garantizado por nuestro intendente Fernando Espinoza\u201d.<\/p>\n\n\n\n<p>\u201cMientras tenemos un presidente que ajusta permanentemente y apuesta a los discursos de odio, nosotros hacemos todo lo contrario: invertimos m\u00e1s en educaci\u00f3n y apostamos a los discursos del amor\u201d, destac\u00f3 Fernando Espinoza, y finaliz\u00f3: \u201cEl amor siempre va a vencer al odio y desde ac\u00e1, La Matanza que no es grande, es grandiosa, lo estamos demostrando todos los d\u00edas\u201d.<\/p>\n","protected":false},"excerpt":{"rendered":"<p>Las Colonias de Verano de La Matanza alcanzaron un r&eacute;cord hist&oacute;rico de 120 mil participantes, vecinos y vecinas que pudieron disfrutar de una amplia propuesta recreativa, educativa y cultural en el marco de un contexto econ&oacute;mico y social cr&iacute;tico que viven las familias argentinas. El intendente de La Matanza y presidente de la Federaci&oacute;n Argentina &hellip; <\/p>\n","protected":false},"author":5,"featured_media":21202,"comment_status":"closed","ping_status":"closed","sticky":false,"template":"","format":"standard","meta":{"om_disable_all_campaigns":false,"_joinchat":[]},"categories":[31,26],"tags":[60,46,59,43],"featured_image_urls":{"full":["https:\/\/infotep.com.ar\/wp-content\/uploads\/2025\/02\/COLONIAS-DE-VERANO-MTZ-2-scaled.jpg",2560,1707,false],"thumbnail":["https:\/\/infotep.com.ar\/wp-content\/uploads\/2025\/02\/COLONIAS-DE-VERANO-MTZ-2-150x150.jpg",150,150,true],"medium":["https:\/\/infotep.com.ar\/wp-content\/uploads\/2025\/02\/COLONIAS-DE-VERANO-MTZ-2-300x200.jpg",300,200,true],"medium_large":["https:\/\/infotep.com.ar\/wp-content\/uploads\/2025\/02\/COLONIAS-DE-VERANO-MTZ-2-768x512.jpg",768,512,true],"large":["https:\/\/infotep.com.ar\/wp-content\/uploads\/2025\/02\/COLONIAS-DE-VERANO-MTZ-2-1024x683.jpg",1020,680,true],"1536x1536":["https:\/\/infotep.com.ar\/wp-content\/uploads\/2025\/02\/COLONIAS-DE-VERANO-MTZ-2-1536x1024.jpg",1536,1024,true],"2048x2048":["https:\/\/infotep.com.ar\/wp-content\/uploads\/2025\/02\/COLONIAS-DE-VERANO-MTZ-2-2048x1365.jpg",2048,1365,true],"blossom-feminine-slider":["https:\/\/infotep.com.ar\/wp-content\/uploads\/2025\/02\/COLONIAS-DE-VERANO-MTZ-2-1920x649.jpg",1920,649,true],"blossom-feminine-featured":["https:\/\/infotep.com.ar\/wp-content\/uploads\/2025\/02\/COLONIAS-DE-VERANO-MTZ-2-1410x600.jpg",1410,600,true],"blossom-feminine-with-sidebar":["https:\/\/infotep.com.ar\/wp-content\/uploads\/2025\/02\/COLONIAS-DE-VERANO-MTZ-2-1020x600.jpg",1020,600,true],"blossom-feminine-blog":["https:\/\/infotep.com.ar\/wp-content\/uploads\/2025\/02\/COLONIAS-DE-VERANO-MTZ-2-435x435.jpg",435,435,true],"blossom-feminine-cat":["https:\/\/infotep.com.ar\/wp-content\/uploads\/2025\/02\/COLONIAS-DE-VERANO-MTZ-2-450x300.jpg",450,300,true],"blossom-feminine-related":["https:\/\/infotep.com.ar\/wp-content\/uploads\/2025\/02\/COLONIAS-DE-VERANO-MTZ-2-320x200.jpg",320,200,true],"blossom-feminine-schema":["https:\/\/infotep.com.ar\/wp-content\/uploads\/2025\/02\/COLONIAS-DE-VERANO-MTZ-2-90x60.jpg",90,60,true],"blossom-mommy-blog-slider-big":["https:\/\/infotep.com.ar\/wp-content\/uploads\/2025\/02\/COLONIAS-DE-VERANO-MTZ-2-920x650.jpg",920,650,true],"blossom-mommy-blog-slider":["https:\/\/infotep.com.ar\/wp-content\/uploads\/2025\/02\/COLONIAS-DE-VERANO-MTZ-2-460x310.jpg",460,310,true],"blossom-mommy-blog-two":["https:\/\/infotep.com.ar\/wp-content\/uploads\/2025\/02\/COLONIAS-DE-VERANO-MTZ-2-768x480.jpg",768,480,true]},"author_info":{"info":["Angela Tobar"]},"category_info":"<a href=\"https:\/\/infotep.com.ar\/index.php\/category\/destacadas\/\" rel=\"category tag\">Destacadas<\/a> <a href=\"https:\/\/infotep.com.ar\/index.php\/category\/municipales\/la-matanza\/\" rel=\"category tag\">La Matanza<\/a>","tag_info":"La Matanza","comment_count":"0","_links":{"self":[{"href":"https:\/\/infotep.com.ar\/index.php\/wp-json\/wp\/v2\/posts\/21201"}],"collection":[{"href":"https:\/\/infotep.com.ar\/index.php\/wp-json\/wp\/v2\/posts"}],"about":[{"href":"https:\/\/infotep.com.ar\/index.php\/wp-json\/wp\/v2\/types\/post"}],"author":[{"embeddable":true,"href":"https:\/\/infotep.com.ar\/index.php\/wp-json\/wp\/v2\/users\/5"}],"replies":[{"embeddable":true,"href":"https:\/\/infotep.com.ar\/index.php\/wp-json\/wp\/v2\/comments?post=21201"}],"version-history":[{"count":1,"href":"https:\/\/infotep.com.ar\/index.php\/wp-json\/wp\/v2\/posts\/21201\/revisions"}],"predecessor-version":[{"id":21203,"href":"https:\/\/infotep.com.ar\/index.php\/wp-json\/wp\/v2\/posts\/21201\/revisions\/21203"}],"wp:featuredmedia":[{"embeddable":true,"href":"https:\/\/infotep.com.ar\/index.php\/wp-json\/wp\/v2\/media\/21202"}],"wp:attachment":[{"href":"https:\/\/infotep.com.ar\/index.php\/wp-json\/wp\/v2\/media?parent=21201"}],"wp:term":[{"taxonomy":"category","embeddable":true,"href":"https:\/\/infotep.com.ar\/index.php\/wp-json\/wp\/v2\/categories?post=21201"},{"taxonomy":"post_tag","embeddable":true,"href":"https:\/\/infotep.com.ar\/index.php\/wp-json\/wp\/v2\/tags?post=21201"}],"curies":[{"name":"wp","href":"https:\/\/api.w.org\/{rel}","templated":true}]}}