{"id":21327,"date":"2025-03-04T15:28:11","date_gmt":"2025-03-04T18:28:11","guid":{"rendered":"https:\/\/infotep.com.ar\/?p=21327"},"modified":"2025-03-04T15:28:12","modified_gmt":"2025-03-04T18:28:12","slug":"ctera-realizara-un-nuevo-paro-docente-cuando-y-por-que","status":"publish","type":"post","link":"https:\/\/infotep.com.ar\/index.php\/2025\/03\/04\/ctera-realizara-un-nuevo-paro-docente-cuando-y-por-que\/","title":{"rendered":"CTERA realizar\u00e1 un nuevo paro docente: cu\u00e1ndo y por qu\u00e9"},"content":{"rendered":"\n<p>Ser\u00e1 el pr\u00f3ximo jueves 13 de marzo \u201cen defensa de la educaci\u00f3n p\u00fablica\u201d. El reclamo est\u00e1 vinculado con aumento salarial y preservar \u201clos derechos de las y los trabajadores\u201d docentes.<br><br>La Confederaci\u00f3n De Trabajadores de la Educaci\u00f3n de la Rep\u00fablica Argentina (CTERA) realizar\u00e1 un nuevo paro docente para el jueves 13 de marzo \u201cen defensa de la educaci\u00f3n p\u00fablica y los derechos de las y los trabajadores de la educaci\u00f3n\u201d.<\/p>\n\n\n\n<p>Luego del congreso extraordinario llevado a cabo a fines de febrero, la gremial docente resolvi\u00f3 convocar a una \u201cjornada nacional de lucha\u201d para volver a reclamar un aumento salarial y preservar \u201clos derechos de las y los trabajadores\u201d.<\/p>\n\n\n\n<p><strong>\u201cAnte el grave ajuste que atraviesa la Educaci\u00f3n P\u00fablica, las trabajadoras y los trabajadores de la educaci\u00f3n, el congreso de CTERA ha decidido impulsar acciones en todo el pa\u00eds para exigir la urgente convocatoria a la paritaria nacional docente, la ley de financiamiento educativo, la restituci\u00f3n y actualizaci\u00f3n del Fondo de Incentivo Docente (FONID) y conectividad\u201d, anunciaron a trav\u00e9s de un comunicado.<\/strong><\/p>\n\n\n\n<p>Asimismo, indicaron modificar el piso salarial \u201cacorde al contexto actual\u201d para que ning\u00fan docente del pa\u00eds \u201cest\u00e9 debajo de la l\u00ednea de la pobreza\u201d; en la misma l\u00ednea exigen \u201cmayor presupuesto educativo nacional\u201d para garantizar escuelas \u201cen condiciones dignas para ense\u00f1ar y aprender\u201d en todo el pa\u00eds.<\/p>\n\n\n\n<p>Por otra parte, reclaman un aumento de las becas PROGRESAR y en las partidas \u201cpara el refuerzo nutricional de almuerzo y copa de leche\u201d que los estudiantes consumen durante su jornada escolar.<\/p>\n\n\n\n<p>Desde CTERA, sostienen que este paro es \u201cen defensa del sistema previsional p\u00fablico, solidario y de reparto\u201d, como tambi\u00e9n \u201cde las obras sociales sindicales y provinciales\u201d: \u201cNo a la criminalizaci\u00f3n de la protesta social\u201d, exigieron.<\/p>\n\n\n\n<p>Para finalizar, informaron que la jornada de lucha, \u201cincluir\u00e1 movilizaciones, actos, radios abiertas y otras acciones en todo el pa\u00eds\u201d.<\/p>\n\n\n\n<p>\u201cRatificamos la decisi\u00f3n de la CTA Nacional, de avanzar en el marco de la m\u00e1s amplia unidad de todo el movimiento obrero, de las centrales sindicales y movimientos sociales, en la convocatoria de una jornada nacional de lucha con paro y marcha federal\u201d, concluyeron.<\/p>\n","protected":false},"excerpt":{"rendered":"<p>Ser&aacute; el pr&oacute;ximo jueves 13 de marzo &ldquo;en defensa de la educaci&oacute;n p&uacute;blica&rdquo;. El reclamo est&aacute; vinculado con aumento salarial y preservar &ldquo;los derechos de las y los trabajadores&rdquo; docentes. La Confederaci&oacute;n De Trabajadores de la Educaci&oacute;n de la Rep&uacute;blica Argentina (CTERA) realizar&aacute; un nuevo paro docente para el jueves 13 de marzo &ldquo;en defensa &hellip; <\/p>\n","protected":false},"author":5,"featured_media":21328,"comment_status":"closed","ping_status":"closed","sticky":false,"template":"","format":"standard","meta":{"om_disable_all_campaigns":false,"_joinchat":[]},"categories":[31,7],"tags":[46,43,569],"featured_image_urls":{"full":["https:\/\/infotep.com.ar\/wp-content\/uploads\/2025\/03\/paro-clases.webp",1051,720,false],"thumbnail":["https:\/\/infotep.com.ar\/wp-content\/uploads\/2025\/03\/paro-clases-150x150.webp",150,150,true],"medium":["https:\/\/infotep.com.ar\/wp-content\/uploads\/2025\/03\/paro-clases-300x206.webp",300,206,true],"medium_large":["https:\/\/infotep.com.ar\/wp-content\/uploads\/2025\/03\/paro-clases-768x526.webp",768,526,true],"large":["https:\/\/infotep.com.ar\/wp-content\/uploads\/2025\/03\/paro-clases-1024x702.webp",1020,699,true],"1536x1536":["https:\/\/infotep.com.ar\/wp-content\/uploads\/2025\/03\/paro-clases.webp",1051,720,false],"2048x2048":["https:\/\/infotep.com.ar\/wp-content\/uploads\/2025\/03\/paro-clases.webp",1051,720,false],"blossom-feminine-slider":["https:\/\/infotep.com.ar\/wp-content\/uploads\/2025\/03\/paro-clases-1051x649.webp",1051,649,true],"blossom-feminine-featured":["https:\/\/infotep.com.ar\/wp-content\/uploads\/2025\/03\/paro-clases-1051x600.webp",1051,600,true],"blossom-feminine-with-sidebar":["https:\/\/infotep.com.ar\/wp-content\/uploads\/2025\/03\/paro-clases-1020x600.webp",1020,600,true],"blossom-feminine-blog":["https:\/\/infotep.com.ar\/wp-content\/uploads\/2025\/03\/paro-clases-435x435.webp",435,435,true],"blossom-feminine-cat":["https:\/\/infotep.com.ar\/wp-content\/uploads\/2025\/03\/paro-clases-450x300.webp",450,300,true],"blossom-feminine-related":["https:\/\/infotep.com.ar\/wp-content\/uploads\/2025\/03\/paro-clases-320x200.webp",320,200,true],"blossom-feminine-schema":["https:\/\/infotep.com.ar\/wp-content\/uploads\/2025\/03\/paro-clases-88x60.webp",88,60,true],"blossom-mommy-blog-slider-big":["https:\/\/infotep.com.ar\/wp-content\/uploads\/2025\/03\/paro-clases-920x650.webp",920,650,true],"blossom-mommy-blog-slider":["https:\/\/infotep.com.ar\/wp-content\/uploads\/2025\/03\/paro-clases-460x310.webp",460,310,true],"blossom-mommy-blog-two":["https:\/\/infotep.com.ar\/wp-content\/uploads\/2025\/03\/paro-clases-768x480.webp",768,480,true]},"author_info":{"info":["Angela Tobar"]},"category_info":"<a href=\"https:\/\/infotep.com.ar\/index.php\/category\/destacadas\/\" rel=\"category tag\">Destacadas<\/a> <a href=\"https:\/\/infotep.com.ar\/index.php\/category\/gremios\/\" rel=\"category tag\">Gremios<\/a>","tag_info":"Gremios","comment_count":"0","_links":{"self":[{"href":"https:\/\/infotep.com.ar\/index.php\/wp-json\/wp\/v2\/posts\/21327"}],"collection":[{"href":"https:\/\/infotep.com.ar\/index.php\/wp-json\/wp\/v2\/posts"}],"about":[{"href":"https:\/\/infotep.com.ar\/index.php\/wp-json\/wp\/v2\/types\/post"}],"author":[{"embeddable":true,"href":"https:\/\/infotep.com.ar\/index.php\/wp-json\/wp\/v2\/users\/5"}],"replies":[{"embeddable":true,"href":"https:\/\/infotep.com.ar\/index.php\/wp-json\/wp\/v2\/comments?post=21327"}],"version-history":[{"count":1,"href":"https:\/\/infotep.com.ar\/index.php\/wp-json\/wp\/v2\/posts\/21327\/revisions"}],"predecessor-version":[{"id":21329,"href":"https:\/\/infotep.com.ar\/index.php\/wp-json\/wp\/v2\/posts\/21327\/revisions\/21329"}],"wp:featuredmedia":[{"embeddable":true,"href":"https:\/\/infotep.com.ar\/index.php\/wp-json\/wp\/v2\/media\/21328"}],"wp:attachment":[{"href":"https:\/\/infotep.com.ar\/index.php\/wp-json\/wp\/v2\/media?parent=21327"}],"wp:term":[{"taxonomy":"category","embeddable":true,"href":"https:\/\/infotep.com.ar\/index.php\/wp-json\/wp\/v2\/categories?post=21327"},{"taxonomy":"post_tag","embeddable":true,"href":"https:\/\/infotep.com.ar\/index.php\/wp-json\/wp\/v2\/tags?post=21327"}],"curies":[{"name":"wp","href":"https:\/\/api.w.org\/{rel}","templated":true}]}}