{"id":21338,"date":"2025-03-04T15:37:52","date_gmt":"2025-03-04T18:37:52","guid":{"rendered":"https:\/\/infotep.com.ar\/?p=21338"},"modified":"2025-03-04T15:37:53","modified_gmt":"2025-03-04T18:37:53","slug":"polemica-la-secretaria-que-maneja-manuel-adorni-tiene-mas-de-200-empleados","status":"publish","type":"post","link":"https:\/\/infotep.com.ar\/index.php\/2025\/03\/04\/polemica-la-secretaria-que-maneja-manuel-adorni-tiene-mas-de-200-empleados\/","title":{"rendered":"Pol\u00e9mica: la Secretar\u00eda que maneja Manuel Adorni tiene m\u00e1s de 200 empleados"},"content":{"rendered":"\n<p>En pleno ajuste del Estado llevado a cabo por Javier Milei, el vocero cuenta con una extensa n\u00f3mina de trabajadores a su cargo.<br><br><strong>La Secretar\u00eda de Comunicaci\u00f3n y Medios, liderada por el vocero oficial Manuel Adorni, cuenta con un total de 208 empleados, incluyendo tanto puestos jer\u00e1rquicos como personal de base, lo que gener\u00f3 pol\u00e9mica en medio del ajusto que lleva a cabo el Gobierno de Javier Milei y los constantes despidos en el Estado.<\/strong><\/p>\n\n\n\n<p>La exorbitante cifra fue revelada por el Gobierno en el informe de gesti\u00f3n presentado en el Senado por el jefe de Gabinete, Guillermo Francos.<\/p>\n\n\n\n<p><strong>En la estructura dirigida por Adorni, el personal con funciones ejecutivas (es decir, con cargos jer\u00e1rquicos) est\u00e1 compuesto por un subsecretario, 20 directores y 12 coordinadores. Cada uno de estos cargos suele tener a su cargo un equipo de colaboradores.<\/strong><\/p>\n\n\n\n<p class=\"has-light-green-cyan-background-color has-background\">Adorni, quien es considerado cercano a Karina Milei y parte del c\u00edrculo \u00edntimo del presidente, ostenta el rango de ministro y ha incrementado su influencia durante el primer a\u00f1o de la gesti\u00f3n. Su Secretar\u00eda de Comunicaci\u00f3n y Medios cuenta con un amplio equipo de colaboradores, como detalla un anexo presentado por el Gobierno en respuesta a una pregunta formulada por el senador Pablo Blanco (UCR) durante el Informe de Gesti\u00f3n.<\/p>\n\n\n\n<p>Entre los empleados se encuentran: nueve dise\u00f1adores de comunicaci\u00f3n y contenido institucional, seis camar\u00f3grafos, diez redactores, cuatro fot\u00f3grafos, 33 asesores, tres responsables de planificaci\u00f3n, 16 consultores, seis asistentes administrativos, cuatro referentes de comunicaci\u00f3n y contenido institucional, once analistas t\u00e9cnicos e incluso un asesor en sociolog\u00eda.<\/p>\n\n\n\n<p>\u201cManuel solo trajo a cinco personas propias, de afuera, que pasaron a ocupar cargos en su estructura. El resto en su mayor\u00eda son personas de carrera que ya trabajan en la Casa Rosada\u201d, aseguraron desde el entorno del vocero, seg\u00fan La Naci\u00f3n.<\/p>\n\n\n\n<p><strong>Qu\u00e9 hacen las m\u00e1s de 200 personas de la Secretar\u00eda de Manuel Adorni<br><\/strong>Adem\u00e1s de las conferencias de prensa que encabeza Adorni, la Secretar\u00eda de Comunicaci\u00f3n y Medios se ocupa de las transmisiones de los anuncios oficiales, la difusi\u00f3n de gacetillas de prensa, la formulaci\u00f3n de spots, la administraci\u00f3n de la pauta oficial, el manual de marca del Gobierno, la comunicaci\u00f3n institucional y la coordinaci\u00f3n de las vocer\u00edas de los ministerios.<\/p>\n\n\n\n<p><strong>Qui\u00e9nes trabajan con Manuel Adorni<br><\/strong>Entre los 200 empleados que tiene Manuel Adorni a cargo, se encuentran varios influencers libertarios, como Juan Pablo Carreira, conocido en X como \u201cJuan Doe\u201d, actual director nacional de Comunicaci\u00f3n Digital, quien a su vez tiene a su cargo a un director nacional, un director operativo y dos coordinadores.<\/p>\n\n\n\n<p>Debajo de Carreira est\u00e1 nombrado Iv\u00e1n G\u00f3mez como coordinador de Gesti\u00f3n de Comunicaci\u00f3n Digital, cuya principal tarea es difundir reels y videos para las redes sociales oficiales.<\/p>\n","protected":false},"excerpt":{"rendered":"<p>En pleno ajuste del Estado llevado a cabo por Javier Milei, el vocero cuenta con una extensa n&oacute;mina de trabajadores a su cargo. La Secretar&iacute;a de Comunicaci&oacute;n y Medios, liderada por el vocero oficial Manuel Adorni, cuenta con un total de 208 empleados, incluyendo tanto puestos jer&aacute;rquicos como personal de base, lo que gener&oacute; pol&eacute;mica &hellip; <\/p>\n","protected":false},"author":5,"featured_media":21339,"comment_status":"closed","ping_status":"closed","sticky":false,"template":"","format":"standard","meta":{"om_disable_all_campaigns":false,"_joinchat":[]},"categories":[31,3],"tags":[46,43,569],"featured_image_urls":{"full":["https:\/\/infotep.com.ar\/wp-content\/uploads\/2025\/03\/adorni.webp",1014,720,false],"thumbnail":["https:\/\/infotep.com.ar\/wp-content\/uploads\/2025\/03\/adorni-150x150.webp",150,150,true],"medium":["https:\/\/infotep.com.ar\/wp-content\/uploads\/2025\/03\/adorni-300x213.webp",300,213,true],"medium_large":["https:\/\/infotep.com.ar\/wp-content\/uploads\/2025\/03\/adorni-768x545.webp",768,545,true],"large":["https:\/\/infotep.com.ar\/wp-content\/uploads\/2025\/03\/adorni.webp",1014,720,false],"1536x1536":["https:\/\/infotep.com.ar\/wp-content\/uploads\/2025\/03\/adorni.webp",1014,720,false],"2048x2048":["https:\/\/infotep.com.ar\/wp-content\/uploads\/2025\/03\/adorni.webp",1014,720,false],"blossom-feminine-slider":["https:\/\/infotep.com.ar\/wp-content\/uploads\/2025\/03\/adorni-1014x649.webp",1014,649,true],"blossom-feminine-featured":["https:\/\/infotep.com.ar\/wp-content\/uploads\/2025\/03\/adorni-1014x600.webp",1014,600,true],"blossom-feminine-with-sidebar":["https:\/\/infotep.com.ar\/wp-content\/uploads\/2025\/03\/adorni-1014x600.webp",1014,600,true],"blossom-feminine-blog":["https:\/\/infotep.com.ar\/wp-content\/uploads\/2025\/03\/adorni-435x435.webp",435,435,true],"blossom-feminine-cat":["https:\/\/infotep.com.ar\/wp-content\/uploads\/2025\/03\/adorni-450x300.webp",450,300,true],"blossom-feminine-related":["https:\/\/infotep.com.ar\/wp-content\/uploads\/2025\/03\/adorni-320x200.webp",320,200,true],"blossom-feminine-schema":["https:\/\/infotep.com.ar\/wp-content\/uploads\/2025\/03\/adorni-85x60.webp",85,60,true],"blossom-mommy-blog-slider-big":["https:\/\/infotep.com.ar\/wp-content\/uploads\/2025\/03\/adorni-920x650.webp",920,650,true],"blossom-mommy-blog-slider":["https:\/\/infotep.com.ar\/wp-content\/uploads\/2025\/03\/adorni-460x310.webp",460,310,true],"blossom-mommy-blog-two":["https:\/\/infotep.com.ar\/wp-content\/uploads\/2025\/03\/adorni-768x480.webp",768,480,true]},"author_info":{"info":["Angela Tobar"]},"category_info":"<a href=\"https:\/\/infotep.com.ar\/index.php\/category\/destacadas\/\" rel=\"category tag\">Destacadas<\/a> <a href=\"https:\/\/infotep.com.ar\/index.php\/category\/nacionales\/\" rel=\"category tag\">Nacionales<\/a>","tag_info":"Nacionales","comment_count":"0","_links":{"self":[{"href":"https:\/\/infotep.com.ar\/index.php\/wp-json\/wp\/v2\/posts\/21338"}],"collection":[{"href":"https:\/\/infotep.com.ar\/index.php\/wp-json\/wp\/v2\/posts"}],"about":[{"href":"https:\/\/infotep.com.ar\/index.php\/wp-json\/wp\/v2\/types\/post"}],"author":[{"embeddable":true,"href":"https:\/\/infotep.com.ar\/index.php\/wp-json\/wp\/v2\/users\/5"}],"replies":[{"embeddable":true,"href":"https:\/\/infotep.com.ar\/index.php\/wp-json\/wp\/v2\/comments?post=21338"}],"version-history":[{"count":1,"href":"https:\/\/infotep.com.ar\/index.php\/wp-json\/wp\/v2\/posts\/21338\/revisions"}],"predecessor-version":[{"id":21340,"href":"https:\/\/infotep.com.ar\/index.php\/wp-json\/wp\/v2\/posts\/21338\/revisions\/21340"}],"wp:featuredmedia":[{"embeddable":true,"href":"https:\/\/infotep.com.ar\/index.php\/wp-json\/wp\/v2\/media\/21339"}],"wp:attachment":[{"href":"https:\/\/infotep.com.ar\/index.php\/wp-json\/wp\/v2\/media?parent=21338"}],"wp:term":[{"taxonomy":"category","embeddable":true,"href":"https:\/\/infotep.com.ar\/index.php\/wp-json\/wp\/v2\/categories?post=21338"},{"taxonomy":"post_tag","embeddable":true,"href":"https:\/\/infotep.com.ar\/index.php\/wp-json\/wp\/v2\/tags?post=21338"}],"curies":[{"name":"wp","href":"https:\/\/api.w.org\/{rel}","templated":true}]}}