{"id":21341,"date":"2025-03-04T15:41:09","date_gmt":"2025-03-04T18:41:09","guid":{"rendered":"https:\/\/infotep.com.ar\/?p=21341"},"modified":"2025-03-04T15:41:10","modified_gmt":"2025-03-04T18:41:10","slug":"organizaciones-feministas-preparan-la-marcha-del-dia-de-la-mujer-antifascista-antirracista-y-antipatriarcal","status":"publish","type":"post","link":"https:\/\/infotep.com.ar\/index.php\/2025\/03\/04\/organizaciones-feministas-preparan-la-marcha-del-dia-de-la-mujer-antifascista-antirracista-y-antipatriarcal\/","title":{"rendered":"Organizaciones feministas preparan la marcha del D\u00eda de la Mujer \u201cantifascista, antirracista y antipatriarcal\u201d"},"content":{"rendered":"\n<p>Movimientos de mujeres y del colectivo LGTBIQ+ organizan movilizaciones a nivel federal con concentraciones, actividades y un mensaje de rechazo para el Gobierno Nacional.<br><br><strong>Organizaciones feministas y del colectivo LGTBIQ+ preparan la marcha por el \u2018D\u00eda Internacional de la Mujer Trabajadora\u2019 con concentraciones, actividades y un mensaje de rechazo para el Gobierno Nacional: Ser\u00e1 una movilizaci\u00f3n \u201cantifascista, antirracista, antipatriarcal y anticapitalista\u201d.<\/strong><\/p>\n\n\n\n<p class=\"has-light-green-cyan-background-color has-background\">El encuentro nacional se realizar\u00e1 este s\u00e1bado 8 de marzo (#8M), desde las 15hs.; algunas de las columnas partir\u00e1n desde la Plaza de los dos Congresos y otras desde Av. de Mayo y Lima, todas hacia Plaza de Mayo.<\/p>\n\n\n\n<p class=\"has-light-green-cyan-background-color has-background\">Este a\u00f1o, el #8M cuenta con un antecedente: la movilizaci\u00f3n del pasado 1 de febrero en respuesta al discurso del presidente Javier Milei en el Foro Econ\u00f3mico Mundial de Davos (Alemania) donde rechaz\u00f3 la agenda de g\u00e9nero y mujeres, la desigualdad de la mujer en \u00e1reas laborales, econ\u00f3micas y sociales y, adem\u00e1s, se pronunci\u00f3 en contra de las personas homosexuales a las que calific\u00f3 de \u201cped\u00f3filas\u201d.<\/p>\n\n\n\n<p>En este marco, el movimiento feminista y LGTBIQ marchar\u00e1 bajo la consigna de participar en una movilizaci\u00f3n \u201cantifascista, antirracista, antipatriarcal y anticapitalista\u201d posicion\u00e1ndose en contra del Gobierno y sus pol\u00edticas sociales y econ\u00f3micas.<\/p>\n\n\n\n<p>Por su parte, la Asamblea Orgullo Antifascista LGTBIQPANB+ sostuvo que llamar\u00e1n a marchar tanto el viernes 7 de marzo (D\u00eda de la Visibilidad L\u00e9sbica) como el s\u00e1bado 8 \u201cfrente al Poder lesbicida que lleva a cabo estafas millonarias mientras niega la pobreza, falsea supuesto bienestar, proh\u00edbe expresiones culturales, hambrea jubilades y reprime la protesta social\u201d.<\/p>\n\n\n\n<p>Tambi\u00e9n la corriente internacional feminista socialista \u2018Pan y Rosas\u2019 estar\u00e1 presente, como cada a\u00f1o, pero en este 2025 lo har\u00e1n porque la movilizaci\u00f3n \u201ces el \u00fanico camino para frenar este saqueo y defender nuestras condiciones de vida\u201d: \u201cA las calles contra el gobierno de Milei y sus c\u00f3mplices&#8221;, concluyeron.<\/p>\n","protected":false},"excerpt":{"rendered":"<p>Movimientos de mujeres y del colectivo LGTBIQ+ organizan movilizaciones a nivel federal con concentraciones, actividades y un mensaje de rechazo para el Gobierno Nacional. Organizaciones feministas y del colectivo LGTBIQ+ preparan la marcha por el &lsquo;D&iacute;a Internacional de la Mujer Trabajadora&rsquo; con concentraciones, actividades y un mensaje de rechazo para el Gobierno Nacional: Ser&aacute; una &hellip; <\/p>\n","protected":false},"author":5,"featured_media":11734,"comment_status":"closed","ping_status":"closed","sticky":false,"template":"","format":"standard","meta":{"om_disable_all_campaigns":false,"_joinchat":[]},"categories":[3],"tags":[46,43,569],"featured_image_urls":{"full":["https:\/\/infotep.com.ar\/wp-content\/uploads\/2024\/03\/8M.webp",1200,799,false],"thumbnail":["https:\/\/infotep.com.ar\/wp-content\/uploads\/2024\/03\/8M-150x150.webp",150,150,true],"medium":["https:\/\/infotep.com.ar\/wp-content\/uploads\/2024\/03\/8M-300x200.webp",300,200,true],"medium_large":["https:\/\/infotep.com.ar\/wp-content\/uploads\/2024\/03\/8M-768x511.webp",768,511,true],"large":["https:\/\/infotep.com.ar\/wp-content\/uploads\/2024\/03\/8M-1024x682.webp",1020,679,true],"1536x1536":["https:\/\/infotep.com.ar\/wp-content\/uploads\/2024\/03\/8M.webp",1200,799,false],"2048x2048":["https:\/\/infotep.com.ar\/wp-content\/uploads\/2024\/03\/8M.webp",1200,799,false],"blossom-feminine-slider":["https:\/\/infotep.com.ar\/wp-content\/uploads\/2024\/03\/8M-1200x649.webp",1200,649,true],"blossom-feminine-featured":["https:\/\/infotep.com.ar\/wp-content\/uploads\/2024\/03\/8M-1200x600.webp",1200,600,true],"blossom-feminine-with-sidebar":["https:\/\/infotep.com.ar\/wp-content\/uploads\/2024\/03\/8M-1020x600.webp",1020,600,true],"blossom-feminine-blog":["https:\/\/infotep.com.ar\/wp-content\/uploads\/2024\/03\/8M-435x435.webp",435,435,true],"blossom-feminine-cat":["https:\/\/infotep.com.ar\/wp-content\/uploads\/2024\/03\/8M-450x300.webp",450,300,true],"blossom-feminine-related":["https:\/\/infotep.com.ar\/wp-content\/uploads\/2024\/03\/8M-320x200.webp",320,200,true],"blossom-feminine-schema":["https:\/\/infotep.com.ar\/wp-content\/uploads\/2024\/03\/8M-90x60.webp",90,60,true],"blossom-mommy-blog-slider-big":["https:\/\/infotep.com.ar\/wp-content\/uploads\/2024\/03\/8M-920x650.webp",920,650,true],"blossom-mommy-blog-slider":["https:\/\/infotep.com.ar\/wp-content\/uploads\/2024\/03\/8M-460x310.webp",460,310,true],"blossom-mommy-blog-two":["https:\/\/infotep.com.ar\/wp-content\/uploads\/2024\/03\/8M-768x480.webp",768,480,true]},"author_info":{"info":["Angela Tobar"]},"category_info":"<a href=\"https:\/\/infotep.com.ar\/index.php\/category\/nacionales\/\" rel=\"category tag\">Nacionales<\/a>","tag_info":"Nacionales","comment_count":"0","_links":{"self":[{"href":"https:\/\/infotep.com.ar\/index.php\/wp-json\/wp\/v2\/posts\/21341"}],"collection":[{"href":"https:\/\/infotep.com.ar\/index.php\/wp-json\/wp\/v2\/posts"}],"about":[{"href":"https:\/\/infotep.com.ar\/index.php\/wp-json\/wp\/v2\/types\/post"}],"author":[{"embeddable":true,"href":"https:\/\/infotep.com.ar\/index.php\/wp-json\/wp\/v2\/users\/5"}],"replies":[{"embeddable":true,"href":"https:\/\/infotep.com.ar\/index.php\/wp-json\/wp\/v2\/comments?post=21341"}],"version-history":[{"count":1,"href":"https:\/\/infotep.com.ar\/index.php\/wp-json\/wp\/v2\/posts\/21341\/revisions"}],"predecessor-version":[{"id":21342,"href":"https:\/\/infotep.com.ar\/index.php\/wp-json\/wp\/v2\/posts\/21341\/revisions\/21342"}],"wp:featuredmedia":[{"embeddable":true,"href":"https:\/\/infotep.com.ar\/index.php\/wp-json\/wp\/v2\/media\/11734"}],"wp:attachment":[{"href":"https:\/\/infotep.com.ar\/index.php\/wp-json\/wp\/v2\/media?parent=21341"}],"wp:term":[{"taxonomy":"category","embeddable":true,"href":"https:\/\/infotep.com.ar\/index.php\/wp-json\/wp\/v2\/categories?post=21341"},{"taxonomy":"post_tag","embeddable":true,"href":"https:\/\/infotep.com.ar\/index.php\/wp-json\/wp\/v2\/tags?post=21341"}],"curies":[{"name":"wp","href":"https:\/\/api.w.org\/{rel}","templated":true}]}}