{"id":21348,"date":"2025-03-04T05:50:24","date_gmt":"2025-03-04T08:50:24","guid":{"rendered":"https:\/\/infotep.com.ar\/?p=21348"},"modified":"2025-03-04T15:51:08","modified_gmt":"2025-03-04T18:51:08","slug":"la-matanza-se-prepara-para-el-ciclo-lectivo-pintando-las-escuelas-junto-a-las-juventudes-solidarias","status":"publish","type":"post","link":"https:\/\/infotep.com.ar\/index.php\/2025\/03\/04\/la-matanza-se-prepara-para-el-ciclo-lectivo-pintando-las-escuelas-junto-a-las-juventudes-solidarias\/","title":{"rendered":"La Matanza se prepara para el ciclo lectivo pintando las escuelas junto a las Juventudes Solidarias"},"content":{"rendered":"\n<p><\/p>\n\n\n\n<pre class=\"wp-block-code\"><code>Frente al comienzo de clases, el intendente de La Matanza, Fernando Espinoza visit\u00f3 una de las escuelas a las que el Municipio entreg\u00f3 pintura y materiales, y donde las y los j\u00f3venes participan de jornadas solidarias en las que colaboran con el mantenimiento y puesta en valor de las instituciones educativas. Adem\u00e1s, confirm\u00f3 que el Gobierno local continuar\u00e1 con la entrega de m\u00e1s de un mill\u00f3n de libros y manuales que realiza cada a\u00f1o, para todas las alumnas y alumnos de La Matanza, a pesar de la quita de fondos de la educaci\u00f3n que llev\u00f3 adelante el Gobierno de Milei en todos los municipios y la provincia.\n\nEn una jornada solidaria, el intendente de La Matanza y presidente de la Federaci\u00f3n Argentina de Municipios (FAM), Fernando Espinoza, visit\u00f3 a las y los j\u00f3venes de Centros de Estudiantes del distrito, que integran las Juventudes Solidarias, y participan de las jornadas de pintura y remodelaci\u00f3n en las escuelas de La Matanza, con el objetivo de que los establecimientos educativos se encuentren en las mejores condiciones para el comienzo del ciclo lectivo 2025. \u201cEstamos participando de una gran jornada solidaria en la que nuestros j\u00f3venes trabajan poniendo todo el coraz\u00f3n, atravesados por la vocaci\u00f3n de dar una mano a la comunidad, con mucho amor y empat\u00eda, pintando nuestras escuelas\u201d, remarc\u00f3 el Intendente. En la recorrida tambi\u00e9n estuvo presente la secretaria de Pol\u00edticas Educativas local, Silvina Gvirtz.\n\n\n\u201cLa escuela es nuestro segundo hogar. Cuando recorres las aulas, se nota el cuidado y la solidaridad que existe en cada acci\u00f3n\u201d, se\u00f1al\u00f3 Fernando Espinoza y remarc\u00f3: \u201cMe siento orgulloso de esta juventud que hoy me acompa\u00f1a porque ellos han elegido el camino de la solidaridad y la unidad, que es el \u00fanico camino a tomar para transformar la realidad\u201d.\n\n\nEn este contexto, el jefe comunal anunci\u00f3 que, una vez m\u00e1s, el Gobierno local har\u00e1 entrega de m\u00e1s de un mill\u00f3n de libros y manuales para todas las alumnas y alumnos de La Matanza. Adem\u00e1s, se\u00f1al\u00f3 que \u201cel a\u00f1o pasado conseguimos el boleto secundario para que ning\u00fan estudiante tenga que faltar a la escuela, porque su familia no tiene el dinero para que pueda concurrir\u201d y se\u00f1al\u00f3 que este a\u00f1o se van a seguir otorgando las becas para que todas las chicas y chicos puedan progresar en sus estudios.<\/code><\/pre>\n\n\n\n<p>Por \u00faltimo, Fernando Espinoza agradeci\u00f3 a todas las docentes y directoras, \u201cgracias a ellas y al esfuerzo colectivo, no les falta educaci\u00f3n ni tampoco el plato de comida a nuestros chicos\u201d, al remarcar la asistencia alimentaria que realiza el Municipio a las y los estudiantes de las escuelas, junto a la colaboraci\u00f3n de la comunidad educativa.<\/p>\n\n\n\n<pre class=\"wp-block-code\"><code>\u201cMientras Milei abandona, nosotros en La Matanza seguimos generando derechos, seguimos generando inclusi\u00f3n y seguimos invirtiendo\u201d, finaliz\u00f3 Fernando Espinoza. <\/code><\/pre>\n","protected":false},"excerpt":{"rendered":"<p>Por &uacute;ltimo, Fernando Espinoza agradeci&oacute; a todas las docentes y directoras, &ldquo;gracias a ellas y al esfuerzo colectivo, no les falta educaci&oacute;n ni tampoco el plato de comida a nuestros chicos&rdquo;, al remarcar la asistencia alimentaria que realiza el Municipio a las y los estudiantes de las escuelas, junto a la colaboraci&oacute;n de la comunidad &hellip; <\/p>\n","protected":false},"author":5,"featured_media":21349,"comment_status":"closed","ping_status":"closed","sticky":false,"template":"","format":"standard","meta":{"om_disable_all_campaigns":false,"_joinchat":[]},"categories":[26],"tags":[46,59,43],"featured_image_urls":{"full":["https:\/\/infotep.com.ar\/wp-content\/uploads\/2025\/03\/1.jpg",1366,911,false],"thumbnail":["https:\/\/infotep.com.ar\/wp-content\/uploads\/2025\/03\/1-150x150.jpg",150,150,true],"medium":["https:\/\/infotep.com.ar\/wp-content\/uploads\/2025\/03\/1-300x200.jpg",300,200,true],"medium_large":["https:\/\/infotep.com.ar\/wp-content\/uploads\/2025\/03\/1-768x512.jpg",768,512,true],"large":["https:\/\/infotep.com.ar\/wp-content\/uploads\/2025\/03\/1-1024x683.jpg",1020,680,true],"1536x1536":["https:\/\/infotep.com.ar\/wp-content\/uploads\/2025\/03\/1.jpg",1366,911,false],"2048x2048":["https:\/\/infotep.com.ar\/wp-content\/uploads\/2025\/03\/1.jpg",1366,911,false],"blossom-feminine-slider":["https:\/\/infotep.com.ar\/wp-content\/uploads\/2025\/03\/1-1366x649.jpg",1366,649,true],"blossom-feminine-featured":["https:\/\/infotep.com.ar\/wp-content\/uploads\/2025\/03\/1-1366x600.jpg",1366,600,true],"blossom-feminine-with-sidebar":["https:\/\/infotep.com.ar\/wp-content\/uploads\/2025\/03\/1-1020x600.jpg",1020,600,true],"blossom-feminine-blog":["https:\/\/infotep.com.ar\/wp-content\/uploads\/2025\/03\/1-435x435.jpg",435,435,true],"blossom-feminine-cat":["https:\/\/infotep.com.ar\/wp-content\/uploads\/2025\/03\/1-450x300.jpg",450,300,true],"blossom-feminine-related":["https:\/\/infotep.com.ar\/wp-content\/uploads\/2025\/03\/1-320x200.jpg",320,200,true],"blossom-feminine-schema":["https:\/\/infotep.com.ar\/wp-content\/uploads\/2025\/03\/1-90x60.jpg",90,60,true],"blossom-mommy-blog-slider-big":["https:\/\/infotep.com.ar\/wp-content\/uploads\/2025\/03\/1-920x650.jpg",920,650,true],"blossom-mommy-blog-slider":["https:\/\/infotep.com.ar\/wp-content\/uploads\/2025\/03\/1-460x310.jpg",460,310,true],"blossom-mommy-blog-two":["https:\/\/infotep.com.ar\/wp-content\/uploads\/2025\/03\/1-768x480.jpg",768,480,true]},"author_info":{"info":["Angela Tobar"]},"category_info":"<a href=\"https:\/\/infotep.com.ar\/index.php\/category\/municipales\/la-matanza\/\" rel=\"category tag\">La Matanza<\/a>","tag_info":"La Matanza","comment_count":"0","_links":{"self":[{"href":"https:\/\/infotep.com.ar\/index.php\/wp-json\/wp\/v2\/posts\/21348"}],"collection":[{"href":"https:\/\/infotep.com.ar\/index.php\/wp-json\/wp\/v2\/posts"}],"about":[{"href":"https:\/\/infotep.com.ar\/index.php\/wp-json\/wp\/v2\/types\/post"}],"author":[{"embeddable":true,"href":"https:\/\/infotep.com.ar\/index.php\/wp-json\/wp\/v2\/users\/5"}],"replies":[{"embeddable":true,"href":"https:\/\/infotep.com.ar\/index.php\/wp-json\/wp\/v2\/comments?post=21348"}],"version-history":[{"count":1,"href":"https:\/\/infotep.com.ar\/index.php\/wp-json\/wp\/v2\/posts\/21348\/revisions"}],"predecessor-version":[{"id":21350,"href":"https:\/\/infotep.com.ar\/index.php\/wp-json\/wp\/v2\/posts\/21348\/revisions\/21350"}],"wp:featuredmedia":[{"embeddable":true,"href":"https:\/\/infotep.com.ar\/index.php\/wp-json\/wp\/v2\/media\/21349"}],"wp:attachment":[{"href":"https:\/\/infotep.com.ar\/index.php\/wp-json\/wp\/v2\/media?parent=21348"}],"wp:term":[{"taxonomy":"category","embeddable":true,"href":"https:\/\/infotep.com.ar\/index.php\/wp-json\/wp\/v2\/categories?post=21348"},{"taxonomy":"post_tag","embeddable":true,"href":"https:\/\/infotep.com.ar\/index.php\/wp-json\/wp\/v2\/tags?post=21348"}],"curies":[{"name":"wp","href":"https:\/\/api.w.org\/{rel}","templated":true}]}}