{"id":21400,"date":"2025-03-05T13:52:42","date_gmt":"2025-03-05T16:52:42","guid":{"rendered":"https:\/\/infotep.com.ar\/?p=21400"},"modified":"2025-03-05T13:52:43","modified_gmt":"2025-03-05T16:52:43","slug":"medicos-renunciaron-al-ministerio-de-salud-denuncian-desmantelamiento-de-areas-de-vacunas-vih-tbc-y-lepra","status":"publish","type":"post","link":"https:\/\/infotep.com.ar\/index.php\/2025\/03\/05\/medicos-renunciaron-al-ministerio-de-salud-denuncian-desmantelamiento-de-areas-de-vacunas-vih-tbc-y-lepra\/","title":{"rendered":"M\u00e9dicos renunciaron al Ministerio de Salud: denuncian &#8220;desmantelamiento\u201d de \u00e1reas de Vacunas, VIH, TBC y Lepra"},"content":{"rendered":"\n<p>Profesionales de los sectores especializados comunicaron su desvinculaci\u00f3n por medio de una carta abierta. \u201cAcusan de ser \u2018\u00f1oquis\u2019 y \u2018casta\u2019 a personas altamente calificados y con una trayectoria incuestionable\u201d, manifestaron.<br><br>M\u00e9dicos y profesionales del Ministerio de Salud de la Naci\u00f3n presentaron su renuncia &#8220;ante el desmantelamiento\u201d en los sectores de Vacunas, VIH, Tuberculosis y Lepra.<\/p>\n\n\n\n<p>La m\u00e9dica infect\u00f3loga Carolina Selent indic\u00f3 que si bien \u201caman lo que hacen\u201d y que est\u00e1n \u201cdecididos\u201d que la salud p\u00fablica \u201ces el camino\u201d no pueden continuar con las direcciones en este estado porque hay \u201cdesinter\u00e9s y desconocimiento\u201d por parte del Gobierno del presidente Javier Milei.<\/p>\n\n\n\n<p><strong>\u201cHemos tenido cambios permanentes de autoridades que no llegan a interiorizarse sobre cu\u00e1les son las funciones de las direcciones. Incluso le han ofrecido la direcci\u00f3n a personas que no las han querido tomar por encontrarse bajo estas circunstancias\u201d, plante\u00f3 Selent.<\/strong><\/p>\n\n\n\n<p>Esta ma\u00f1ana, los profesionales de dichas \u00e1reas publicaron una carta abierta donde aseguraron que el Gobierno Nacional los acusa de ser \u201c\u00f1oquis y casta\u201d cuando son personas \u201caltamente calificados, reconocidos, y con una dedicaci\u00f3n y trayectoria incuestionables\u201d.<\/p>\n\n\n\n<p>\u201cPresentamos nuestra renuncia con profundo pesar ante el desmantelamiento de nuestras \u00e1reas, el grave riesgo cierto e inminente que esto implica para la salud p\u00fablica y el aumento de los costos a mediano y largo plazo que van a pagar de su bolsillo todos los contribuyentes\u201d, sostiene el comunicado.<\/p>\n\n\n\n<p>Asimismo, recordaron que, desde el inicio de este a\u00f1o, \u201cla incertidumbre\u201d sobre la continuidad de los equipos t\u00e9cnicos se tradujo en \u201crecortes alarmantes\u201d que el Gobierno \u201cdisfraza\u201d con el supuesto fin de terminar \u201ccon privilegios y curros\u201d.<\/p>\n\n\n\n<p>En la misma l\u00ednea, informaron que, en enero de este a\u00f1o (y en un contexto en el que se produjo un aumento de casos y muertes por tuberculosis y de nuevos diagn\u00f3sticos de VIH y hepatitis) se confirm\u00f3 la disoluci\u00f3n de las coordinaciones de Hepatitis Virales y Tuberculosis: \u201cEn pleno brote activo de sarampi\u00f3n y de hepatitis A, se redujo el 40% del equipo de VIH y del 30% del equipo de Vacunas\u201d, a\u00f1adieron.<\/p>\n\n\n\n<p>Adem\u00e1s, expresaron que la prevenci\u00f3n de dichas enfermedades \u201cno solo las evita\u201d sino que \u201csalva vidas\u201d y reduce \u201csignificativamente\u201d los costos en salud.<\/p>\n\n\n\n<p>\u201cLas decisiones actuales priorizan el ajuste a corto plazo en detrimento de las pol\u00edticas de prevenci\u00f3n y control, con consecuencias de alto costo sanitario y econ\u00f3mico, que son adem\u00e1s potencialmente irreversibles para la salud p\u00fablica. No vamos a ser parte de un Ministerio en el que los programas esenciales no pueden dar respuesta a las obligaciones b\u00e1sicas que marca la Ley. Nuestra renuncia es un acto de \u00e9tica m\u00e9dica, de responsabilidad c\u00edvica y profesional, y una advertencia urgente. La salud p\u00fablica no es un gasto: es una inversi\u00f3n en la vida y el bienestar de toda la sociedad\u201d, concluyeron.<\/p>\n","protected":false},"excerpt":{"rendered":"<p>Profesionales de los sectores especializados comunicaron su desvinculaci&oacute;n por medio de una carta abierta. &ldquo;Acusan de ser &lsquo;&ntilde;oquis&rsquo; y &lsquo;casta&rsquo; a personas altamente calificados y con una trayectoria incuestionable&rdquo;, manifestaron. M&eacute;dicos y profesionales del Ministerio de Salud de la Naci&oacute;n presentaron su renuncia &ldquo;ante el desmantelamiento&rdquo; en los sectores de Vacunas, VIH, Tuberculosis y Lepra. &hellip; <\/p>\n","protected":false},"author":5,"featured_media":21401,"comment_status":"closed","ping_status":"closed","sticky":false,"template":"","format":"standard","meta":{"om_disable_all_campaigns":false,"_joinchat":[]},"categories":[3],"tags":[46,43,569],"featured_image_urls":{"full":["https:\/\/infotep.com.ar\/wp-content\/uploads\/2025\/03\/medicos-paro.webp",1081,720,false],"thumbnail":["https:\/\/infotep.com.ar\/wp-content\/uploads\/2025\/03\/medicos-paro-150x150.webp",150,150,true],"medium":["https:\/\/infotep.com.ar\/wp-content\/uploads\/2025\/03\/medicos-paro-300x200.webp",300,200,true],"medium_large":["https:\/\/infotep.com.ar\/wp-content\/uploads\/2025\/03\/medicos-paro-768x512.webp",768,512,true],"large":["https:\/\/infotep.com.ar\/wp-content\/uploads\/2025\/03\/medicos-paro-1024x682.webp",1020,679,true],"1536x1536":["https:\/\/infotep.com.ar\/wp-content\/uploads\/2025\/03\/medicos-paro.webp",1081,720,false],"2048x2048":["https:\/\/infotep.com.ar\/wp-content\/uploads\/2025\/03\/medicos-paro.webp",1081,720,false],"blossom-feminine-slider":["https:\/\/infotep.com.ar\/wp-content\/uploads\/2025\/03\/medicos-paro-1081x649.webp",1081,649,true],"blossom-feminine-featured":["https:\/\/infotep.com.ar\/wp-content\/uploads\/2025\/03\/medicos-paro-1081x600.webp",1081,600,true],"blossom-feminine-with-sidebar":["https:\/\/infotep.com.ar\/wp-content\/uploads\/2025\/03\/medicos-paro-1020x600.webp",1020,600,true],"blossom-feminine-blog":["https:\/\/infotep.com.ar\/wp-content\/uploads\/2025\/03\/medicos-paro-435x435.webp",435,435,true],"blossom-feminine-cat":["https:\/\/infotep.com.ar\/wp-content\/uploads\/2025\/03\/medicos-paro-450x300.webp",450,300,true],"blossom-feminine-related":["https:\/\/infotep.com.ar\/wp-content\/uploads\/2025\/03\/medicos-paro-320x200.webp",320,200,true],"blossom-feminine-schema":["https:\/\/infotep.com.ar\/wp-content\/uploads\/2025\/03\/medicos-paro-90x60.webp",90,60,true],"blossom-mommy-blog-slider-big":["https:\/\/infotep.com.ar\/wp-content\/uploads\/2025\/03\/medicos-paro-920x650.webp",920,650,true],"blossom-mommy-blog-slider":["https:\/\/infotep.com.ar\/wp-content\/uploads\/2025\/03\/medicos-paro-460x310.webp",460,310,true],"blossom-mommy-blog-two":["https:\/\/infotep.com.ar\/wp-content\/uploads\/2025\/03\/medicos-paro-768x480.webp",768,480,true]},"author_info":{"info":["Angela Tobar"]},"category_info":"<a href=\"https:\/\/infotep.com.ar\/index.php\/category\/nacionales\/\" rel=\"category tag\">Nacionales<\/a>","tag_info":"Nacionales","comment_count":"0","_links":{"self":[{"href":"https:\/\/infotep.com.ar\/index.php\/wp-json\/wp\/v2\/posts\/21400"}],"collection":[{"href":"https:\/\/infotep.com.ar\/index.php\/wp-json\/wp\/v2\/posts"}],"about":[{"href":"https:\/\/infotep.com.ar\/index.php\/wp-json\/wp\/v2\/types\/post"}],"author":[{"embeddable":true,"href":"https:\/\/infotep.com.ar\/index.php\/wp-json\/wp\/v2\/users\/5"}],"replies":[{"embeddable":true,"href":"https:\/\/infotep.com.ar\/index.php\/wp-json\/wp\/v2\/comments?post=21400"}],"version-history":[{"count":1,"href":"https:\/\/infotep.com.ar\/index.php\/wp-json\/wp\/v2\/posts\/21400\/revisions"}],"predecessor-version":[{"id":21402,"href":"https:\/\/infotep.com.ar\/index.php\/wp-json\/wp\/v2\/posts\/21400\/revisions\/21402"}],"wp:featuredmedia":[{"embeddable":true,"href":"https:\/\/infotep.com.ar\/index.php\/wp-json\/wp\/v2\/media\/21401"}],"wp:attachment":[{"href":"https:\/\/infotep.com.ar\/index.php\/wp-json\/wp\/v2\/media?parent=21400"}],"wp:term":[{"taxonomy":"category","embeddable":true,"href":"https:\/\/infotep.com.ar\/index.php\/wp-json\/wp\/v2\/categories?post=21400"},{"taxonomy":"post_tag","embeddable":true,"href":"https:\/\/infotep.com.ar\/index.php\/wp-json\/wp\/v2\/tags?post=21400"}],"curies":[{"name":"wp","href":"https:\/\/api.w.org\/{rel}","templated":true}]}}