{"id":21427,"date":"2025-03-06T09:07:16","date_gmt":"2025-03-06T12:07:16","guid":{"rendered":"https:\/\/infotep.com.ar\/?p=21427"},"modified":"2025-03-10T14:33:37","modified_gmt":"2025-03-10T17:33:37","slug":"programa-entrelazos-en-moreno-nuevos-encuentros-para-asesoramiento-sobre-adopcion","status":"publish","type":"post","link":"https:\/\/infotep.com.ar\/index.php\/2025\/03\/06\/programa-entrelazos-en-moreno-nuevos-encuentros-para-asesoramiento-sobre-adopcion\/","title":{"rendered":"Programa EntreLazos en Moreno: Nuevos encuentros para asesoramiento sobre adopci\u00f3n"},"content":{"rendered":"\n<p>Espacios para despejar dudas y brindar herramientas sobre el proceso de adopci\u00f3n<\/p>\n\n\n\n<p>El Municipio de Moreno inform\u00f3 que contin\u00faa brindando espacios de informaci\u00f3n y orientaci\u00f3n para personas y familias interesadas en el proceso de adopci\u00f3n. A trav\u00e9s del Programa Entrelazos, se organizan jornadas de asesoramiento tanto presenciales como virtuales, con el objetivo de despejar dudas y brindar herramientas sobre el procedimiento en el distrito.<\/p>\n\n\n\n<p>Se llevar\u00e1n a cabo dos encuentros:<\/p>\n\n\n\n<ul>\n<li>Presencial: Jueves 6 de marzo a las 17 hs en Espa\u00f1a 332, Moreno.<\/li>\n\n\n\n<li>Virtual: martes 11 de marzo a las 17 hs. (El enlace ser\u00e1 enviado previamente a los inscriptos).<\/li>\n<\/ul>\n\n\n\n<p>Los talleres est\u00e1n dise\u00f1ados para ofrecer informaci\u00f3n clara y confiable, desmitificar creencias sobre la adopci\u00f3n y acompa\u00f1ar a quienes desean iniciar este camino. Para participar, es necesario completar un formulario de inscripci\u00f3n en el siguiente enlace:<a href=\"https:\/\/forms.gle\/8EXY4Hbmw6zAb7456\" target=\"_blank\" rel=\"noreferrer noopener\"> https:\/\/forms.gle\/8EXY4Hbmw6zAb7456<\/a><\/p>\n","protected":false},"excerpt":{"rendered":"<p>Espacios para despejar dudas y brindar herramientas sobre el proceso de adopci&oacute;n El Municipio de Moreno inform&oacute; que contin&uacute;a brindando espacios de informaci&oacute;n y orientaci&oacute;n para personas y familias interesadas en el proceso de adopci&oacute;n. A trav&eacute;s del Programa Entrelazos, se organizan jornadas de asesoramiento tanto presenciales como virtuales, con el objetivo de despejar dudas &hellip; <\/p>\n","protected":false},"author":5,"featured_media":17823,"comment_status":"closed","ping_status":"closed","sticky":false,"template":"","format":"standard","meta":{"om_disable_all_campaigns":false,"_joinchat":[]},"categories":[85],"tags":[46,107,43,569],"featured_image_urls":{"full":["https:\/\/infotep.com.ar\/wp-content\/uploads\/2024\/11\/adopcion.jpg",640,360,false],"thumbnail":["https:\/\/infotep.com.ar\/wp-content\/uploads\/2024\/11\/adopcion-150x150.jpg",150,150,true],"medium":["https:\/\/infotep.com.ar\/wp-content\/uploads\/2024\/11\/adopcion-300x169.jpg",300,169,true],"medium_large":["https:\/\/infotep.com.ar\/wp-content\/uploads\/2024\/11\/adopcion.jpg",640,360,false],"large":["https:\/\/infotep.com.ar\/wp-content\/uploads\/2024\/11\/adopcion.jpg",640,360,false],"1536x1536":["https:\/\/infotep.com.ar\/wp-content\/uploads\/2024\/11\/adopcion.jpg",640,360,false],"2048x2048":["https:\/\/infotep.com.ar\/wp-content\/uploads\/2024\/11\/adopcion.jpg",640,360,false],"blossom-feminine-slider":["https:\/\/infotep.com.ar\/wp-content\/uploads\/2024\/11\/adopcion.jpg",640,360,false],"blossom-feminine-featured":["https:\/\/infotep.com.ar\/wp-content\/uploads\/2024\/11\/adopcion.jpg",640,360,false],"blossom-feminine-with-sidebar":["https:\/\/infotep.com.ar\/wp-content\/uploads\/2024\/11\/adopcion.jpg",640,360,false],"blossom-feminine-blog":["https:\/\/infotep.com.ar\/wp-content\/uploads\/2024\/11\/adopcion-435x360.jpg",435,360,true],"blossom-feminine-cat":["https:\/\/infotep.com.ar\/wp-content\/uploads\/2024\/11\/adopcion-450x300.jpg",450,300,true],"blossom-feminine-related":["https:\/\/infotep.com.ar\/wp-content\/uploads\/2024\/11\/adopcion-320x200.jpg",320,200,true],"blossom-feminine-schema":["https:\/\/infotep.com.ar\/wp-content\/uploads\/2024\/11\/adopcion-107x60.jpg",107,60,true],"blossom-mommy-blog-slider-big":["https:\/\/infotep.com.ar\/wp-content\/uploads\/2024\/11\/adopcion.jpg",640,360,false],"blossom-mommy-blog-slider":["https:\/\/infotep.com.ar\/wp-content\/uploads\/2024\/11\/adopcion-460x310.jpg",460,310,true],"blossom-mommy-blog-two":["https:\/\/infotep.com.ar\/wp-content\/uploads\/2024\/11\/adopcion.jpg",640,360,false]},"author_info":{"info":["Angela Tobar"]},"category_info":"<a href=\"https:\/\/infotep.com.ar\/index.php\/category\/municipales\/moreno\/\" rel=\"category tag\">Moreno<\/a>","tag_info":"Moreno","comment_count":"0","_links":{"self":[{"href":"https:\/\/infotep.com.ar\/index.php\/wp-json\/wp\/v2\/posts\/21427"}],"collection":[{"href":"https:\/\/infotep.com.ar\/index.php\/wp-json\/wp\/v2\/posts"}],"about":[{"href":"https:\/\/infotep.com.ar\/index.php\/wp-json\/wp\/v2\/types\/post"}],"author":[{"embeddable":true,"href":"https:\/\/infotep.com.ar\/index.php\/wp-json\/wp\/v2\/users\/5"}],"replies":[{"embeddable":true,"href":"https:\/\/infotep.com.ar\/index.php\/wp-json\/wp\/v2\/comments?post=21427"}],"version-history":[{"count":1,"href":"https:\/\/infotep.com.ar\/index.php\/wp-json\/wp\/v2\/posts\/21427\/revisions"}],"predecessor-version":[{"id":21428,"href":"https:\/\/infotep.com.ar\/index.php\/wp-json\/wp\/v2\/posts\/21427\/revisions\/21428"}],"wp:featuredmedia":[{"embeddable":true,"href":"https:\/\/infotep.com.ar\/index.php\/wp-json\/wp\/v2\/media\/17823"}],"wp:attachment":[{"href":"https:\/\/infotep.com.ar\/index.php\/wp-json\/wp\/v2\/media?parent=21427"}],"wp:term":[{"taxonomy":"category","embeddable":true,"href":"https:\/\/infotep.com.ar\/index.php\/wp-json\/wp\/v2\/categories?post=21427"},{"taxonomy":"post_tag","embeddable":true,"href":"https:\/\/infotep.com.ar\/index.php\/wp-json\/wp\/v2\/tags?post=21427"}],"curies":[{"name":"wp","href":"https:\/\/api.w.org\/{rel}","templated":true}]}}