{"id":21526,"date":"2025-03-10T00:26:05","date_gmt":"2025-03-10T03:26:05","guid":{"rendered":"https:\/\/infotep.com.ar\/?p=21526"},"modified":"2025-03-10T14:34:02","modified_gmt":"2025-03-10T17:34:02","slug":"ituzaingo-centro-de-formacion-profesional-paula-albarracin-ofrece-curso-de-administracion-de-pymes","status":"publish","type":"post","link":"https:\/\/infotep.com.ar\/index.php\/2025\/03\/10\/ituzaingo-centro-de-formacion-profesional-paula-albarracin-ofrece-curso-de-administracion-de-pymes\/","title":{"rendered":"Ituzaing\u00f3: Centro de formaci\u00f3n profesional Paula Albarrac\u00edn ofrece curso de administraci\u00f3n de Pymes"},"content":{"rendered":"\n<p>Se encuentran abiertas las inscripciones al curso de Administraci\u00f3n de PyMES, que comienza el martes 18 de marzo, en el Centro de Formaci\u00f3n Profesional Paula Albarrac\u00edn (Las Heras 290 &#8211; 1\u00b0 piso), Ituzaing\u00f3.<\/p>\n\n\n\n<p>La propuesta, que se suma al resto de cursos del Ciclo Lectivo 2025, permite a las y los estudiantes sumar herramientas para la gesti\u00f3n financiera, la creaci\u00f3n de un plan de negocio y la puesta en marcha de estrategias de crecimiento, orientadas a microemprendimientos, peque\u00f1as y medianas empresas.<\/p>\n\n\n\n<p>Las y los interesados pueden inscribirse completando el formulario online que se encuentra en este enlace:<a href=\"https:\/\/bit.ly\/4itHprX\" target=\"_blank\" rel=\"noreferrer noopener\"> https:\/\/bit.ly\/4itHprX<\/a><\/p>\n\n\n\n<p>Tras completar el formulario, deber\u00e1n acercarse presencialmente al CFP Paula Albarrac\u00edn con original y copia del DNI y t\u00edtulo, y certificado de estudios (m\u00ednimo nivel requerido: primario).<\/p>\n\n\n\n<p>Las clases comienzan el martes 18 de marzo y se dictan cada martes y jueves, de 18:30 a 22hs en la sede del Centro de Formaci\u00f3n Profesional Paula Albarrac\u00edn.<\/p>\n","protected":false},"excerpt":{"rendered":"<p>Se encuentran abiertas las inscripciones al curso de Administraci&oacute;n de PyMES, que comienza el martes 18 de marzo, en el Centro de Formaci&oacute;n Profesional Paula Albarrac&iacute;n (Las Heras 290 &ndash; 1&deg; piso), Ituzaing&oacute;. La propuesta, que se suma al resto de cursos del Ciclo Lectivo 2025, permite a las y los estudiantes sumar herramientas para &hellip; <\/p>\n","protected":false},"author":5,"featured_media":21527,"comment_status":"closed","ping_status":"closed","sticky":false,"template":"","format":"standard","meta":{"om_disable_all_campaigns":false,"_joinchat":[]},"categories":[8],"tags":[46,43,569],"featured_image_urls":{"full":["https:\/\/infotep.com.ar\/wp-content\/uploads\/2025\/03\/CFP-PAULA-ALBARRACIN.jpg",1600,1200,false],"thumbnail":["https:\/\/infotep.com.ar\/wp-content\/uploads\/2025\/03\/CFP-PAULA-ALBARRACIN-150x150.jpg",150,150,true],"medium":["https:\/\/infotep.com.ar\/wp-content\/uploads\/2025\/03\/CFP-PAULA-ALBARRACIN-300x225.jpg",300,225,true],"medium_large":["https:\/\/infotep.com.ar\/wp-content\/uploads\/2025\/03\/CFP-PAULA-ALBARRACIN-768x576.jpg",768,576,true],"large":["https:\/\/infotep.com.ar\/wp-content\/uploads\/2025\/03\/CFP-PAULA-ALBARRACIN-1024x768.jpg",1020,765,true],"1536x1536":["https:\/\/infotep.com.ar\/wp-content\/uploads\/2025\/03\/CFP-PAULA-ALBARRACIN-1536x1152.jpg",1536,1152,true],"2048x2048":["https:\/\/infotep.com.ar\/wp-content\/uploads\/2025\/03\/CFP-PAULA-ALBARRACIN.jpg",1600,1200,false],"blossom-feminine-slider":["https:\/\/infotep.com.ar\/wp-content\/uploads\/2025\/03\/CFP-PAULA-ALBARRACIN-1600x649.jpg",1600,649,true],"blossom-feminine-featured":["https:\/\/infotep.com.ar\/wp-content\/uploads\/2025\/03\/CFP-PAULA-ALBARRACIN-1410x600.jpg",1410,600,true],"blossom-feminine-with-sidebar":["https:\/\/infotep.com.ar\/wp-content\/uploads\/2025\/03\/CFP-PAULA-ALBARRACIN-1020x600.jpg",1020,600,true],"blossom-feminine-blog":["https:\/\/infotep.com.ar\/wp-content\/uploads\/2025\/03\/CFP-PAULA-ALBARRACIN-435x435.jpg",435,435,true],"blossom-feminine-cat":["https:\/\/infotep.com.ar\/wp-content\/uploads\/2025\/03\/CFP-PAULA-ALBARRACIN-450x300.jpg",450,300,true],"blossom-feminine-related":["https:\/\/infotep.com.ar\/wp-content\/uploads\/2025\/03\/CFP-PAULA-ALBARRACIN-320x200.jpg",320,200,true],"blossom-feminine-schema":["https:\/\/infotep.com.ar\/wp-content\/uploads\/2025\/03\/CFP-PAULA-ALBARRACIN-80x60.jpg",80,60,true],"blossom-mommy-blog-slider-big":["https:\/\/infotep.com.ar\/wp-content\/uploads\/2025\/03\/CFP-PAULA-ALBARRACIN-920x650.jpg",920,650,true],"blossom-mommy-blog-slider":["https:\/\/infotep.com.ar\/wp-content\/uploads\/2025\/03\/CFP-PAULA-ALBARRACIN-460x310.jpg",460,310,true],"blossom-mommy-blog-two":["https:\/\/infotep.com.ar\/wp-content\/uploads\/2025\/03\/CFP-PAULA-ALBARRACIN-768x480.jpg",768,480,true]},"author_info":{"info":["Angela Tobar"]},"category_info":"<a href=\"https:\/\/infotep.com.ar\/index.php\/category\/municipales\/ituzaingo\/\" rel=\"category tag\">Ituzaing\u00f3<\/a>","tag_info":"Ituzaing\u00f3","comment_count":"0","_links":{"self":[{"href":"https:\/\/infotep.com.ar\/index.php\/wp-json\/wp\/v2\/posts\/21526"}],"collection":[{"href":"https:\/\/infotep.com.ar\/index.php\/wp-json\/wp\/v2\/posts"}],"about":[{"href":"https:\/\/infotep.com.ar\/index.php\/wp-json\/wp\/v2\/types\/post"}],"author":[{"embeddable":true,"href":"https:\/\/infotep.com.ar\/index.php\/wp-json\/wp\/v2\/users\/5"}],"replies":[{"embeddable":true,"href":"https:\/\/infotep.com.ar\/index.php\/wp-json\/wp\/v2\/comments?post=21526"}],"version-history":[{"count":1,"href":"https:\/\/infotep.com.ar\/index.php\/wp-json\/wp\/v2\/posts\/21526\/revisions"}],"predecessor-version":[{"id":21528,"href":"https:\/\/infotep.com.ar\/index.php\/wp-json\/wp\/v2\/posts\/21526\/revisions\/21528"}],"wp:featuredmedia":[{"embeddable":true,"href":"https:\/\/infotep.com.ar\/index.php\/wp-json\/wp\/v2\/media\/21527"}],"wp:attachment":[{"href":"https:\/\/infotep.com.ar\/index.php\/wp-json\/wp\/v2\/media?parent=21526"}],"wp:term":[{"taxonomy":"category","embeddable":true,"href":"https:\/\/infotep.com.ar\/index.php\/wp-json\/wp\/v2\/categories?post=21526"},{"taxonomy":"post_tag","embeddable":true,"href":"https:\/\/infotep.com.ar\/index.php\/wp-json\/wp\/v2\/tags?post=21526"}],"curies":[{"name":"wp","href":"https:\/\/api.w.org\/{rel}","templated":true}]}}