{"id":21529,"date":"2025-03-10T00:32:43","date_gmt":"2025-03-10T03:32:43","guid":{"rendered":"https:\/\/infotep.com.ar\/?p=21529"},"modified":"2025-03-10T00:32:44","modified_gmt":"2025-03-10T03:32:44","slug":"mas-de-18-mil-personas-participaron-en-ituzaingo-de-la-maraton-correr-por-mas-derechos-y-mas-igualdad","status":"publish","type":"post","link":"https:\/\/infotep.com.ar\/index.php\/2025\/03\/10\/mas-de-18-mil-personas-participaron-en-ituzaingo-de-la-maraton-correr-por-mas-derechos-y-mas-igualdad\/","title":{"rendered":"M\u00e1s de 18 mil personas participaron en Ituzaing\u00f3 de la marat\u00f3n correr por m\u00e1s derechos y m\u00e1s igualdad"},"content":{"rendered":"\n<p>En una jornada soleada que convoc\u00f3 a miles de familias en conmemoraci\u00f3n del D\u00eda Internacional de la Mujer Trabajadora, el Municipio de Ituzaing\u00f3 realiz\u00f3 la 12\u00b0 edici\u00f3n de la marat\u00f3n \u201cCorremos por M\u00e1s Derechos y M\u00e1s Igualdad\u201d, la cl\u00e1sica carrera que, a\u00f1o tras a\u00f1o, levanta la bandera de la inclusi\u00f3n, por un Ituzaing\u00f3 libre de violencias.<\/p>\n\n\n\n<p><strong>La actividad, que tuvo lugar el domingo 9 de marzo cerca de las 7.30hs en la Plaza 20 de Febrero (Soler y Zufriategui), reuni\u00f3 a vecinos y vecinas de diferentes puntos que, acompa\u00f1ados por los profesores del equipo de Deportes del Municipio, iniciaron la entrada en calor grupal, previa a la tan ansiada largada. En esta nueva edici\u00f3n, la convocatoria super\u00f3 los 18 mil corredores y corredoras, quienes participaron en las categor\u00edas de 10km, 3km y 1km kids.<\/strong><\/p>\n\n\n\n<p class=\"has-light-green-cyan-background-color has-background\">Al respecto, el intendente Pablo Descalzo, destac\u00f3: \u201cEs una ma\u00f1ana de mucha alegr\u00eda para nosotros y para las familias, con quienes compartimos esta marat\u00f3n que ya es una muestra m\u00e1s del Ituzaing\u00f3 solidario, inclusivo y comprometido que somos\u201d. Y agreg\u00f3: \u201cEsa es la ciudad que queremos construir y la que elegimos dejarle a nuestros hijos, hijas, nietos\u2026 un Ituzaing\u00f3 con espacios que promueven la diversidad, las oportunidades, y que mira al futuro sembrando igualdad y promoviendo valores.\u201d.<\/p>\n\n\n\n<p>A su vez, Jorgelina Paola, subsecretaria del Consejo de Mujeres, G\u00e9neros, Diversidad, Ni\u00f1eces y Adolescencias, se\u00f1al\u00f3: \u201cEste domingo, como hace 12 a\u00f1os, corremos la marat\u00f3n por m\u00e1s derechos y m\u00e1s igualdad, en el marco del 8 de marzo, reivindicando la importancia de las pol\u00edticas p\u00fablicas en cuestiones de g\u00e9nero, y un Estado presente, que nos permita construir juntos y juntas un Ituzaing\u00f3 m\u00e1s justo e igualitario\u201d.<\/p>\n\n\n\n<figure class=\"wp-block-image size-full\"><img decoding=\"async\" loading=\"lazy\" width=\"1024\" height=\"683\" src=\"https:\/\/infotep.com.ar\/wp-content\/uploads\/2025\/03\/MARATON-2025.jpg\" alt=\"\" class=\"wp-image-21531\" srcset=\"https:\/\/infotep.com.ar\/wp-content\/uploads\/2025\/03\/MARATON-2025.jpg 1024w, https:\/\/infotep.com.ar\/wp-content\/uploads\/2025\/03\/MARATON-2025-300x200.jpg 300w, https:\/\/infotep.com.ar\/wp-content\/uploads\/2025\/03\/MARATON-2025-768x512.jpg 768w, https:\/\/infotep.com.ar\/wp-content\/uploads\/2025\/03\/MARATON-2025-450x300.jpg 450w, https:\/\/infotep.com.ar\/wp-content\/uploads\/2025\/03\/MARATON-2025-90x60.jpg 90w\" sizes=\"(max-width: 1024px) 100vw, 1024px\" \/><\/figure>\n\n\n\n<p>Al finalizar la carrera, durante la premiaci\u00f3n, el Gobierno Municipal entreg\u00f3 un reconocimiento por su trayectoria y compromiso a cargo de la promoci\u00f3n de pol\u00edticas de g\u00e9nero, a la senadora mandato cumplido, Marta P\u00e9rez, quien fue a su vez directora ejecutiva del Consejo de Mujeres.<\/p>\n\n\n\n<p><strong>Durante la jornada estuvo presente el stand de la FM 89.3 La Radio P\u00fablica del Oeste, y adem\u00e1s los diferentes sponsors y marcas que acompa\u00f1aron el desarrollo de la carrera. A lo largo del recorrido, el Municipio habilit\u00f3 diversos puntos de hidrataci\u00f3n, con frutas y agua, junto a los equipos de la Secretar\u00eda de Salud, para brindar asistencia y garantizar una carrera segura para toda la familia.<\/strong><\/p>\n","protected":false},"excerpt":{"rendered":"<p>En una jornada soleada que convoc&oacute; a miles de familias en conmemoraci&oacute;n del D&iacute;a Internacional de la Mujer Trabajadora, el Municipio de Ituzaing&oacute; realiz&oacute; la 12&deg; edici&oacute;n de la marat&oacute;n &ldquo;Corremos por M&aacute;s Derechos y M&aacute;s Igualdad&rdquo;, la cl&aacute;sica carrera que, a&ntilde;o tras a&ntilde;o, levanta la bandera de la inclusi&oacute;n, por un Ituzaing&oacute; libre de &hellip; <\/p>\n","protected":false},"author":5,"featured_media":21530,"comment_status":"closed","ping_status":"closed","sticky":false,"template":"","format":"standard","meta":{"om_disable_all_campaigns":false,"_joinchat":[]},"categories":[31,8],"tags":[46,51],"featured_image_urls":{"full":["https:\/\/infotep.com.ar\/wp-content\/uploads\/2025\/03\/maraton.jpg",800,534,false],"thumbnail":["https:\/\/infotep.com.ar\/wp-content\/uploads\/2025\/03\/maraton-150x150.jpg",150,150,true],"medium":["https:\/\/infotep.com.ar\/wp-content\/uploads\/2025\/03\/maraton-300x200.jpg",300,200,true],"medium_large":["https:\/\/infotep.com.ar\/wp-content\/uploads\/2025\/03\/maraton-768x513.jpg",768,513,true],"large":["https:\/\/infotep.com.ar\/wp-content\/uploads\/2025\/03\/maraton.jpg",800,534,false],"1536x1536":["https:\/\/infotep.com.ar\/wp-content\/uploads\/2025\/03\/maraton.jpg",800,534,false],"2048x2048":["https:\/\/infotep.com.ar\/wp-content\/uploads\/2025\/03\/maraton.jpg",800,534,false],"blossom-feminine-slider":["https:\/\/infotep.com.ar\/wp-content\/uploads\/2025\/03\/maraton.jpg",800,534,false],"blossom-feminine-featured":["https:\/\/infotep.com.ar\/wp-content\/uploads\/2025\/03\/maraton.jpg",800,534,false],"blossom-feminine-with-sidebar":["https:\/\/infotep.com.ar\/wp-content\/uploads\/2025\/03\/maraton.jpg",800,534,false],"blossom-feminine-blog":["https:\/\/infotep.com.ar\/wp-content\/uploads\/2025\/03\/maraton-435x435.jpg",435,435,true],"blossom-feminine-cat":["https:\/\/infotep.com.ar\/wp-content\/uploads\/2025\/03\/maraton-450x300.jpg",450,300,true],"blossom-feminine-related":["https:\/\/infotep.com.ar\/wp-content\/uploads\/2025\/03\/maraton-320x200.jpg",320,200,true],"blossom-feminine-schema":["https:\/\/infotep.com.ar\/wp-content\/uploads\/2025\/03\/maraton-90x60.jpg",90,60,true],"blossom-mommy-blog-slider-big":["https:\/\/infotep.com.ar\/wp-content\/uploads\/2025\/03\/maraton.jpg",800,534,false],"blossom-mommy-blog-slider":["https:\/\/infotep.com.ar\/wp-content\/uploads\/2025\/03\/maraton-460x310.jpg",460,310,true],"blossom-mommy-blog-two":["https:\/\/infotep.com.ar\/wp-content\/uploads\/2025\/03\/maraton-768x480.jpg",768,480,true]},"author_info":{"info":["Angela Tobar"]},"category_info":"<a href=\"https:\/\/infotep.com.ar\/index.php\/category\/destacadas\/\" rel=\"category tag\">Destacadas<\/a> <a href=\"https:\/\/infotep.com.ar\/index.php\/category\/municipales\/ituzaingo\/\" rel=\"category tag\">Ituzaing\u00f3<\/a>","tag_info":"Ituzaing\u00f3","comment_count":"0","_links":{"self":[{"href":"https:\/\/infotep.com.ar\/index.php\/wp-json\/wp\/v2\/posts\/21529"}],"collection":[{"href":"https:\/\/infotep.com.ar\/index.php\/wp-json\/wp\/v2\/posts"}],"about":[{"href":"https:\/\/infotep.com.ar\/index.php\/wp-json\/wp\/v2\/types\/post"}],"author":[{"embeddable":true,"href":"https:\/\/infotep.com.ar\/index.php\/wp-json\/wp\/v2\/users\/5"}],"replies":[{"embeddable":true,"href":"https:\/\/infotep.com.ar\/index.php\/wp-json\/wp\/v2\/comments?post=21529"}],"version-history":[{"count":1,"href":"https:\/\/infotep.com.ar\/index.php\/wp-json\/wp\/v2\/posts\/21529\/revisions"}],"predecessor-version":[{"id":21532,"href":"https:\/\/infotep.com.ar\/index.php\/wp-json\/wp\/v2\/posts\/21529\/revisions\/21532"}],"wp:featuredmedia":[{"embeddable":true,"href":"https:\/\/infotep.com.ar\/index.php\/wp-json\/wp\/v2\/media\/21530"}],"wp:attachment":[{"href":"https:\/\/infotep.com.ar\/index.php\/wp-json\/wp\/v2\/media?parent=21529"}],"wp:term":[{"taxonomy":"category","embeddable":true,"href":"https:\/\/infotep.com.ar\/index.php\/wp-json\/wp\/v2\/categories?post=21529"},{"taxonomy":"post_tag","embeddable":true,"href":"https:\/\/infotep.com.ar\/index.php\/wp-json\/wp\/v2\/tags?post=21529"}],"curies":[{"name":"wp","href":"https:\/\/api.w.org\/{rel}","templated":true}]}}