{"id":21533,"date":"2025-03-10T00:35:00","date_gmt":"2025-03-10T03:35:00","guid":{"rendered":"https:\/\/infotep.com.ar\/?p=21533"},"modified":"2025-03-10T00:35:00","modified_gmt":"2025-03-10T03:35:00","slug":"en-la-matanza-podes-aprender-oficios-con-certificacion-oficial-y-rapida-salida-laboral","status":"publish","type":"post","link":"https:\/\/infotep.com.ar\/index.php\/2025\/03\/10\/en-la-matanza-podes-aprender-oficios-con-certificacion-oficial-y-rapida-salida-laboral\/","title":{"rendered":"En La Matanza pod\u00e9s aprender oficios con certificaci\u00f3n oficial y r\u00e1pida salida laboral"},"content":{"rendered":"\n<p>Las Escuelas de Oficios y los Centros de Formaci\u00f3n Profesional son dos iniciativas que promueve el Gobierno local, a trav\u00e9s de la Secretar\u00eda de Producci\u00f3n, para que j\u00f3venes y personas adultas cuenten con herramientas de desarrollo que les brinden nuevas oportunidades laborales.<\/p>\n\n\n\n<p><strong>Desde el 07 de marzo hasta el 22 de marzo estar\u00e1 abierta la inscripci\u00f3n para los cursos que se dictan en las Escuelas de Oficios de La Matanza, en articulaci\u00f3n con la Universidad Tecnol\u00f3gica Nacional (UTN); las clases comienzan el 31 de marzo. En tanto, en los Centros de Formaci\u00f3n Profesional, podr\u00e1n inscribirse, de manera presencial en las sedes donde se dictan los cursos, hasta el 14 de marzo; las clases comienzan el 17 de marzo. Las dos propuestas son con cupo limitado y extienden certificaci\u00f3n oficial.<\/strong><\/p>\n\n\n\n<p>Las Escuelas de Oficios tienen como objetivo general ofrecer cursos de capacitaci\u00f3n de 64 horas de duraci\u00f3n, totalmente gratuitos y con un t\u00edtulo certificado por la UTN, destinados a todas aquellas personas que quieran adquirir los conocimientos necesarios para integrarse r\u00e1pidamente al mercado laboral, no existe l\u00edmite de edad, ni hacen falta estudios previos. Y este a\u00f1o tienen la particularidad de incorporar a las localidades del primer cord\u00f3n del distrito, como sedes.<\/p>\n\n\n\n<p>Este 2025, ser\u00e1n 15 las sedes de las Escuelas de Oficios, donde se dictar\u00e1n 6 cursos de capacitaci\u00f3n en cada una, con un m\u00ednimo de 20 estudiantes por curso, y alcanzado una oferta educativa de 90 cursos en total, distribuidos por toda La Matanza.<\/p>\n\n\n\n<p>En ese sentido y para llegar a toda la comunidad local, las Escuelas de Oficios funcionar\u00e1n en los siguientes lugares:<\/p>\n\n\n\n<p>\u2022 CFP N\u00b0 427 (Isidro Casanova)<\/p>\n\n\n\n<p>\u2022 CFP N\u00b0 424 (Penal N\u00b0 43 de Gonz\u00e1lez Cat\u00e1n)<\/p>\n\n\n\n<p>\u2022 CFL N\u00b0 410 (Rafael Castillo)<\/p>\n\n\n\n<p>\u2022 CFP N\u00b0401(Villa Luzuriaga)<\/p>\n\n\n\n<p>\u2022 CFP N\u00b0 423 (Isidro Casanova)<\/p>\n\n\n\n<p>\u2022 Obradores municipales El Torero (Rafael Castillo) y Acuario (Gonz\u00e1lez Cat\u00e1n)<\/p>\n\n\n\n<p>\u2022 Aer\u00f3dromo de Gregorio de Laferrere<\/p>\n\n\n\n<p>\u2022 Casa de la Cultura de Ramos Mej\u00eda<\/p>\n\n\n\n<p>\u2022 Casa de la Cultura de Gregorio de Laferrere<\/p>\n\n\n\n<p>\u2022 Sede de Envi\u00f3n en Gregorio de Laferrere<\/p>\n\n\n\n<p>Las y los interesados podr\u00e1n preinscribirse ingresando a la p\u00e1gina web: <a href=\"https:\/\/produccion.lamatanza.gob.ar\/oficios\/portal\/\" target=\"_blank\" rel=\"noreferrer noopener\">https:\/\/produccion.lamatanza.gob.ar\/oficios\/portal\/<\/a><\/p>\n\n\n\n<p><\/p>\n","protected":false},"excerpt":{"rendered":"<p>Las Escuelas de Oficios y los Centros de Formaci&oacute;n Profesional son dos iniciativas que promueve el Gobierno local, a trav&eacute;s de la Secretar&iacute;a de Producci&oacute;n, para que j&oacute;venes y personas adultas cuenten con herramientas de desarrollo que les brinden nuevas oportunidades laborales. Desde el 07 de marzo hasta el 22 de marzo estar&aacute; abierta la &hellip; <\/p>\n","protected":false},"author":5,"featured_media":21534,"comment_status":"closed","ping_status":"closed","sticky":false,"template":"","format":"standard","meta":{"om_disable_all_campaigns":false,"_joinchat":[]},"categories":[26],"tags":[46,43,569],"featured_image_urls":{"full":["https:\/\/infotep.com.ar\/wp-content\/uploads\/2025\/03\/042-Oficios-2.jpeg",1600,1066,false],"thumbnail":["https:\/\/infotep.com.ar\/wp-content\/uploads\/2025\/03\/042-Oficios-2-150x150.jpeg",150,150,true],"medium":["https:\/\/infotep.com.ar\/wp-content\/uploads\/2025\/03\/042-Oficios-2-300x200.jpeg",300,200,true],"medium_large":["https:\/\/infotep.com.ar\/wp-content\/uploads\/2025\/03\/042-Oficios-2-768x512.jpeg",768,512,true],"large":["https:\/\/infotep.com.ar\/wp-content\/uploads\/2025\/03\/042-Oficios-2-1024x682.jpeg",1020,679,true],"1536x1536":["https:\/\/infotep.com.ar\/wp-content\/uploads\/2025\/03\/042-Oficios-2-1536x1023.jpeg",1536,1023,true],"2048x2048":["https:\/\/infotep.com.ar\/wp-content\/uploads\/2025\/03\/042-Oficios-2.jpeg",1600,1066,false],"blossom-feminine-slider":["https:\/\/infotep.com.ar\/wp-content\/uploads\/2025\/03\/042-Oficios-2-1600x649.jpeg",1600,649,true],"blossom-feminine-featured":["https:\/\/infotep.com.ar\/wp-content\/uploads\/2025\/03\/042-Oficios-2-1410x600.jpeg",1410,600,true],"blossom-feminine-with-sidebar":["https:\/\/infotep.com.ar\/wp-content\/uploads\/2025\/03\/042-Oficios-2-1020x600.jpeg",1020,600,true],"blossom-feminine-blog":["https:\/\/infotep.com.ar\/wp-content\/uploads\/2025\/03\/042-Oficios-2-435x435.jpeg",435,435,true],"blossom-feminine-cat":["https:\/\/infotep.com.ar\/wp-content\/uploads\/2025\/03\/042-Oficios-2-450x300.jpeg",450,300,true],"blossom-feminine-related":["https:\/\/infotep.com.ar\/wp-content\/uploads\/2025\/03\/042-Oficios-2-320x200.jpeg",320,200,true],"blossom-feminine-schema":["https:\/\/infotep.com.ar\/wp-content\/uploads\/2025\/03\/042-Oficios-2-90x60.jpeg",90,60,true],"blossom-mommy-blog-slider-big":["https:\/\/infotep.com.ar\/wp-content\/uploads\/2025\/03\/042-Oficios-2-920x650.jpeg",920,650,true],"blossom-mommy-blog-slider":["https:\/\/infotep.com.ar\/wp-content\/uploads\/2025\/03\/042-Oficios-2-460x310.jpeg",460,310,true],"blossom-mommy-blog-two":["https:\/\/infotep.com.ar\/wp-content\/uploads\/2025\/03\/042-Oficios-2-768x480.jpeg",768,480,true]},"author_info":{"info":["Angela Tobar"]},"category_info":"<a href=\"https:\/\/infotep.com.ar\/index.php\/category\/municipales\/la-matanza\/\" rel=\"category tag\">La Matanza<\/a>","tag_info":"La Matanza","comment_count":"0","_links":{"self":[{"href":"https:\/\/infotep.com.ar\/index.php\/wp-json\/wp\/v2\/posts\/21533"}],"collection":[{"href":"https:\/\/infotep.com.ar\/index.php\/wp-json\/wp\/v2\/posts"}],"about":[{"href":"https:\/\/infotep.com.ar\/index.php\/wp-json\/wp\/v2\/types\/post"}],"author":[{"embeddable":true,"href":"https:\/\/infotep.com.ar\/index.php\/wp-json\/wp\/v2\/users\/5"}],"replies":[{"embeddable":true,"href":"https:\/\/infotep.com.ar\/index.php\/wp-json\/wp\/v2\/comments?post=21533"}],"version-history":[{"count":1,"href":"https:\/\/infotep.com.ar\/index.php\/wp-json\/wp\/v2\/posts\/21533\/revisions"}],"predecessor-version":[{"id":21535,"href":"https:\/\/infotep.com.ar\/index.php\/wp-json\/wp\/v2\/posts\/21533\/revisions\/21535"}],"wp:featuredmedia":[{"embeddable":true,"href":"https:\/\/infotep.com.ar\/index.php\/wp-json\/wp\/v2\/media\/21534"}],"wp:attachment":[{"href":"https:\/\/infotep.com.ar\/index.php\/wp-json\/wp\/v2\/media?parent=21533"}],"wp:term":[{"taxonomy":"category","embeddable":true,"href":"https:\/\/infotep.com.ar\/index.php\/wp-json\/wp\/v2\/categories?post=21533"},{"taxonomy":"post_tag","embeddable":true,"href":"https:\/\/infotep.com.ar\/index.php\/wp-json\/wp\/v2\/tags?post=21533"}],"curies":[{"name":"wp","href":"https:\/\/api.w.org\/{rel}","templated":true}]}}