{"id":2157,"date":"2022-11-16T00:48:01","date_gmt":"2022-11-16T03:48:01","guid":{"rendered":"https:\/\/infotep.com.ar\/?p=2157"},"modified":"2022-11-18T23:12:05","modified_gmt":"2022-11-19T02:12:05","slug":"semana-de-la-cultura-en-la-matanza","status":"publish","type":"post","link":"https:\/\/infotep.com.ar\/index.php\/2022\/11\/16\/semana-de-la-cultura-en-la-matanza\/","title":{"rendered":"Semana de la cultura en La Matanza"},"content":{"rendered":"\n<p>Con el objetivo de dar visibilidad\u00a0a la amplia producci\u00f3n art\u00edstica local, y como parte de\u00a0la agenda de actividades culturales que organiza la\u00a0Secretar\u00eda de Cultura y Educaci\u00f3n de La Matanza, se\u00a0llevar\u00e1 a cabo una nueva edici\u00f3n de\u00a0\u201cPunto de Encuentro\u201d, con entrada libre y gratuita.<\/p>\n\n\n\n<p class=\"has-light-green-cyan-background-color has-background\">Del 14 al 20 de noviembre, las diferentes localidades del distrito ser\u00e1n protagonistas de una agenda de actividades culturales abiertas a la comunidad, que reunir\u00e1 artistas de diversas disciplinas para compartir junto a los vecinos los espacios culturales de La Matanza, los cuales se convertir\u00e1n en verdaderos \u201cPuntos de Encuentro\u201d.<\/p>\n\n\n\n<p>Ser\u00e1 una semana dedicada exclusivamente a la cultura del distrito en la que el p\u00fablico podr\u00e1 encontrarse con las distintas expresiones art\u00edsticas que conviven en las diferentes Casas de Cultura Municipales y otros espacios abiertos a la comunidad, a trav\u00e9s de m\u00faltiples propuestas entre las que se incluir\u00e1n\u00a0clases abiertas, conciertos,\u00a0muestras de tango\u00a0y\u00a0folklore,\u00a0teatro,\u00a0talleres abiertos, murales, graffiti, jornadas participativas, exposiciones de artistas visuales\u00a0y mucho m\u00e1s.<\/p>\n\n\n\n<p>&nbsp;Asimismo, como actividades destacadas de esta edici\u00f3n, tendr\u00e1n lugar la Inauguraci\u00f3n del&nbsp;1\u00b0 Sal\u00f3n de Artes Visuales de La Matanza,&nbsp;el&nbsp;4 \u00aa Encuentro de Graffiti de La Matanza&nbsp;y el&nbsp;1\u00ba Encuentro de Escultores de La Matanza, que se realizar\u00e1n en el marco del ciclo.&nbsp;De esta manera, durante la semana de la cultura, las localidades de&nbsp;Tapiales,&nbsp;Virrey del Pino,&nbsp;Gonz\u00e1lez Cat\u00e1n, Gregorio de Laferrere,&nbsp;Rafael Castillo,&nbsp;Isidro Casanova,&nbsp;Ciudad Evita,&nbsp;Villa Luzuriaga,&nbsp;Ciudad Madero,&nbsp;San Justo&nbsp;y&nbsp;Ramos Mej\u00eda&nbsp;se convertir\u00e1n en verdaderos&nbsp;\u201cPuntos de Encuentro\u201d&nbsp;entre los artistas locales y la comunidad, revalorizando al arte como una herramienta de integraci\u00f3n social, y al mismo tiempo, fortaleciendo los lazos de uni\u00f3n entre todos los habitantes de La Matanza.<\/p>\n\n\n\n<p><strong><u>Punto de Encuentro \u2013 Semana de la Cultura en La Matanza<\/u><\/strong><\/p>\n\n\n\n<p>\uf0b7\u00a0\u00a0\u00a0\u00a0\u00a0\u00a0\u00a0\u00a0\u00a0<strong>Mi\u00e9rcoles 16 de noviembre<\/strong><br><strong>14h &#8211;\u00a0<\/strong>Clases abiertas de Danza Jazz y Danza Cl\u00e1sica (Prof: B\u00e1rbara Castells)<\/p>\n\n\n\n<p><strong>Lugar:<\/strong>&nbsp;Casa de Cultura \u201cEl Hornero\u201d, La Quilla y El Tibur\u00f3n,&nbsp;<strong>Ciudad Evita<\/strong><\/p>\n\n\n\n<p><strong>14h &#8211;<\/strong>Clases abiertas de Canto, Artes pl\u00e1sticas y Guitarra<\/p>\n\n\n\n<p><strong>Lugar:&nbsp;<\/strong>Casa de Cultura \u201cPierina Dealessi\u201d,&nbsp;Labard\u00e9n 5395,&nbsp;<strong>Villa Luzuriaga<\/strong><\/p>\n\n\n\n<p><strong>14h &#8211;&nbsp;<\/strong>Mural en vivo, Taller de Crochet y Tejido, Clase de Dibujo y pintura<\/p>\n\n\n\n<p><strong>Lugar:&nbsp;<\/strong>Casa de Cultura \u201cJos\u00e9 Hern\u00e1ndez\u201d, Lan\u00edn 2206,&nbsp;<strong>Rafael Castillo<\/strong><\/p>\n\n\n\n<p>\uf0b7&nbsp;&nbsp;&nbsp;&nbsp;&nbsp;&nbsp;&nbsp;&nbsp;&nbsp;<strong>Jueves 17 de noviembre<\/strong><\/p>\n\n\n\n<p><strong>10h &#8211;&nbsp;<\/strong>Taller Folkl\u00f3rico, Taller de Canto, Clase de Tango, Charlas sobre Soberan\u00eda Nacional y Malvinas, Visita Guiada y Show musical de Flor Mart\u00ednez y Cierre de Tom\u00e1s Zacar\u00edas<\/p>\n\n\n\n<p><strong>Lugar:<\/strong>&nbsp;Museo Hist\u00f3rico Municipal \u201cBrig. Don Juan Manuel de Rosas\u201d,&nbsp;M\u00e1ximo Herrera 5700 Km 40, ruta 3,&nbsp;<strong>Virrey del Pino<\/strong>.<\/p>\n\n\n\n<p><strong>15h &#8211; Pe\u00f1a Folkl\u00f3rica<\/strong><\/p>\n\n\n\n<p><strong>Lugar:<\/strong>&nbsp;Casa de Cultura de Isidro Casanova, Tokio y Ruta 3,&nbsp;<strong>Isidro Casanova<\/strong><\/p>\n\n\n\n<p><strong>16:30h &#8211;&nbsp;<\/strong>Narraci\u00f3n para ni\u00f1os<\/p>\n\n\n\n<p><strong>Lugar:&nbsp;<\/strong>Biblioteca Popular y Centro Cultural \u201cJos\u00e9 Manuel Estrada\u201d, Araoz 553,&nbsp;<strong>Ciudad Madero<\/strong><\/p>\n\n\n\n<p><strong>18h &#8211;&nbsp;<\/strong>Encuentro \u201cApalabrarte\u201d (para chicos de 8 a 12 a\u00f1os)<\/p>\n\n\n\n<p><strong>Lugar:&nbsp;<\/strong>Biblioteca Popular \u201cVirrey del Pino\u201d, M\u00e1ximo Herrera 5700 (Esq. Av. Juan Manuel de Rosas, Km 40),&nbsp;<strong>Virrey del Pino.<\/strong><\/p>\n\n\n\n<p>\uf0b7&nbsp;&nbsp;&nbsp;&nbsp;&nbsp;&nbsp;&nbsp;&nbsp;&nbsp;<strong>Viernes 18 de noviembre&nbsp;&nbsp;&nbsp;&nbsp;&nbsp;<\/strong><\/p>\n\n\n\n<p><strong>10h a 20h &#8211;<\/strong>&nbsp;Exposici\u00f3n&nbsp;Escuela de Arte Leopoldo Marechal<\/p>\n\n\n\n<p><strong>Horario:&nbsp;<\/strong>de 10 a 20h<\/p>\n\n\n\n<p><strong>Lugar<\/strong>: Sede&nbsp;<strong>Isidro Casanova<\/strong>,&nbsp;Juan Manuel de Rosas 5975, 2do. Piso (edificio Nuevo).<\/p>\n\n\n\n<p><strong>10h &#8211; \u201c<\/strong>La Biblioteca te Cuenta\u201d (para ni\u00f1os de 1 a 12 a\u00f1os)<\/p>\n\n\n\n<p><strong>Lugar:<\/strong>&nbsp;Biblioteca Popular \u201cAlmafuerte\u201d, Sarratea 4267, Villa Constructora,&nbsp;<strong>San Justo<\/strong><\/p>\n\n\n\n<p><br><strong>16h &#8211;<\/strong>Historieta Colectiva (Prof: Cristi\u00e1n Mallea), Taller de Fotograf\u00eda y Figura Humana (Prof: Luisina Colombo y M\u00f3nica Hidalgo)<\/p>\n\n\n\n<p><strong>Lugar<\/strong>: Casa de Cultura \u201cMiguel Carlos Victorica\u201d de&nbsp;<strong>Ramos Mej\u00eda<\/strong><\/p>\n\n\n\n<p><strong>17h &#8211;&nbsp;<\/strong>Expo de Fotograf\u00eda<\/p>\n\n\n\n<p><strong>Lugar:<\/strong>&nbsp;Biblioteca Popular de la Imagen (CeiC), Juan Florio 3260,&nbsp;<strong>San Justo&nbsp;&nbsp;&nbsp;&nbsp;&nbsp;&nbsp;&nbsp;<\/strong><\/p>\n\n\n\n<p><strong>17:30h &#8211;&nbsp;<\/strong>Taller de Muralismo, Dise\u00f1o de Indumentaria, Grabado y Maquillaje Art\u00edstico&nbsp;(Prof: Elbio Hern\u00e1ndez, Carolina Da Silva, Gabriela Peluffo y M\u00f3nica Hidalgo)<\/p>\n\n\n\n<p><strong>Lugar<\/strong>: Casa de Cultura \u201cMiguel Carlos Victorica\u201d de&nbsp;<strong>Ramos Mej\u00eda<\/strong><\/p>\n\n\n\n<p><strong>18h &#8211;&nbsp;<\/strong>Inauguraci\u00f3n del 1\u00b0 Sal\u00f3n de Artes Visuales de La Matanza.<\/p>\n\n\n\n<p><strong>Lugar<\/strong>: Casa de Cultura \u201cMiguel Carlos Victorica\u201d, Belgrano 75,&nbsp;<strong>Ramos Mej\u00eda<\/strong><\/p>\n\n\n\n<p><strong>19h &#8211;&nbsp;<\/strong>Cine debate y Muestra&nbsp;fotogr\u00e1fica&nbsp;\u201cNi una Menos\u201d<\/p>\n\n\n\n<p><strong>Lugar:&nbsp;<\/strong>Biblioteca Popular \u201cMadre Teresa\u201d, Villa Nueva 2437, Barrio Areco<strong>, Virrey delPino<\/strong><\/p>\n\n\n\n<p>\uf0b7&nbsp;&nbsp;&nbsp;&nbsp;&nbsp;&nbsp;&nbsp;&nbsp;&nbsp;<strong>S\u00e1bado 19 de noviembre<\/strong><\/p>\n\n\n\n<p><strong>10h -4\u00ba \u00aa Encuentro de Graffiti de La Matanza<\/strong><\/p>\n\n\n\n<p><strong>Lugar:<\/strong>&nbsp;Venezuela y las v\u00edas,&nbsp;<strong>Rafael Castillo<\/strong><\/p>\n\n\n\n<p><strong>10h \u2013&nbsp;<\/strong>Taller sobre uso de dispositivos tecnol\u00f3gicos&nbsp;y aplicaciones digitales (para adultos mayores)<\/p>\n\n\n\n<p><strong>Lugar:<\/strong>&nbsp;Biblioteca Popular \u201cAlmafuerte\u201d, Granville 2158,&nbsp;<strong>Rafael Castillo<\/strong><\/p>\n\n\n\n<p><strong>15h &#8211; Expo de Factory Multicultural<\/strong><\/p>\n\n\n\n<p><strong>Lugar:<\/strong>&nbsp;Biblioteca Popular Rotaria, Sarrachaga 6198,&nbsp;<strong>Isidro Casanova<\/strong><\/p>\n\n\n\n<p><strong>15h &#8211;<\/strong>Taller Literario Infantil<\/p>\n\n\n\n<p><strong>Lugar:<\/strong>&nbsp;Biblioteca Popular de la Imagen (CeiC), Juan Florio 3260,&nbsp;<strong>San Justo<\/strong><\/p>\n\n\n\n<p><strong>17h &#8211;&nbsp;<\/strong>Taller Literario \u201cLiteratura en Acci\u00f3n\u201d<\/p>\n\n\n\n<p><strong>Lugar:<\/strong>&nbsp;Biblioteca \u201cVilla Sahores\u201d, Incl\u00e1n 2023,&nbsp;<strong>San Justo<\/strong><\/p>\n\n\n\n<p>\uf0b7&nbsp;&nbsp;&nbsp;&nbsp;&nbsp;&nbsp;&nbsp;&nbsp;&nbsp;<strong>Domingo 20 de noviembre<\/strong><\/p>\n\n\n\n<p><strong>11h a 17h &#8211;&nbsp;<\/strong>Encuentro de Escultores de La Matanza<\/p>\n\n\n\n<p><strong>Lugar:&nbsp;<\/strong>Plaza Hip\u00f3lito Yrigoyen,&nbsp;Rep\u00fablica de Portugal 2802,&nbsp;<strong>Isidro Casanova<\/strong><\/p>\n\n\n\n<p><strong>Participantes:&nbsp;<\/strong>Atilio Ca\u00f1izares (talla) \/ Guillermo Eizykovicz (talla) \/ Pamela Hryhorasz (arte textil) \/ Sof\u00eda Smaldone (modelado\/ensamble) \/ Jos\u00e9 Bettinelli (Talla) \/ Jos\u00e9 Morales (ensamble) \/ Emiliano Pardavila (modelado) \/ Alfredo Zapata (talla) \/ Carmen Vasapollo (hierro soldado) \/ Alberto Soria (talla)<\/p>\n","protected":false},"excerpt":{"rendered":"<p>Con el objetivo de dar visibilidad&nbsp;a la amplia producci&oacute;n art&iacute;stica local, y como parte de&nbsp;la agenda de actividades culturales que organiza la&nbsp;Secretar&iacute;a de Cultura y Educaci&oacute;n de La Matanza, se&nbsp;llevar&aacute; a cabo una nueva edici&oacute;n de&nbsp;&ldquo;Punto de Encuentro&rdquo;, con entrada libre y gratuita. Del 14 al 20 de noviembre, las diferentes localidades del distrito ser&aacute;n &hellip; <\/p>\n","protected":false},"author":5,"featured_media":2158,"comment_status":"closed","ping_status":"closed","sticky":false,"template":"","format":"standard","meta":{"om_disable_all_campaigns":false,"_joinchat":[]},"categories":[26],"tags":[46,59,43],"featured_image_urls":{"full":["https:\/\/infotep.com.ar\/wp-content\/uploads\/2022\/11\/Punto-de-encuentro-2022-e1668570473977.jpeg",1280,665,false],"thumbnail":["https:\/\/infotep.com.ar\/wp-content\/uploads\/2022\/11\/Punto-de-encuentro-2022-e1668570473977-150x150.jpeg",150,150,true],"medium":["https:\/\/infotep.com.ar\/wp-content\/uploads\/2022\/11\/Punto-de-encuentro-2022-e1668570473977-300x156.jpeg",300,156,true],"medium_large":["https:\/\/infotep.com.ar\/wp-content\/uploads\/2022\/11\/Punto-de-encuentro-2022-e1668570473977-768x399.jpeg",768,399,true],"large":["https:\/\/infotep.com.ar\/wp-content\/uploads\/2022\/11\/Punto-de-encuentro-2022-e1668570473977-1024x532.jpeg",1020,530,true],"1536x1536":["https:\/\/infotep.com.ar\/wp-content\/uploads\/2022\/11\/Punto-de-encuentro-2022-e1668570473977.jpeg",1280,665,false],"2048x2048":["https:\/\/infotep.com.ar\/wp-content\/uploads\/2022\/11\/Punto-de-encuentro-2022-e1668570473977.jpeg",1280,665,false],"blossom-feminine-slider":["https:\/\/infotep.com.ar\/wp-content\/uploads\/2022\/11\/Punto-de-encuentro-2022-e1668570473977-1280x649.jpeg",1280,649,true],"blossom-feminine-featured":["https:\/\/infotep.com.ar\/wp-content\/uploads\/2022\/11\/Punto-de-encuentro-2022-e1668570473977-1280x600.jpeg",1280,600,true],"blossom-feminine-with-sidebar":["https:\/\/infotep.com.ar\/wp-content\/uploads\/2022\/11\/Punto-de-encuentro-2022-e1668570473977-1020x600.jpeg",1020,600,true],"blossom-feminine-blog":["https:\/\/infotep.com.ar\/wp-content\/uploads\/2022\/11\/Punto-de-encuentro-2022-e1668570473977-435x435.jpeg",435,435,true],"blossom-feminine-cat":["https:\/\/infotep.com.ar\/wp-content\/uploads\/2022\/11\/Punto-de-encuentro-2022-e1668570473977-450x300.jpeg",450,300,true],"blossom-feminine-related":["https:\/\/infotep.com.ar\/wp-content\/uploads\/2022\/11\/Punto-de-encuentro-2022-e1668570473977-320x200.jpeg",320,200,true],"blossom-feminine-schema":["https:\/\/infotep.com.ar\/wp-content\/uploads\/2022\/11\/Punto-de-encuentro-2022-e1668570473977-115x60.jpeg",115,60,true],"blossom-mommy-blog-slider-big":["https:\/\/infotep.com.ar\/wp-content\/uploads\/2022\/11\/Punto-de-encuentro-2022-e1668570473977-920x650.jpeg",920,650,true],"blossom-mommy-blog-slider":["https:\/\/infotep.com.ar\/wp-content\/uploads\/2022\/11\/Punto-de-encuentro-2022-e1668570473977-460x310.jpeg",460,310,true],"blossom-mommy-blog-two":["https:\/\/infotep.com.ar\/wp-content\/uploads\/2022\/11\/Punto-de-encuentro-2022-e1668570473977-768x480.jpeg",768,480,true]},"author_info":{"info":["Angela Tobar"]},"category_info":"<a href=\"https:\/\/infotep.com.ar\/index.php\/category\/municipales\/la-matanza\/\" rel=\"category tag\">La Matanza<\/a>","tag_info":"La Matanza","comment_count":"0","_links":{"self":[{"href":"https:\/\/infotep.com.ar\/index.php\/wp-json\/wp\/v2\/posts\/2157"}],"collection":[{"href":"https:\/\/infotep.com.ar\/index.php\/wp-json\/wp\/v2\/posts"}],"about":[{"href":"https:\/\/infotep.com.ar\/index.php\/wp-json\/wp\/v2\/types\/post"}],"author":[{"embeddable":true,"href":"https:\/\/infotep.com.ar\/index.php\/wp-json\/wp\/v2\/users\/5"}],"replies":[{"embeddable":true,"href":"https:\/\/infotep.com.ar\/index.php\/wp-json\/wp\/v2\/comments?post=2157"}],"version-history":[{"count":1,"href":"https:\/\/infotep.com.ar\/index.php\/wp-json\/wp\/v2\/posts\/2157\/revisions"}],"predecessor-version":[{"id":2159,"href":"https:\/\/infotep.com.ar\/index.php\/wp-json\/wp\/v2\/posts\/2157\/revisions\/2159"}],"wp:featuredmedia":[{"embeddable":true,"href":"https:\/\/infotep.com.ar\/index.php\/wp-json\/wp\/v2\/media\/2158"}],"wp:attachment":[{"href":"https:\/\/infotep.com.ar\/index.php\/wp-json\/wp\/v2\/media?parent=2157"}],"wp:term":[{"taxonomy":"category","embeddable":true,"href":"https:\/\/infotep.com.ar\/index.php\/wp-json\/wp\/v2\/categories?post=2157"},{"taxonomy":"post_tag","embeddable":true,"href":"https:\/\/infotep.com.ar\/index.php\/wp-json\/wp\/v2\/tags?post=2157"}],"curies":[{"name":"wp","href":"https:\/\/api.w.org\/{rel}","templated":true}]}}