{"id":21709,"date":"2025-03-13T14:34:06","date_gmt":"2025-03-13T17:34:06","guid":{"rendered":"https:\/\/infotep.com.ar\/?p=21709"},"modified":"2025-03-13T14:35:13","modified_gmt":"2025-03-13T17:35:13","slug":"bullrich-sobre-el-fotografo-baleado-por-la-policia-es-consecuencia-de-los-que-generan-violencia-y-que-van-a-tener-como-respuesta-la-represion-del-estado","status":"publish","type":"post","link":"https:\/\/infotep.com.ar\/index.php\/2025\/03\/13\/bullrich-sobre-el-fotografo-baleado-por-la-policia-es-consecuencia-de-los-que-generan-violencia-y-que-van-a-tener-como-respuesta-la-represion-del-estado\/","title":{"rendered":"Bullrich sobre el fot\u00f3grafo baleado por la polic\u00eda: &#8220;Es consecuencia de los que generan violencia y que van a tener como respuesta la represi\u00f3n del Estado&#8221;"},"content":{"rendered":"\n<p>La ministra de Seguridad de la Naci\u00f3n se refiri\u00f3 al joven reportero Pablo Grillo, que a\u00fan se encuentra en grave estado por haber recibido un impacto de un cartucho de gas en la cabeza.<br><br>La ministra de Seguridad, Patricia Bullrich, sostuvo hoy que la herida de gravedad que sufri\u00f3 el fot\u00f3grafo Pablo Grillo fue &#8220;consecuencia de aquellos que generan violencia&#8221;.<\/p>\n\n\n\n<p>&#8220;Es consecuencia de los que generan violencia y que van a tener como respuesta la represi\u00f3n del Estado&#8221;, subray\u00f3 la ministra.<\/p>\n\n\n\n<p>Adem\u00e1s se refiri\u00f3 a la &#8220;jubilada patotera&#8221; que fue tirada al piso por un polic\u00eda y dijo que el efectivo &#8220;se defendi\u00f3 del ataque&#8221; de la mujer.<\/p>\n\n\n\n<p>&#8220;La se\u00f1ora golpe\u00f3 en reiteradas oportunidades al polic\u00eda, le dio cinco o seis golpes&#8221;, explic\u00f3 la funcionaria nacional.<\/p>\n","protected":false},"excerpt":{"rendered":"<p>La ministra de Seguridad de la Naci&oacute;n se refiri&oacute; al joven reportero Pablo Grillo, que a&uacute;n se encuentra en grave estado por haber recibido un impacto de un cartucho de gas en la cabeza. La ministra de Seguridad, Patricia Bullrich, sostuvo hoy que la herida de gravedad que sufri&oacute; el fot&oacute;grafo Pablo Grillo fue &ldquo;consecuencia &hellip; <\/p>\n","protected":false},"author":5,"featured_media":21710,"comment_status":"closed","ping_status":"closed","sticky":false,"template":"","format":"standard","meta":{"om_disable_all_campaigns":false,"_joinchat":[]},"categories":[31,3],"tags":[46,43,569],"featured_image_urls":{"full":["https:\/\/infotep.com.ar\/wp-content\/uploads\/2025\/03\/720-7.webp",1080,720,false],"thumbnail":["https:\/\/infotep.com.ar\/wp-content\/uploads\/2025\/03\/720-7-150x150.webp",150,150,true],"medium":["https:\/\/infotep.com.ar\/wp-content\/uploads\/2025\/03\/720-7-300x200.webp",300,200,true],"medium_large":["https:\/\/infotep.com.ar\/wp-content\/uploads\/2025\/03\/720-7-768x512.webp",768,512,true],"large":["https:\/\/infotep.com.ar\/wp-content\/uploads\/2025\/03\/720-7-1024x683.webp",1020,680,true],"1536x1536":["https:\/\/infotep.com.ar\/wp-content\/uploads\/2025\/03\/720-7.webp",1080,720,false],"2048x2048":["https:\/\/infotep.com.ar\/wp-content\/uploads\/2025\/03\/720-7.webp",1080,720,false],"blossom-feminine-slider":["https:\/\/infotep.com.ar\/wp-content\/uploads\/2025\/03\/720-7-1080x649.webp",1080,649,true],"blossom-feminine-featured":["https:\/\/infotep.com.ar\/wp-content\/uploads\/2025\/03\/720-7-1080x600.webp",1080,600,true],"blossom-feminine-with-sidebar":["https:\/\/infotep.com.ar\/wp-content\/uploads\/2025\/03\/720-7-1020x600.webp",1020,600,true],"blossom-feminine-blog":["https:\/\/infotep.com.ar\/wp-content\/uploads\/2025\/03\/720-7-435x435.webp",435,435,true],"blossom-feminine-cat":["https:\/\/infotep.com.ar\/wp-content\/uploads\/2025\/03\/720-7-450x300.webp",450,300,true],"blossom-feminine-related":["https:\/\/infotep.com.ar\/wp-content\/uploads\/2025\/03\/720-7-320x200.webp",320,200,true],"blossom-feminine-schema":["https:\/\/infotep.com.ar\/wp-content\/uploads\/2025\/03\/720-7-90x60.webp",90,60,true],"blossom-mommy-blog-slider-big":["https:\/\/infotep.com.ar\/wp-content\/uploads\/2025\/03\/720-7-920x650.webp",920,650,true],"blossom-mommy-blog-slider":["https:\/\/infotep.com.ar\/wp-content\/uploads\/2025\/03\/720-7-460x310.webp",460,310,true],"blossom-mommy-blog-two":["https:\/\/infotep.com.ar\/wp-content\/uploads\/2025\/03\/720-7-768x480.webp",768,480,true]},"author_info":{"info":["Angela Tobar"]},"category_info":"<a href=\"https:\/\/infotep.com.ar\/index.php\/category\/destacadas\/\" rel=\"category tag\">Destacadas<\/a> <a href=\"https:\/\/infotep.com.ar\/index.php\/category\/nacionales\/\" rel=\"category tag\">Nacionales<\/a>","tag_info":"Nacionales","comment_count":"0","_links":{"self":[{"href":"https:\/\/infotep.com.ar\/index.php\/wp-json\/wp\/v2\/posts\/21709"}],"collection":[{"href":"https:\/\/infotep.com.ar\/index.php\/wp-json\/wp\/v2\/posts"}],"about":[{"href":"https:\/\/infotep.com.ar\/index.php\/wp-json\/wp\/v2\/types\/post"}],"author":[{"embeddable":true,"href":"https:\/\/infotep.com.ar\/index.php\/wp-json\/wp\/v2\/users\/5"}],"replies":[{"embeddable":true,"href":"https:\/\/infotep.com.ar\/index.php\/wp-json\/wp\/v2\/comments?post=21709"}],"version-history":[{"count":1,"href":"https:\/\/infotep.com.ar\/index.php\/wp-json\/wp\/v2\/posts\/21709\/revisions"}],"predecessor-version":[{"id":21711,"href":"https:\/\/infotep.com.ar\/index.php\/wp-json\/wp\/v2\/posts\/21709\/revisions\/21711"}],"wp:featuredmedia":[{"embeddable":true,"href":"https:\/\/infotep.com.ar\/index.php\/wp-json\/wp\/v2\/media\/21710"}],"wp:attachment":[{"href":"https:\/\/infotep.com.ar\/index.php\/wp-json\/wp\/v2\/media?parent=21709"}],"wp:term":[{"taxonomy":"category","embeddable":true,"href":"https:\/\/infotep.com.ar\/index.php\/wp-json\/wp\/v2\/categories?post=21709"},{"taxonomy":"post_tag","embeddable":true,"href":"https:\/\/infotep.com.ar\/index.php\/wp-json\/wp\/v2\/tags?post=21709"}],"curies":[{"name":"wp","href":"https:\/\/api.w.org\/{rel}","templated":true}]}}