{"id":21712,"date":"2025-03-13T14:43:18","date_gmt":"2025-03-13T17:43:18","guid":{"rendered":"https:\/\/infotep.com.ar\/?p=21712"},"modified":"2025-03-13T14:43:19","modified_gmt":"2025-03-13T17:43:19","slug":"marcha-de-jubilados-jueza-que-libero-a-los-detenidos-afirmo-que-la-protesta-es-un-derecho-en-democracia","status":"publish","type":"post","link":"https:\/\/infotep.com.ar\/index.php\/2025\/03\/13\/marcha-de-jubilados-jueza-que-libero-a-los-detenidos-afirmo-que-la-protesta-es-un-derecho-en-democracia\/","title":{"rendered":"Marcha de jubilados: jueza que liber\u00f3 a los detenidos afirm\u00f3 que la protesta es un derecho en democracia"},"content":{"rendered":"\n<p>La jueza Karina Andrade advirti\u00f3 que la libertad de expresi\u00f3n y el derecho a la protesta son fundamentales en un sistema democr\u00e1tico y orden\u00f3 liberar a los detenidos.<br><br>La jueza Karina Andrade dispuso la libertad de todos los manifestantes detenidos durante la represi\u00f3n en la marcha de los jubilados en el Congreso y remarc\u00f3 que la libertad de expresi\u00f3n y el derecho a la protesta \u201cse configuran como derechos baluartes del sistema democr\u00e1tico\u201d.<\/p>\n\n\n\n<p>En su fallo, la magistrada subray\u00f3 la importancia de estos derechos como garant\u00edas fundamentales para que los ciudadanos expresen sus ideas, critiquen a sus representantes y peticionen ante las autoridades.<\/p>\n\n\n\n<p>La decisi\u00f3n judicial se conoci\u00f3 luego de que las fuerzas de seguridad detuvieran a varias personas en el marco de los incidentes ocurridos en la manifestaci\u00f3n, que incluy\u00f3 una fuerte represi\u00f3n con gases lacrim\u00f3genos, balas de goma y camiones hidrantes.<\/p>\n\n\n\n<p>La jueza tambi\u00e9n record\u00f3 que los adultos mayores gozan de una protecci\u00f3n especial en la Constituci\u00f3n Nacional y en la Convenci\u00f3n Interamericana sobre Protecci\u00f3n de los Derechos Humanos de las Personas Mayores, incorporada a la Carta Magna a trav\u00e9s de la Ley 27.700.<\/p>\n\n\n\n<p>La liberaci\u00f3n de los detenidos fue celebrada por organismos de derechos humanos y referentes de la oposici\u00f3n, quienes hab\u00edan denunciado el accionar de la Polic\u00eda Federal y la Polic\u00eda de la Ciudad durante la protesta.<\/p>\n","protected":false},"excerpt":{"rendered":"<p>La jueza Karina Andrade advirti&oacute; que la libertad de expresi&oacute;n y el derecho a la protesta son fundamentales en un sistema democr&aacute;tico y orden&oacute; liberar a los detenidos. La jueza Karina Andrade dispuso la libertad de todos los manifestantes detenidos durante la represi&oacute;n en la marcha de los jubilados en el Congreso y remarc&oacute; que &hellip; <\/p>\n","protected":false},"author":5,"featured_media":21713,"comment_status":"closed","ping_status":"closed","sticky":false,"template":"","format":"standard","meta":{"om_disable_all_campaigns":false,"_joinchat":[]},"categories":[3],"tags":[46,43,569],"featured_image_urls":{"full":["https:\/\/infotep.com.ar\/wp-content\/uploads\/2025\/03\/detenidos.webp",1080,720,false],"thumbnail":["https:\/\/infotep.com.ar\/wp-content\/uploads\/2025\/03\/detenidos-150x150.webp",150,150,true],"medium":["https:\/\/infotep.com.ar\/wp-content\/uploads\/2025\/03\/detenidos-300x200.webp",300,200,true],"medium_large":["https:\/\/infotep.com.ar\/wp-content\/uploads\/2025\/03\/detenidos-768x512.webp",768,512,true],"large":["https:\/\/infotep.com.ar\/wp-content\/uploads\/2025\/03\/detenidos-1024x683.webp",1020,680,true],"1536x1536":["https:\/\/infotep.com.ar\/wp-content\/uploads\/2025\/03\/detenidos.webp",1080,720,false],"2048x2048":["https:\/\/infotep.com.ar\/wp-content\/uploads\/2025\/03\/detenidos.webp",1080,720,false],"blossom-feminine-slider":["https:\/\/infotep.com.ar\/wp-content\/uploads\/2025\/03\/detenidos-1080x649.webp",1080,649,true],"blossom-feminine-featured":["https:\/\/infotep.com.ar\/wp-content\/uploads\/2025\/03\/detenidos-1080x600.webp",1080,600,true],"blossom-feminine-with-sidebar":["https:\/\/infotep.com.ar\/wp-content\/uploads\/2025\/03\/detenidos-1020x600.webp",1020,600,true],"blossom-feminine-blog":["https:\/\/infotep.com.ar\/wp-content\/uploads\/2025\/03\/detenidos-435x435.webp",435,435,true],"blossom-feminine-cat":["https:\/\/infotep.com.ar\/wp-content\/uploads\/2025\/03\/detenidos-450x300.webp",450,300,true],"blossom-feminine-related":["https:\/\/infotep.com.ar\/wp-content\/uploads\/2025\/03\/detenidos-320x200.webp",320,200,true],"blossom-feminine-schema":["https:\/\/infotep.com.ar\/wp-content\/uploads\/2025\/03\/detenidos-90x60.webp",90,60,true],"blossom-mommy-blog-slider-big":["https:\/\/infotep.com.ar\/wp-content\/uploads\/2025\/03\/detenidos-920x650.webp",920,650,true],"blossom-mommy-blog-slider":["https:\/\/infotep.com.ar\/wp-content\/uploads\/2025\/03\/detenidos-460x310.webp",460,310,true],"blossom-mommy-blog-two":["https:\/\/infotep.com.ar\/wp-content\/uploads\/2025\/03\/detenidos-768x480.webp",768,480,true]},"author_info":{"info":["Angela Tobar"]},"category_info":"<a href=\"https:\/\/infotep.com.ar\/index.php\/category\/nacionales\/\" rel=\"category tag\">Nacionales<\/a>","tag_info":"Nacionales","comment_count":"0","_links":{"self":[{"href":"https:\/\/infotep.com.ar\/index.php\/wp-json\/wp\/v2\/posts\/21712"}],"collection":[{"href":"https:\/\/infotep.com.ar\/index.php\/wp-json\/wp\/v2\/posts"}],"about":[{"href":"https:\/\/infotep.com.ar\/index.php\/wp-json\/wp\/v2\/types\/post"}],"author":[{"embeddable":true,"href":"https:\/\/infotep.com.ar\/index.php\/wp-json\/wp\/v2\/users\/5"}],"replies":[{"embeddable":true,"href":"https:\/\/infotep.com.ar\/index.php\/wp-json\/wp\/v2\/comments?post=21712"}],"version-history":[{"count":1,"href":"https:\/\/infotep.com.ar\/index.php\/wp-json\/wp\/v2\/posts\/21712\/revisions"}],"predecessor-version":[{"id":21714,"href":"https:\/\/infotep.com.ar\/index.php\/wp-json\/wp\/v2\/posts\/21712\/revisions\/21714"}],"wp:featuredmedia":[{"embeddable":true,"href":"https:\/\/infotep.com.ar\/index.php\/wp-json\/wp\/v2\/media\/21713"}],"wp:attachment":[{"href":"https:\/\/infotep.com.ar\/index.php\/wp-json\/wp\/v2\/media?parent=21712"}],"wp:term":[{"taxonomy":"category","embeddable":true,"href":"https:\/\/infotep.com.ar\/index.php\/wp-json\/wp\/v2\/categories?post=21712"},{"taxonomy":"post_tag","embeddable":true,"href":"https:\/\/infotep.com.ar\/index.php\/wp-json\/wp\/v2\/tags?post=21712"}],"curies":[{"name":"wp","href":"https:\/\/api.w.org\/{rel}","templated":true}]}}