{"id":21720,"date":"2025-03-14T21:34:48","date_gmt":"2025-03-15T00:34:48","guid":{"rendered":"https:\/\/infotep.com.ar\/?p=21720"},"modified":"2025-03-24T14:10:35","modified_gmt":"2025-03-24T17:10:35","slug":"pablo-descalzo-reafirmo-que-seguira-convocando-a-todos-los-sectores-para-generar-consensos-que-impacten-en-el-bienestar-de-ituzaingo","status":"publish","type":"post","link":"https:\/\/infotep.com.ar\/index.php\/2025\/03\/14\/pablo-descalzo-reafirmo-que-seguira-convocando-a-todos-los-sectores-para-generar-consensos-que-impacten-en-el-bienestar-de-ituzaingo\/","title":{"rendered":"Pablo Descalzo reafirm\u00f3 que seguir\u00e1 convocando a todos los  sectores &#8220;para generar consensos&#8221; que impacten en el bienestar de Ituzaing\u00f3"},"content":{"rendered":"\n<p>El intendente Pablo Descalzo inaugur\u00f3 el 30\u00b0 per\u00edodo de sesiones ordinarias del Concejo Deliberante, correspondiente al a\u00f1o 2025, junto al presidente del Honorable cuerpo legislativo, Pablo Piana, y a la secretaria Melina Darias. El acto tuvo lugar en el Play\u00f3n Deportivo del Instituto Manuel Belgrano, la tarde del jueves.<\/p>\n\n\n\n<p>Durante la ceremonia, el intendente destac\u00f3 los logros alcanzados durante el a\u00f1o 2024 y los proyectos y desaf\u00edos de cara al 2025. Su discurso tuvo como puntos destacados la seguridad, desarrollo local, salud y obras p\u00fablicas.<\/p>\n\n\n\n<p><strong>Respecto a la seguridad,<\/strong> Pablo Descalzo se refiri\u00f3 a las acciones conjuntas que viene desarrollando el municipio junto al gobierno provincial: \u201cEs importante profundizar el trabajo con la provincia de Buenos Aires, acompa\u00f1ando el accionar de la Polic\u00eda Bonaerense y poniendo m\u00e1s tecnolog\u00edas de prevenci\u00f3n al servicio de la seguridad de nuestro pueblo, de nuestras familias, de nuestros hijos, de nuestras hijas\u2026\u201d. A su vez, present\u00f3 la nueva estrategia de prevenci\u00f3n que implementa el gobierno local, desde fines de 2024: \u201cYa pusimos en marcha la primera etapa del Plan Director de Seguridad, Control y Tr\u00e1nsito Vehicular, garantizando accesos y corredores seguros, con control policial y herramientas tecnol\u00f3gicas de seguridad para prevenir el delito y proteger a nuestras familias\u201d.<\/p>\n\n\n\n<p>Otro de los ejes principales del discurso fue la obra p\u00fablica que, en algunos casos realiza la gesti\u00f3n local y en otros, en forma articulada con el gobierno bonaerense. Al respecto destac\u00f3: \u201cla construcci\u00f3n de m\u00e1s de 100 cuadras (\u2026) y obras d<strong>e bacheo <\/strong>por m\u00e1s de 4 mil metros cuadrados\u201d que se est\u00e1n ejecutando en este momento. Adem\u00e1s, enumer\u00f3 los trabajos de las obras hidr\u00e1ulicas que mejoran la calidad de vida de m\u00e1s de 40.000 vecinos y vecinas y las de agua potable, que beneficiar\u00e1n a 17.000 ituzainguenses m\u00e1s, en el marco de los trabajos realizados junto al gobierno de la Provincia de Buenos Aires.<\/p>\n\n\n\n<p>En materia de e<strong>ducaci\u00f3n<\/strong>, mencion\u00f3 la pronta inauguraci\u00f3n del nuevo edificio de la Escuela Secundaria N\u00b0 8 y la construcci\u00f3n de las escuelas N\u00b0 17 y 20. En esta l\u00ednea, asegur\u00f3 que \u201cen unos meses, comenzaremos las refacciones en las Escuelas N\u00b06, N\u00b01 y en el Jard\u00edn de Infantes N\u00b0904\u201d.<\/p>\n\n\n\n<p class=\"has-light-green-cyan-background-color has-background\">Adem\u00e1s, hizo hincapi\u00e9 en la ampliaci\u00f3n del Centro Regional Universitario: \u201cLa matr\u00edcula de nuestro Centro Universitario creci\u00f3 y en consecuencia, tambi\u00e9n creci\u00f3 la demanda de actividades. Por eso, estamos sumando nuevas propuestas acad\u00e9micas mediante convenios con distintas universidades nacionales\u201d. Remarc\u00f3 tambi\u00e9n que el municipio est\u00e1 \u201cconversando con el gobierno provincial para ampliar la sede Sur de este centro universitario con la construcci\u00f3n de cinco nuevas aulas, cafeter\u00eda y biblioteca\u201d.<\/p>\n\n\n\n<p>En materia d<strong>e salud, <\/strong>el jefe comunal se\u00f1al\u00f3: \u201cDurante el a\u00f1o pasado, la cantidad de prestaciones de salud aument\u00f3. El CeDiM realiz\u00f3 m\u00e1s de 95 mil pr\u00e1cticas de diagn\u00f3stico durante 2024, en tanto la cantidad de Historias Cl\u00ednicas abiertas en las sedes sanitarias municipales, pas\u00f3 de casi 23 mil en 2023 a m\u00e1s de 39 mil en 2024\u201d. Adem\u00e1s, Descalzo anunci\u00f3 que, en el transcurso de los pr\u00f3ximos meses, el Centro de Diagn\u00f3stico Municipal, pondr\u00e1 en marcha un Tom\u00f3grafo Digital, para detectar de manera temprana el origen de algunas enfermedades.<\/p>\n\n\n\n<p>Otro de los puntos fuertes que destac\u00f3 sobre la gesti\u00f3n fue el <strong>desarrollo productivo<\/strong>. Sobre esto, remarc\u00f3 la importancia de la promoci\u00f3n del empleo: \u201cS\u00e9 que con m\u00e1s oportunidades, elevamos la convivencia social. Por eso, trabajamos con todos los sectores de la econom\u00eda, en una agenda de desarrollo local que promueve el empleo\u201d. En este sentido, enumer\u00f3 las distintas jornadas, herramientas y programas que se ofrecen desde el municipio como Camino al Empleo en tu Escuela, la Ronda de Negocios, la Agencia de Intermediaci\u00f3n Laboral, entre otras.<\/p>\n\n\n\n<p class=\"has-light-green-cyan-background-color has-background\">Debido al crecimiento de la ciudad, el intendente municipal reforz\u00f3 la estrategia de desarrollo sostenible y ordenado que implementa el municipio. Para acompa\u00f1ar las nuevas necesidades vinculadas al aumento de poblaci\u00f3n, el tr\u00e1nsito y el desarrollo comercial, se prev\u00e9n obras en la zona c\u00e9ntrica del distrito: \u201cvamos a reconstruir la Plaza \u201c20 de Febrero\u201d, haci\u00e9ndola m\u00e1s segura, con juegos infantiles, sanitarios, anfiteatro, forestaci\u00f3n y otras instalaciones para el disfrute de los vecinos y vecinas. Los trabajos, tambi\u00e9n incluir\u00e1n la construcci\u00f3n de un estacionamiento subterr\u00e1neo, con 400 cocheras algo que, indudablemente, favorecer\u00e1 a los comercios de la zona, que dan trabajo y aportan al desarrollo de nuestra ciudad\u201d.<\/p>\n\n\n\n<p>Asimismo, en materia de<strong> ambiente,<\/strong> Descalzo reafirm\u00f3 el compromiso con la Agenda 2030 sobre el Desarrollo Sostenible, a trav\u00e9s del Plan Estrat\u00e9gico Bosque Urbano, que prev\u00e9 la forestaci\u00f3n de m\u00e1s de 24.000 \u00e1rboles a lo largo y ancho de todo el distrito. Adem\u00e1s, sobre la gesti\u00f3n de residuos, se\u00f1al\u00f3 que \u201cdesde el comienzo del programa Ituzaing\u00f3 SePaRa, logramos recuperar m\u00e1s de 4 mil toneladas de residuos reciclables, en tanto junto al pueblo de Ituzaing\u00f3, en 2024 sumamos 938.692 kilos de material reciclable\u201d.<\/p>\n\n\n\n<figure class=\"wp-block-image size-large\"><img decoding=\"async\" loading=\"lazy\" width=\"1024\" height=\"684\" src=\"https:\/\/infotep.com.ar\/wp-content\/uploads\/2025\/03\/Apertura-de-Sesiones-1-1024x684.jpg\" alt=\"\" class=\"wp-image-21721\" srcset=\"https:\/\/infotep.com.ar\/wp-content\/uploads\/2025\/03\/Apertura-de-Sesiones-1-1024x684.jpg 1024w, https:\/\/infotep.com.ar\/wp-content\/uploads\/2025\/03\/Apertura-de-Sesiones-1-300x200.jpg 300w, https:\/\/infotep.com.ar\/wp-content\/uploads\/2025\/03\/Apertura-de-Sesiones-1-768x513.jpg 768w, https:\/\/infotep.com.ar\/wp-content\/uploads\/2025\/03\/Apertura-de-Sesiones-1-1536x1025.jpg 1536w, https:\/\/infotep.com.ar\/wp-content\/uploads\/2025\/03\/Apertura-de-Sesiones-1-450x300.jpg 450w, https:\/\/infotep.com.ar\/wp-content\/uploads\/2025\/03\/Apertura-de-Sesiones-1-90x60.jpg 90w, https:\/\/infotep.com.ar\/wp-content\/uploads\/2025\/03\/Apertura-de-Sesiones-1.jpg 1600w\" sizes=\"(max-width: 1024px) 100vw, 1024px\" \/><\/figure>\n\n\n\n<p><strong>Sobre innovaci\u00f3n y transparencia,<\/strong> el intendente adelant\u00f3 detalles sobre el lanzamiento de una nueva aplicaci\u00f3n para que los vecinos y vecinas puedan gestionar tr\u00e1mites y realizar reclamos que se suma a los servicios que presta el sitio web oficial en materia de comunicaci\u00f3n: \u201cCuando hablamos de modernizaci\u00f3n e innovaci\u00f3n, no solamente nos referimos a la tecnolog\u00eda sino que ponemos el foco en ser un municipio m\u00e1s eficiente y que da cuenta de sus actos y servicios. (\u2026) modernizar la gesti\u00f3n es hacer menos burocr\u00e1tica y m\u00e1s \u00e1gil la administraci\u00f3n municipal\u201d.<\/p>\n\n\n\n<p class=\"has-light-green-cyan-background-color has-background\"><strong>Para finalizar, Pablo Descalzo, llam\u00f3 a la unidad y a trabajar mancomunadamente: \u201cEn Ituzaing\u00f3, yo seguir\u00e9 convocando como siempre a todos los sectores pol\u00edticos y sociales, para dialogar, para intercambiar miradas y para generar consensos que impacten en el bienestar de nuestras familias\u201d. Y agreg\u00f3: \u201cLos convoco a trabajar por todo aquello que nos une como ituzainguenses, para seguir haciendo de esta ciudad que tanto amamos, ese lugar para vivir que todos y todas so\u00f1amos\u201d.<\/strong><\/p>\n\n\n\n<p>Durante su mensaje estuvieron presentes autoridades locales, representantes del poder judicial y de las fuerzas de seguridad, cuerpo de bomberos voluntarios, veteranos de Malvinas, docentes, vecinos y vecinas.<\/p>\n","protected":false},"excerpt":{"rendered":"<p>El intendente Pablo Descalzo inaugur&oacute; el 30&deg; per&iacute;odo de sesiones ordinarias del Concejo Deliberante, correspondiente al a&ntilde;o 2025, junto al presidente del Honorable cuerpo legislativo, Pablo Piana, y a la secretaria Melina Darias. El acto tuvo lugar en el Play&oacute;n Deportivo del Instituto Manuel Belgrano, la tarde del jueves. Durante la ceremonia, el intendente destac&oacute; &hellip; <\/p>\n","protected":false},"author":5,"featured_media":21722,"comment_status":"closed","ping_status":"closed","sticky":false,"template":"","format":"standard","meta":{"om_disable_all_campaigns":false,"_joinchat":[]},"categories":[31,8],"tags":[46,51,43,569],"featured_image_urls":{"full":["https:\/\/infotep.com.ar\/wp-content\/uploads\/2025\/03\/Apertura-de-Sesiones-3.jpg",1600,1066,false],"thumbnail":["https:\/\/infotep.com.ar\/wp-content\/uploads\/2025\/03\/Apertura-de-Sesiones-3-150x150.jpg",150,150,true],"medium":["https:\/\/infotep.com.ar\/wp-content\/uploads\/2025\/03\/Apertura-de-Sesiones-3-300x200.jpg",300,200,true],"medium_large":["https:\/\/infotep.com.ar\/wp-content\/uploads\/2025\/03\/Apertura-de-Sesiones-3-768x512.jpg",768,512,true],"large":["https:\/\/infotep.com.ar\/wp-content\/uploads\/2025\/03\/Apertura-de-Sesiones-3-1024x682.jpg",1020,679,true],"1536x1536":["https:\/\/infotep.com.ar\/wp-content\/uploads\/2025\/03\/Apertura-de-Sesiones-3-1536x1023.jpg",1536,1023,true],"2048x2048":["https:\/\/infotep.com.ar\/wp-content\/uploads\/2025\/03\/Apertura-de-Sesiones-3.jpg",1600,1066,false],"blossom-feminine-slider":["https:\/\/infotep.com.ar\/wp-content\/uploads\/2025\/03\/Apertura-de-Sesiones-3-1600x649.jpg",1600,649,true],"blossom-feminine-featured":["https:\/\/infotep.com.ar\/wp-content\/uploads\/2025\/03\/Apertura-de-Sesiones-3-1410x600.jpg",1410,600,true],"blossom-feminine-with-sidebar":["https:\/\/infotep.com.ar\/wp-content\/uploads\/2025\/03\/Apertura-de-Sesiones-3-1020x600.jpg",1020,600,true],"blossom-feminine-blog":["https:\/\/infotep.com.ar\/wp-content\/uploads\/2025\/03\/Apertura-de-Sesiones-3-435x435.jpg",435,435,true],"blossom-feminine-cat":["https:\/\/infotep.com.ar\/wp-content\/uploads\/2025\/03\/Apertura-de-Sesiones-3-450x300.jpg",450,300,true],"blossom-feminine-related":["https:\/\/infotep.com.ar\/wp-content\/uploads\/2025\/03\/Apertura-de-Sesiones-3-320x200.jpg",320,200,true],"blossom-feminine-schema":["https:\/\/infotep.com.ar\/wp-content\/uploads\/2025\/03\/Apertura-de-Sesiones-3-90x60.jpg",90,60,true],"blossom-mommy-blog-slider-big":["https:\/\/infotep.com.ar\/wp-content\/uploads\/2025\/03\/Apertura-de-Sesiones-3-920x650.jpg",920,650,true],"blossom-mommy-blog-slider":["https:\/\/infotep.com.ar\/wp-content\/uploads\/2025\/03\/Apertura-de-Sesiones-3-460x310.jpg",460,310,true],"blossom-mommy-blog-two":["https:\/\/infotep.com.ar\/wp-content\/uploads\/2025\/03\/Apertura-de-Sesiones-3-768x480.jpg",768,480,true]},"author_info":{"info":["Angela Tobar"]},"category_info":"<a href=\"https:\/\/infotep.com.ar\/index.php\/category\/destacadas\/\" rel=\"category tag\">Destacadas<\/a> <a href=\"https:\/\/infotep.com.ar\/index.php\/category\/municipales\/ituzaingo\/\" rel=\"category tag\">Ituzaing\u00f3<\/a>","tag_info":"Ituzaing\u00f3","comment_count":"0","_links":{"self":[{"href":"https:\/\/infotep.com.ar\/index.php\/wp-json\/wp\/v2\/posts\/21720"}],"collection":[{"href":"https:\/\/infotep.com.ar\/index.php\/wp-json\/wp\/v2\/posts"}],"about":[{"href":"https:\/\/infotep.com.ar\/index.php\/wp-json\/wp\/v2\/types\/post"}],"author":[{"embeddable":true,"href":"https:\/\/infotep.com.ar\/index.php\/wp-json\/wp\/v2\/users\/5"}],"replies":[{"embeddable":true,"href":"https:\/\/infotep.com.ar\/index.php\/wp-json\/wp\/v2\/comments?post=21720"}],"version-history":[{"count":1,"href":"https:\/\/infotep.com.ar\/index.php\/wp-json\/wp\/v2\/posts\/21720\/revisions"}],"predecessor-version":[{"id":21723,"href":"https:\/\/infotep.com.ar\/index.php\/wp-json\/wp\/v2\/posts\/21720\/revisions\/21723"}],"wp:featuredmedia":[{"embeddable":true,"href":"https:\/\/infotep.com.ar\/index.php\/wp-json\/wp\/v2\/media\/21722"}],"wp:attachment":[{"href":"https:\/\/infotep.com.ar\/index.php\/wp-json\/wp\/v2\/media?parent=21720"}],"wp:term":[{"taxonomy":"category","embeddable":true,"href":"https:\/\/infotep.com.ar\/index.php\/wp-json\/wp\/v2\/categories?post=21720"},{"taxonomy":"post_tag","embeddable":true,"href":"https:\/\/infotep.com.ar\/index.php\/wp-json\/wp\/v2\/tags?post=21720"}],"curies":[{"name":"wp","href":"https:\/\/api.w.org\/{rel}","templated":true}]}}