{"id":22085,"date":"2025-03-23T20:38:05","date_gmt":"2025-03-23T23:38:05","guid":{"rendered":"https:\/\/infotep.com.ar\/?p=22085"},"modified":"2025-03-23T20:38:05","modified_gmt":"2025-03-23T23:38:05","slug":"el-costo-de-los-servicios-publicos-para-un-hogar-del-amba-sin-subsidios-trepo-un-77-en-marzo","status":"publish","type":"post","link":"https:\/\/infotep.com.ar\/index.php\/2025\/03\/23\/el-costo-de-los-servicios-publicos-para-un-hogar-del-amba-sin-subsidios-trepo-un-77-en-marzo\/","title":{"rendered":"El costo de los servicios p\u00fablicos para un hogar del AMBA sin subsidios trep\u00f3 un 7,7% en marzo"},"content":{"rendered":"\n<p>Un informe revel\u00f3 que en marzo el gasto promedio se increment\u00f3 en $10.000 frente a febrero.<br><br><strong>El costo promedio de los servicios p\u00fablicos para un hogar representativo del \u00c1rea Metropolitana de Buenos Aires (AMBA) volvi\u00f3 a aumentar en marzo tras la merma de febrero, al trepar un 7,7% frente al mes pasado, de acuerdo a un reporte elaborado por el Observatorio de Tarifas y Subsidios IIEP a cargo de la UBA-Conicet.<\/strong><\/p>\n\n\n\n<p>El informe expuso que en marzo un hogar promedio del AMBA, sin subsidios, gasta $146.641 al mes en cubrir sus necesidades energ\u00e9ticas, de transporte y de agua potable en el hogar, lo que implica un 7,7% m\u00e1s que en febrero, cuando se alcanz\u00f3 un costo de $136.104 por la reducci\u00f3n del 6% frente a enero.<\/p>\n\n\n\n<p>Al argumentar la suba, el IIEP sostuvo que \u201clo explica tanto los incrementos en los cuadros tarifarios de todos los servicios p\u00fablicos como un aumento en las cantidades consumidas de energ\u00eda el\u00e9ctrica y gas natural conforme a las variaciones estacionales\u201d.<\/p>\n\n\n\n<p>Al detallar la realidad de cada servicio, precis\u00f3 que en lo que respecta al agua \u201cse incrementa el cuadro tarifario a la vez que el consumo se ajusta por cantidad de d\u00edas del mes\u201d indicando que \u201cmarzo con 31 d\u00edas marca una diferencia importante en el costo respecto los 28 d\u00edas contabilizados en febrero\u201d.<\/p>\n\n\n\n<p>En cuanto al gas, especific\u00f3 que \u201cse modifica el cuadro tarifario, aument\u00f3 1,7% el cargo fijo y 1,7% el cargo variable, a la vez que se incrementan levemente las cantidades consumidas por estacionalidad\u201d, mientras que en el caso de la energ\u00eda el\u00e9ctrica, puntualiz\u00f3 que \u201cse increment\u00f3 el consumo de energ\u00eda el\u00e9ctrica respecto del mes anterior sumado al aumento en los cuadros tarifarios, 2,5% en el cargo variable\u201d.<\/p>\n\n\n\n<p>Por el lado de los colectivos, el reporte record\u00f3 que se produjo un aumento del 10% en el valor del boleto en el AMBA para el mes de marzo, impactando en el gasto final que le demanda a los usuarios utilizar el transporte p\u00fablico.<\/p>\n\n\n\n<p>En la comparativa interanual, reflej\u00f3 que el costo de la canasta total se increment\u00f3 92% a partir de las actualizaciones de tarifas de transporte, energ\u00eda el\u00e9ctrica, gas natural y agua\u201d, quedando por encima de la inflaci\u00f3n estimada en el REM del Banco Central, ya que precis\u00f3 que \u201cel nivel general de precios tuvo un incremento del 54% en igual periodo\u201d.<\/p>\n\n\n\n<p>En la desagregaci\u00f3n interanual por servicio, el estudio manifest\u00f3 que \u201cse observa que el incremento m\u00e1s importante fue en la factura de gas con un aumento del 537% respecto a marzo de 2024 y en agua con el 330%\u201d. En tanto que la electricidad y el transporte experimentan variaciones mucho menores, del 46% y 45%, respectivamente.<\/p>\n\n\n\n<p>Sobre este contraste, expres\u00f3 que en marzo \u201cse observan marcadas divergencias en las tasas de variaci\u00f3n interanual de los gastos en servicios\u201d, explicando que se debe a que \u201clos aumentos tarifarios m\u00e1s significativos se realizaron en diferentes momentos entre diciembre de 2023 y junio de 2024\u201d.<\/p>\n\n\n\n<p>En la misma l\u00ednea, se\u00f1al\u00f3 que \u201cel incremento interanual en la canasta de los servicios p\u00fablicos implica que 30 puntos porcentuales, de los 92 totales, lo aport\u00f3 el gasto en agua mientras que energ\u00eda el\u00e9ctrica, gas y transporte aportaron 15, 23 y 24 puntos porcentuales respectivamente\u201d.<\/p>\n\n\n\n<p>El costo de los servicios p\u00fablicos para un hogar del AMBA sin subsidios trep\u00f3 un 7,7% en marzo<br>Al medir el comportamiento de las tarifas desde la asunci\u00f3n de la administraci\u00f3n de Javier Milei hasta la actualidad, el IIEP revel\u00f3 que \u201cen los 16 meses que van desde diciembre de 2023 a marzo de 2025 la canasta de servicios p\u00fablicos del AMBA se increment\u00f3 429% mientras que el nivel general de precios lo hizo en 133%\u201d.<\/p>\n\n\n\n<p>Por otra lado, aport\u00f3 que \u201cen los hogares del AMBA se pagan tarifas de servicios p\u00fablicos que, en promedio, cubren el 54% de los costos y, por lo tanto, el Estado se hace cargo del 46% restante\u201d aunque aclar\u00f3 que \u201cesta cobertura es dispar entre segmentos de hogares y entre servicios\u201d.<\/p>\n\n\n\n<p>En este punto, advirti\u00f3 que \u201cla cobertura tarifaria de los costos de la canasta de servicios aument\u00f3 levemente luego de permanecer estable en los \u00faltimos cinco meses\u201d, precisando que \u201cen marzo es 9 p.p. superior al promedio de los \u00faltimos 16 meses (46%) y se ubica en valores similares a los de octubre de 2024\u201d.<\/p>\n\n\n\n<p>El informe tambi\u00e9n evalu\u00f3 el peso de las tarifas en los sueldos puntualizando que \u201cla canasta de servicios p\u00fablicos del AMBA de marzo representa el 11,3% del salario promedio registrado estimado del mes de marzo\u201d.<\/p>\n\n\n\n<p>En este sentido, afirm\u00f3 que \u201cel peso del transporte representa el 41% del gasto y es significativamente m\u00e1s elevado respecto de los restantes servicios\u201d, remarcando que \u201cel gasto en transporte es superior a la suma del gasto en gas y electricidad\u201d.<\/p>\n","protected":false},"excerpt":{"rendered":"<p>Un informe revel&oacute; que en marzo el gasto promedio se increment&oacute; en $10.000 frente a febrero. El costo promedio de los servicios p&uacute;blicos para un hogar representativo del &Aacute;rea Metropolitana de Buenos Aires (AMBA) volvi&oacute; a aumentar en marzo tras la merma de febrero, al trepar un 7,7% frente al mes pasado, de acuerdo a &hellip; <\/p>\n","protected":false},"author":5,"featured_media":16770,"comment_status":"closed","ping_status":"closed","sticky":false,"template":"","format":"standard","meta":{"om_disable_all_campaigns":false,"_joinchat":[]},"categories":[31,4],"tags":[46,43,569],"featured_image_urls":{"full":["https:\/\/infotep.com.ar\/wp-content\/uploads\/2024\/10\/720-1-1.webp",1216,720,false],"thumbnail":["https:\/\/infotep.com.ar\/wp-content\/uploads\/2024\/10\/720-1-1-150x150.webp",150,150,true],"medium":["https:\/\/infotep.com.ar\/wp-content\/uploads\/2024\/10\/720-1-1-300x178.webp",300,178,true],"medium_large":["https:\/\/infotep.com.ar\/wp-content\/uploads\/2024\/10\/720-1-1-768x455.webp",768,455,true],"large":["https:\/\/infotep.com.ar\/wp-content\/uploads\/2024\/10\/720-1-1-1024x606.webp",1020,604,true],"1536x1536":["https:\/\/infotep.com.ar\/wp-content\/uploads\/2024\/10\/720-1-1.webp",1216,720,false],"2048x2048":["https:\/\/infotep.com.ar\/wp-content\/uploads\/2024\/10\/720-1-1.webp",1216,720,false],"blossom-feminine-slider":["https:\/\/infotep.com.ar\/wp-content\/uploads\/2024\/10\/720-1-1-1216x649.webp",1216,649,true],"blossom-feminine-featured":["https:\/\/infotep.com.ar\/wp-content\/uploads\/2024\/10\/720-1-1-1216x600.webp",1216,600,true],"blossom-feminine-with-sidebar":["https:\/\/infotep.com.ar\/wp-content\/uploads\/2024\/10\/720-1-1-1020x600.webp",1020,600,true],"blossom-feminine-blog":["https:\/\/infotep.com.ar\/wp-content\/uploads\/2024\/10\/720-1-1-435x435.webp",435,435,true],"blossom-feminine-cat":["https:\/\/infotep.com.ar\/wp-content\/uploads\/2024\/10\/720-1-1-450x300.webp",450,300,true],"blossom-feminine-related":["https:\/\/infotep.com.ar\/wp-content\/uploads\/2024\/10\/720-1-1-320x200.webp",320,200,true],"blossom-feminine-schema":["https:\/\/infotep.com.ar\/wp-content\/uploads\/2024\/10\/720-1-1-101x60.webp",101,60,true],"blossom-mommy-blog-slider-big":["https:\/\/infotep.com.ar\/wp-content\/uploads\/2024\/10\/720-1-1-920x650.webp",920,650,true],"blossom-mommy-blog-slider":["https:\/\/infotep.com.ar\/wp-content\/uploads\/2024\/10\/720-1-1-460x310.webp",460,310,true],"blossom-mommy-blog-two":["https:\/\/infotep.com.ar\/wp-content\/uploads\/2024\/10\/720-1-1-768x480.webp",768,480,true]},"author_info":{"info":["Angela Tobar"]},"category_info":"<a href=\"https:\/\/infotep.com.ar\/index.php\/category\/destacadas\/\" rel=\"category tag\">Destacadas<\/a> <a href=\"https:\/\/infotep.com.ar\/index.php\/category\/provinciales\/\" rel=\"category tag\">Provinciales<\/a>","tag_info":"Provinciales","comment_count":"0","_links":{"self":[{"href":"https:\/\/infotep.com.ar\/index.php\/wp-json\/wp\/v2\/posts\/22085"}],"collection":[{"href":"https:\/\/infotep.com.ar\/index.php\/wp-json\/wp\/v2\/posts"}],"about":[{"href":"https:\/\/infotep.com.ar\/index.php\/wp-json\/wp\/v2\/types\/post"}],"author":[{"embeddable":true,"href":"https:\/\/infotep.com.ar\/index.php\/wp-json\/wp\/v2\/users\/5"}],"replies":[{"embeddable":true,"href":"https:\/\/infotep.com.ar\/index.php\/wp-json\/wp\/v2\/comments?post=22085"}],"version-history":[{"count":1,"href":"https:\/\/infotep.com.ar\/index.php\/wp-json\/wp\/v2\/posts\/22085\/revisions"}],"predecessor-version":[{"id":22086,"href":"https:\/\/infotep.com.ar\/index.php\/wp-json\/wp\/v2\/posts\/22085\/revisions\/22086"}],"wp:featuredmedia":[{"embeddable":true,"href":"https:\/\/infotep.com.ar\/index.php\/wp-json\/wp\/v2\/media\/16770"}],"wp:attachment":[{"href":"https:\/\/infotep.com.ar\/index.php\/wp-json\/wp\/v2\/media?parent=22085"}],"wp:term":[{"taxonomy":"category","embeddable":true,"href":"https:\/\/infotep.com.ar\/index.php\/wp-json\/wp\/v2\/categories?post=22085"},{"taxonomy":"post_tag","embeddable":true,"href":"https:\/\/infotep.com.ar\/index.php\/wp-json\/wp\/v2\/tags?post=22085"}],"curies":[{"name":"wp","href":"https:\/\/api.w.org\/{rel}","templated":true}]}}