{"id":22306,"date":"2025-03-28T16:44:44","date_gmt":"2025-03-28T19:44:44","guid":{"rendered":"https:\/\/infotep.com.ar\/?p=22306"},"modified":"2025-03-28T16:44:45","modified_gmt":"2025-03-28T19:44:45","slug":"si-hay-plata-milei-gastara-528-millones-en-catering-con-desayuno-almuerzo-y-cena-vip-con-entrada-y-postre","status":"publish","type":"post","link":"https:\/\/infotep.com.ar\/index.php\/2025\/03\/28\/si-hay-plata-milei-gastara-528-millones-en-catering-con-desayuno-almuerzo-y-cena-vip-con-entrada-y-postre\/","title":{"rendered":"Si hay plata: Milei gastar\u00e1 $528 millones en catering con desayuno, almuerzo y cena VIP con entrada y postre"},"content":{"rendered":"\n<p>\u201cSe acab\u00f3 la casta, pero hay ba\u00f1os qu\u00edmicos premium\u201d, reflexion\u00f3 Rolando Gra\u00f1a, conductor de RPM, quien comparti\u00f3 la informaci\u00f3n.<br><\/p>\n\n\n\n<p>El periodista Rolando Gra\u00f1a revel\u00f3 este viernes en su programa en Splendid AM 990 que el Gobierno nacional adjudic\u00f3 un contrato por $528,1 millones para cubrir eventos presidenciales y catering de lujo durante los pr\u00f3ximos cuatro meses. La contrataci\u00f3n fue aprobada por el vocero presidencial y actual candidato a legislador porte\u00f1o, Manuel Adorni, en el marco de una licitaci\u00f3n que depende de la Secretar\u00eda General de la Presidencia, a cargo de Karina Milei.<\/p>\n\n\n\n<p>\u201c\u00bfSe acuerdan que les cont\u00e9 que hab\u00eda plata para catering en el Congreso? Bueno, ahora tambi\u00e9n hay para eventos del propio presidente. 528 millones de pesos, s\u00ed, 528 millones para cuatro meses, y despu\u00e9s queda abierto, lo pueden ampliar hasta fin de a\u00f1o\u201d, se\u00f1al\u00f3 Gra\u00f1a, quien asegur\u00f3 tener en su poder toda la documentaci\u00f3n del expediente, que incluye el dictamen de evaluaci\u00f3n de ofertas y la planilla oficial.<\/p>\n\n\n\n<p>La empresa adjudicataria fue PRODEVENT S.R.L., mientras que otras dos fueron desestimadas. La contrataci\u00f3n se hizo bajo la modalidad de orden de compra abierta, lo que habilita al Ejecutivo a utilizar toda la partida o incluso ampliarla sin nueva licitaci\u00f3n.<\/p>\n\n\n\n<p>Gra\u00f1a cuestion\u00f3 con dureza la incoherencia entre el discurso oficialista y el nivel de gasto. \u201cNo hay plata para universidades, no hay plata para las rutas, ni para los ferrocarriles, pero s\u00ed hay para carpas con aire acondicionado, catering con sushi y ba\u00f1os qu\u00edmicos premium\u201d, ironiz\u00f3. \u201cEsto es para que vean, viejo, que se acab\u00f3 la casta. \u00bfNo?\u201d, agreg\u00f3, aludiendo al lema con el que Javier Milei lleg\u00f3 a la presidencia.<\/p>\n\n\n\n<p><strong>El periodista detall\u00f3 algunos de los servicios incluidos en la licitaci\u00f3n:<\/strong><\/p>\n\n\n\n<p class=\"has-light-green-cyan-background-color has-background\">Catering VIP con desayuno, almuerzo y cena, incluyendo entrada, plato principal y postre.<br>Coffee break con medialunas, bocaditos dulces y frutas de estaci\u00f3n.<br>Carpas climatizadas con alfombras y mobiliario exclusivo.<br>Ba\u00f1os qu\u00edmicos premium, con inodoros con bomba, lavamanos con agua filtrada y dispensers autom\u00e1ticos.<br>Pantallas LED de hasta 48 m\u00b2, sonido de \u00faltima generaci\u00f3n y consolas digitales de 48 canales.<br>Seguridad privada con hasta cinco agentes por evento.<br>Ambulancias de alta complejidad con m\u00e9dicos y equipos de emergencia.<br>200 m\u00b2 de gr\u00e1fica personalizada con logos oficiales para cada acto.<br>\u201cNo s\u00e9 c\u00f3mo es un ba\u00f1o qu\u00edmico premium, pero dicen que tiene inodoro con bomba y agua filtrada. Nada de esas mierdas de antes, \u00bfeh?\u201d, brome\u00f3 Gra\u00f1a al aire. \u201cEsto es para los eventos del presidente, que iba a terminar con la casta y hoy tiene catering de lujo, gr\u00e1fica personalizada y ambulancias privadas. \u00bfA ustedes les parece?\u201d, lanz\u00f3.<\/p>\n\n\n\n<p>La adjudicaci\u00f3n fue firmada por Melisa Della Ratta, directora de Contrataciones de la Secretar\u00eda General, lo que confirma que todo el proceso depende directamente de Karina Milei, hermana del presidente. Adem\u00e1s, el contrato lleva las firmas de Manuel Adorni, quien recientemente fue oficializado como candidato a legislador porte\u00f1o.<\/p>\n\n\n\n<p><strong>\u201cAdorni firm\u00f3 los 528 millones de mangos en catering VIP, y ahora va a ser candidato en la Ciudad. Supongo que alguien le va a preguntar si tambi\u00e9n va a traer la motosierra para cortar servicios en hospitales y escuelas\u201d, concluy\u00f3 Gra\u00f1a en tono cr\u00edtico.<\/strong><\/p>\n\n\n\n<p>El gasto se da en un contexto de fuerte ajuste fiscal, donde el gobierno ha recortado partidas clave como educaci\u00f3n, salud, transporte y obra p\u00fablica, pero mantiene intactas las partidas para los eventos del Poder Ejecutivo.<\/p>\n","protected":false},"excerpt":{"rendered":"<p>&ldquo;Se acab&oacute; la casta, pero hay ba&ntilde;os qu&iacute;micos premium&rdquo;, reflexion&oacute; Rolando Gra&ntilde;a, conductor de RPM, quien comparti&oacute; la informaci&oacute;n. El periodista Rolando Gra&ntilde;a revel&oacute; este viernes en su programa en Splendid AM 990 que el Gobierno nacional adjudic&oacute; un contrato por $528,1 millones para cubrir eventos presidenciales y catering de lujo durante los pr&oacute;ximos cuatro &hellip; <\/p>\n","protected":false},"author":5,"featured_media":11601,"comment_status":"closed","ping_status":"closed","sticky":false,"template":"","format":"standard","meta":{"om_disable_all_campaigns":false,"_joinchat":[]},"categories":[3],"tags":[46,43,569],"featured_image_urls":{"full":["https:\/\/infotep.com.ar\/wp-content\/uploads\/2024\/03\/espert-milei.jpg",1200,675,false],"thumbnail":["https:\/\/infotep.com.ar\/wp-content\/uploads\/2024\/03\/espert-milei-150x150.jpg",150,150,true],"medium":["https:\/\/infotep.com.ar\/wp-content\/uploads\/2024\/03\/espert-milei-300x169.jpg",300,169,true],"medium_large":["https:\/\/infotep.com.ar\/wp-content\/uploads\/2024\/03\/espert-milei-768x432.jpg",768,432,true],"large":["https:\/\/infotep.com.ar\/wp-content\/uploads\/2024\/03\/espert-milei-1024x576.jpg",1020,574,true],"1536x1536":["https:\/\/infotep.com.ar\/wp-content\/uploads\/2024\/03\/espert-milei.jpg",1200,675,false],"2048x2048":["https:\/\/infotep.com.ar\/wp-content\/uploads\/2024\/03\/espert-milei.jpg",1200,675,false],"blossom-feminine-slider":["https:\/\/infotep.com.ar\/wp-content\/uploads\/2024\/03\/espert-milei-1200x649.jpg",1200,649,true],"blossom-feminine-featured":["https:\/\/infotep.com.ar\/wp-content\/uploads\/2024\/03\/espert-milei-1200x600.jpg",1200,600,true],"blossom-feminine-with-sidebar":["https:\/\/infotep.com.ar\/wp-content\/uploads\/2024\/03\/espert-milei-1020x600.jpg",1020,600,true],"blossom-feminine-blog":["https:\/\/infotep.com.ar\/wp-content\/uploads\/2024\/03\/espert-milei-435x435.jpg",435,435,true],"blossom-feminine-cat":["https:\/\/infotep.com.ar\/wp-content\/uploads\/2024\/03\/espert-milei-450x300.jpg",450,300,true],"blossom-feminine-related":["https:\/\/infotep.com.ar\/wp-content\/uploads\/2024\/03\/espert-milei-320x200.jpg",320,200,true],"blossom-feminine-schema":["https:\/\/infotep.com.ar\/wp-content\/uploads\/2024\/03\/espert-milei-107x60.jpg",107,60,true],"blossom-mommy-blog-slider-big":["https:\/\/infotep.com.ar\/wp-content\/uploads\/2024\/03\/espert-milei-920x650.jpg",920,650,true],"blossom-mommy-blog-slider":["https:\/\/infotep.com.ar\/wp-content\/uploads\/2024\/03\/espert-milei-460x310.jpg",460,310,true],"blossom-mommy-blog-two":["https:\/\/infotep.com.ar\/wp-content\/uploads\/2024\/03\/espert-milei-768x480.jpg",768,480,true]},"author_info":{"info":["Angela Tobar"]},"category_info":"<a href=\"https:\/\/infotep.com.ar\/index.php\/category\/nacionales\/\" rel=\"category tag\">Nacionales<\/a>","tag_info":"Nacionales","comment_count":"0","_links":{"self":[{"href":"https:\/\/infotep.com.ar\/index.php\/wp-json\/wp\/v2\/posts\/22306"}],"collection":[{"href":"https:\/\/infotep.com.ar\/index.php\/wp-json\/wp\/v2\/posts"}],"about":[{"href":"https:\/\/infotep.com.ar\/index.php\/wp-json\/wp\/v2\/types\/post"}],"author":[{"embeddable":true,"href":"https:\/\/infotep.com.ar\/index.php\/wp-json\/wp\/v2\/users\/5"}],"replies":[{"embeddable":true,"href":"https:\/\/infotep.com.ar\/index.php\/wp-json\/wp\/v2\/comments?post=22306"}],"version-history":[{"count":1,"href":"https:\/\/infotep.com.ar\/index.php\/wp-json\/wp\/v2\/posts\/22306\/revisions"}],"predecessor-version":[{"id":22307,"href":"https:\/\/infotep.com.ar\/index.php\/wp-json\/wp\/v2\/posts\/22306\/revisions\/22307"}],"wp:featuredmedia":[{"embeddable":true,"href":"https:\/\/infotep.com.ar\/index.php\/wp-json\/wp\/v2\/media\/11601"}],"wp:attachment":[{"href":"https:\/\/infotep.com.ar\/index.php\/wp-json\/wp\/v2\/media?parent=22306"}],"wp:term":[{"taxonomy":"category","embeddable":true,"href":"https:\/\/infotep.com.ar\/index.php\/wp-json\/wp\/v2\/categories?post=22306"},{"taxonomy":"post_tag","embeddable":true,"href":"https:\/\/infotep.com.ar\/index.php\/wp-json\/wp\/v2\/tags?post=22306"}],"curies":[{"name":"wp","href":"https:\/\/api.w.org\/{rel}","templated":true}]}}