{"id":22308,"date":"2025-03-28T16:47:15","date_gmt":"2025-03-28T19:47:15","guid":{"rendered":"https:\/\/infotep.com.ar\/?p=22308"},"modified":"2025-03-28T16:47:16","modified_gmt":"2025-03-28T19:47:16","slug":"feriado-del-miercoles-2-de-abril-se-traslada-y-hay-fin-de-semana-largo","status":"publish","type":"post","link":"https:\/\/infotep.com.ar\/index.php\/2025\/03\/28\/feriado-del-miercoles-2-de-abril-se-traslada-y-hay-fin-de-semana-largo\/","title":{"rendered":"Feriado del mi\u00e9rcoles 2 de abril: \u00bfse traslada y hay fin de semana largo?"},"content":{"rendered":"\n<p>El cuarto mes del a\u00f1o arranca con el feriado por el D\u00eda del Veterano y de los Ca\u00eddos en Malvinas. \u00bfHay descanso extendido?<br><br>Tras el reciente fin de semana largo por el D\u00eda de la Memora, los trabajadores ya se preparan para el pr\u00f3ximo feriado nacional, que llega en el comienzo del mes de abril.<\/p>\n\n\n\n<p>Tras el descanso extendido del mes de marzo, abril tiene un nuevo feriado nacional por el D\u00eda del Veterano y de los Ca\u00eddos en Malvinas.<\/p>\n\n\n\n<p><strong>Cu\u00e1ndo es el pr\u00f3ximo feriado nacional: \u00bfhay fin de semana largo?<br><\/strong>El pr\u00f3ximo es el 2 de abril, D\u00eda del Veterano y de los Ca\u00eddos en la Guerra de Malvinas. Este a\u00f1o cae mi\u00e9rcoles, y no es trasladable por lo que no hay fin de semana largo. Tampoco hay feriados puente.<\/p>\n\n\n\n<p><strong>Cu\u00e1ndo es el pr\u00f3ximo fin de semana largo en la Argentina<br><\/strong>El pr\u00f3ximo fin de semana largo tambi\u00e9n ser\u00e1 en abril, en el marco de Semana Santa, que cae jueves 18 (d\u00eda no laborable) y viernes 19 (feriado).<\/p>\n\n\n\n<p><strong>Calendario de feriados 2025 en Argentina<br><\/strong>Mi\u00e9rcoles 1 de enero: A\u00f1o Nuevo<br>Lunes 3 y martes 4 de marzo: Carnaval<br>Lunes 24 de marzo: D\u00eda Nacional de la Memoria por la Verdad y la Justicia.<br>Mi\u00e9rcoles 2 de abril: D\u00eda del Veterano y de los Ca\u00eddos en la Guerra de Malvinas.<br>Jueves 18 y viernes 19: Semana Santa.<br>Jueves 1 de mayo: D\u00eda del Trabajador.<br>Viernes 2 de mayo: D\u00eda no laborable con fines tur\u00edsticos.<br>Domingo 25 de mayo: D\u00eda de la Revoluci\u00f3n de Mayo.<br>Lunes 16 de junio: Paso a la Inmortalidad del Gral. Don Mart\u00edn Miguel de (trasladado del 17\/6).<br>Viernes 20 de junio: Paso a la Inmortalidad del Gral. Manuel Belgrano.<br>Mi\u00e9rcoles 9 de julio: D\u00eda de la independencia.<br>Viernes 15 de agosto: D\u00eda no laborable con fines tur\u00edsticos.<br>Lunes 17 de agosto: Paso a la Inmortalidad del Gral. Jos\u00e9 de San Mart\u00edn.<br>Domingo 12 de octubre: D\u00eda del Respeto a la Diversidad Cultural.<br>Viernes 21 de noviembre: D\u00eda no laborable con fines tur\u00edsticos.<br>Lunes 24 de noviembre: D\u00eda de la Soberan\u00eda Nacional (trasladado del 20\/11).<br>Lunes 8 de diciembre: Inmaculada Concepci\u00f3n de Mar\u00eda.<br>Jueves 25 de diciembre: Navidad.<\/p>\n","protected":false},"excerpt":{"rendered":"<p>El cuarto mes del a&ntilde;o arranca con el feriado por el D&iacute;a del Veterano y de los Ca&iacute;dos en Malvinas. &iquest;Hay descanso extendido? Tras el reciente fin de semana largo por el D&iacute;a de la Memora, los trabajadores ya se preparan para el pr&oacute;ximo feriado nacional, que llega en el comienzo del mes de abril. &hellip; <\/p>\n","protected":false},"author":5,"featured_media":7267,"comment_status":"closed","ping_status":"closed","sticky":false,"template":"","format":"standard","meta":{"om_disable_all_campaigns":false,"_joinchat":[]},"categories":[3],"tags":[46,43,569],"featured_image_urls":{"full":["https:\/\/infotep.com.ar\/wp-content\/uploads\/2023\/09\/feriados-calendario.png",700,366,false],"thumbnail":["https:\/\/infotep.com.ar\/wp-content\/uploads\/2023\/09\/feriados-calendario-150x150.png",150,150,true],"medium":["https:\/\/infotep.com.ar\/wp-content\/uploads\/2023\/09\/feriados-calendario-300x157.png",300,157,true],"medium_large":["https:\/\/infotep.com.ar\/wp-content\/uploads\/2023\/09\/feriados-calendario.png",700,366,false],"large":["https:\/\/infotep.com.ar\/wp-content\/uploads\/2023\/09\/feriados-calendario.png",700,366,false],"1536x1536":["https:\/\/infotep.com.ar\/wp-content\/uploads\/2023\/09\/feriados-calendario.png",700,366,false],"2048x2048":["https:\/\/infotep.com.ar\/wp-content\/uploads\/2023\/09\/feriados-calendario.png",700,366,false],"blossom-feminine-slider":["https:\/\/infotep.com.ar\/wp-content\/uploads\/2023\/09\/feriados-calendario.png",700,366,false],"blossom-feminine-featured":["https:\/\/infotep.com.ar\/wp-content\/uploads\/2023\/09\/feriados-calendario.png",700,366,false],"blossom-feminine-with-sidebar":["https:\/\/infotep.com.ar\/wp-content\/uploads\/2023\/09\/feriados-calendario.png",700,366,false],"blossom-feminine-blog":["https:\/\/infotep.com.ar\/wp-content\/uploads\/2023\/09\/feriados-calendario-435x366.png",435,366,true],"blossom-feminine-cat":["https:\/\/infotep.com.ar\/wp-content\/uploads\/2023\/09\/feriados-calendario-450x300.png",450,300,true],"blossom-feminine-related":["https:\/\/infotep.com.ar\/wp-content\/uploads\/2023\/09\/feriados-calendario-320x200.png",320,200,true],"blossom-feminine-schema":["https:\/\/infotep.com.ar\/wp-content\/uploads\/2023\/09\/feriados-calendario-115x60.png",115,60,true],"blossom-mommy-blog-slider-big":["https:\/\/infotep.com.ar\/wp-content\/uploads\/2023\/09\/feriados-calendario.png",700,366,false],"blossom-mommy-blog-slider":["https:\/\/infotep.com.ar\/wp-content\/uploads\/2023\/09\/feriados-calendario-460x310.png",460,310,true],"blossom-mommy-blog-two":["https:\/\/infotep.com.ar\/wp-content\/uploads\/2023\/09\/feriados-calendario.png",700,366,false]},"author_info":{"info":["Angela Tobar"]},"category_info":"<a href=\"https:\/\/infotep.com.ar\/index.php\/category\/nacionales\/\" rel=\"category tag\">Nacionales<\/a>","tag_info":"Nacionales","comment_count":"0","_links":{"self":[{"href":"https:\/\/infotep.com.ar\/index.php\/wp-json\/wp\/v2\/posts\/22308"}],"collection":[{"href":"https:\/\/infotep.com.ar\/index.php\/wp-json\/wp\/v2\/posts"}],"about":[{"href":"https:\/\/infotep.com.ar\/index.php\/wp-json\/wp\/v2\/types\/post"}],"author":[{"embeddable":true,"href":"https:\/\/infotep.com.ar\/index.php\/wp-json\/wp\/v2\/users\/5"}],"replies":[{"embeddable":true,"href":"https:\/\/infotep.com.ar\/index.php\/wp-json\/wp\/v2\/comments?post=22308"}],"version-history":[{"count":1,"href":"https:\/\/infotep.com.ar\/index.php\/wp-json\/wp\/v2\/posts\/22308\/revisions"}],"predecessor-version":[{"id":22309,"href":"https:\/\/infotep.com.ar\/index.php\/wp-json\/wp\/v2\/posts\/22308\/revisions\/22309"}],"wp:featuredmedia":[{"embeddable":true,"href":"https:\/\/infotep.com.ar\/index.php\/wp-json\/wp\/v2\/media\/7267"}],"wp:attachment":[{"href":"https:\/\/infotep.com.ar\/index.php\/wp-json\/wp\/v2\/media?parent=22308"}],"wp:term":[{"taxonomy":"category","embeddable":true,"href":"https:\/\/infotep.com.ar\/index.php\/wp-json\/wp\/v2\/categories?post=22308"},{"taxonomy":"post_tag","embeddable":true,"href":"https:\/\/infotep.com.ar\/index.php\/wp-json\/wp\/v2\/tags?post=22308"}],"curies":[{"name":"wp","href":"https:\/\/api.w.org\/{rel}","templated":true}]}}