{"id":22327,"date":"2025-03-28T17:04:42","date_gmt":"2025-03-28T20:04:42","guid":{"rendered":"https:\/\/infotep.com.ar\/?p=22327"},"modified":"2025-03-28T17:04:43","modified_gmt":"2025-03-28T20:04:43","slug":"sin-aumentos-desde-agosto-trabajadores-de-la-tv-publica-inician-un-plan-de-lucha-por-recomposicion-salarial","status":"publish","type":"post","link":"https:\/\/infotep.com.ar\/index.php\/2025\/03\/28\/sin-aumentos-desde-agosto-trabajadores-de-la-tv-publica-inician-un-plan-de-lucha-por-recomposicion-salarial\/","title":{"rendered":"Sin aumentos desde agosto\u00bb: Trabajadores de la TV P\u00fablica inician un plan de lucha por recomposici\u00f3n salarial"},"content":{"rendered":"\n<p>El sindicato de la televisi\u00f3n comenzar\u00e1 este viernes con un plan de lucha, que tendr\u00e1 como punta pie una retenci\u00f3n de tareas de dos horas por turno.<\/p>\n\n\n\n<p>El Sindicato Argentino de Televisi\u00f3n (SATSAID) iniciar\u00e1 este viernes un plan de lucha en la Televisi\u00f3n P\u00fablica ante la falta de respuestas de las autoridades del canal al pedido de recomposici\u00f3n salarial.<\/p>\n\n\n\n<p>El gremio que conduce Horacio Arreceygor denunci\u00f3 que los trabajadores de la se\u00f1al estatal llevan casi ocho meses sin incrementos en los sueldos. El comienzo del plan de lucha ser\u00e1 con retenci\u00f3n de tareas de dos horas por turno.<\/p>\n\n\n\n<p>As\u00ed lo resolvieron los trabajadores reunidos en asamblea, que llevar\u00e1n adelante una manifestaci\u00f3n espont\u00e1nea dentro del canal.<\/p>\n\n\n\n<p>El SATSAID repudi\u00f3 el accionar de las autoridades de la Televisi\u00f3n P\u00fablica, quienes no est\u00e1n reconociendo a sus trabajadores y trabajadoras las paritarias correspondientes a la actividad. As\u00ed, desde agosto de 2024, quienes se desempe\u00f1an en el canal se encuentran sin ning\u00fan tipo de aumento salarial.<\/p>\n\n\n\n<p>Esta situaci\u00f3n ha provocado la p\u00e9rdida de casi el 40% de los sueldos, un hecho que deja a los trabajadores, en muchos casos, con remuneraciones por debajo de la l\u00ednea de pobreza.<\/p>\n\n\n\n<p>Adicionalmente, el gremio denunci\u00f3 que en la TV P\u00fablica se est\u00e1 llevando adelante una pol\u00edtica de precarizaci\u00f3n laboral en diferentes \u00e1reas y un ataque sistem\u00e1tico al convenio colectivo de trabajo vigente.<\/p>\n\n\n\n<p>\u00abEl car\u00e1cter alimentario de nuestro salario se ve profundamente da\u00f1ado y nos obliga a tomar estas medidas para exigir a la empresa la conformaci\u00f3n de una mesa de di\u00e1logo y una urgente recomposici\u00f3n salarial\u00bb, se\u00f1al\u00f3 el sindicato.<\/p>\n","protected":false},"excerpt":{"rendered":"<p>El sindicato de la televisi&oacute;n comenzar&aacute; este viernes con un plan de lucha, que tendr&aacute; como punta pie una retenci&oacute;n de tareas de dos horas por turno. El Sindicato Argentino de Televisi&oacute;n (SATSAID) iniciar&aacute; este viernes un plan de lucha en la Televisi&oacute;n P&uacute;blica ante la falta de respuestas de las autoridades del canal al &hellip; <\/p>\n","protected":false},"author":5,"featured_media":22328,"comment_status":"closed","ping_status":"closed","sticky":false,"template":"","format":"standard","meta":{"om_disable_all_campaigns":false,"_joinchat":[]},"categories":[7],"tags":[46,43,569],"featured_image_urls":{"full":["https:\/\/infotep.com.ar\/wp-content\/uploads\/2025\/03\/tv.jpg",1332,723,false],"thumbnail":["https:\/\/infotep.com.ar\/wp-content\/uploads\/2025\/03\/tv-150x150.jpg",150,150,true],"medium":["https:\/\/infotep.com.ar\/wp-content\/uploads\/2025\/03\/tv-300x163.jpg",300,163,true],"medium_large":["https:\/\/infotep.com.ar\/wp-content\/uploads\/2025\/03\/tv-768x417.jpg",768,417,true],"large":["https:\/\/infotep.com.ar\/wp-content\/uploads\/2025\/03\/tv-1024x556.jpg",1020,554,true],"1536x1536":["https:\/\/infotep.com.ar\/wp-content\/uploads\/2025\/03\/tv.jpg",1332,723,false],"2048x2048":["https:\/\/infotep.com.ar\/wp-content\/uploads\/2025\/03\/tv.jpg",1332,723,false],"blossom-feminine-slider":["https:\/\/infotep.com.ar\/wp-content\/uploads\/2025\/03\/tv-1332x649.jpg",1332,649,true],"blossom-feminine-featured":["https:\/\/infotep.com.ar\/wp-content\/uploads\/2025\/03\/tv-1332x600.jpg",1332,600,true],"blossom-feminine-with-sidebar":["https:\/\/infotep.com.ar\/wp-content\/uploads\/2025\/03\/tv-1020x600.jpg",1020,600,true],"blossom-feminine-blog":["https:\/\/infotep.com.ar\/wp-content\/uploads\/2025\/03\/tv-435x435.jpg",435,435,true],"blossom-feminine-cat":["https:\/\/infotep.com.ar\/wp-content\/uploads\/2025\/03\/tv-450x300.jpg",450,300,true],"blossom-feminine-related":["https:\/\/infotep.com.ar\/wp-content\/uploads\/2025\/03\/tv-320x200.jpg",320,200,true],"blossom-feminine-schema":["https:\/\/infotep.com.ar\/wp-content\/uploads\/2025\/03\/tv-111x60.jpg",111,60,true],"blossom-mommy-blog-slider-big":["https:\/\/infotep.com.ar\/wp-content\/uploads\/2025\/03\/tv-920x650.jpg",920,650,true],"blossom-mommy-blog-slider":["https:\/\/infotep.com.ar\/wp-content\/uploads\/2025\/03\/tv-460x310.jpg",460,310,true],"blossom-mommy-blog-two":["https:\/\/infotep.com.ar\/wp-content\/uploads\/2025\/03\/tv-768x480.jpg",768,480,true]},"author_info":{"info":["Angela Tobar"]},"category_info":"<a href=\"https:\/\/infotep.com.ar\/index.php\/category\/gremios\/\" rel=\"category tag\">Gremios<\/a>","tag_info":"Gremios","comment_count":"0","_links":{"self":[{"href":"https:\/\/infotep.com.ar\/index.php\/wp-json\/wp\/v2\/posts\/22327"}],"collection":[{"href":"https:\/\/infotep.com.ar\/index.php\/wp-json\/wp\/v2\/posts"}],"about":[{"href":"https:\/\/infotep.com.ar\/index.php\/wp-json\/wp\/v2\/types\/post"}],"author":[{"embeddable":true,"href":"https:\/\/infotep.com.ar\/index.php\/wp-json\/wp\/v2\/users\/5"}],"replies":[{"embeddable":true,"href":"https:\/\/infotep.com.ar\/index.php\/wp-json\/wp\/v2\/comments?post=22327"}],"version-history":[{"count":1,"href":"https:\/\/infotep.com.ar\/index.php\/wp-json\/wp\/v2\/posts\/22327\/revisions"}],"predecessor-version":[{"id":22329,"href":"https:\/\/infotep.com.ar\/index.php\/wp-json\/wp\/v2\/posts\/22327\/revisions\/22329"}],"wp:featuredmedia":[{"embeddable":true,"href":"https:\/\/infotep.com.ar\/index.php\/wp-json\/wp\/v2\/media\/22328"}],"wp:attachment":[{"href":"https:\/\/infotep.com.ar\/index.php\/wp-json\/wp\/v2\/media?parent=22327"}],"wp:term":[{"taxonomy":"category","embeddable":true,"href":"https:\/\/infotep.com.ar\/index.php\/wp-json\/wp\/v2\/categories?post=22327"},{"taxonomy":"post_tag","embeddable":true,"href":"https:\/\/infotep.com.ar\/index.php\/wp-json\/wp\/v2\/tags?post=22327"}],"curies":[{"name":"wp","href":"https:\/\/api.w.org\/{rel}","templated":true}]}}