{"id":22768,"date":"2025-04-12T18:19:54","date_gmt":"2025-04-12T21:19:54","guid":{"rendered":"https:\/\/infotep.com.ar\/?p=22768"},"modified":"2025-04-13T18:31:53","modified_gmt":"2025-04-13T21:31:53","slug":"el-gobierno-de-javier-milei-se-comprometio-con-el-fmi-a-una-reforma-integral-del-sistema-previsional","status":"publish","type":"post","link":"https:\/\/infotep.com.ar\/index.php\/2025\/04\/12\/el-gobierno-de-javier-milei-se-comprometio-con-el-fmi-a-una-reforma-integral-del-sistema-previsional\/","title":{"rendered":"El Gobierno de Javier Milei se comprometi\u00f3 con el FMI a una reforma integral del sistema previsional"},"content":{"rendered":"\n<p>En el documento oficial que public\u00f3 el Fondo Monetario Internacional menciona el 2026 como fecha de la propuesta.<br><br>El Gobierno de Javier Milei, en el marco del nuevo acuerdo de facilidades extendidas firmado con el Fondo Monetario Internacional (FMI), se comprometi\u00f3 a implementar una reforma integral del sistema previsional. El compromiso fue asumido como parte del programa econ\u00f3mico delineado en el entendimiento alcanzado con el organismo multilateral, que tendr\u00e1 una duraci\u00f3n de cuatro a\u00f1os y busca consolidar la estabilidad macroecon\u00f3mica.<\/p>\n\n\n\n<p>La reforma previsional, que debe estar dise\u00f1ada para diciembre de 2026, fue incluida como un criterio estructural del programa. Seg\u00fan los documentos oficiales, el objetivo central ser\u00e1 mejorar la equidad y la sostenibilidad del sistema. Para ello, se prev\u00e9 una reestructuraci\u00f3n del esquema vigente, actualmente caracterizado por su fragmentaci\u00f3n, con el fin de alinear de manera m\u00e1s eficiente las contribuciones con los beneficios otorgados. Esta modificaci\u00f3n tambi\u00e9n buscar\u00e1 incentivar una mayor formalizaci\u00f3n del empleo en el mercado laboral argentino.<\/p>\n\n\n\n<p>El compromiso en materia previsional se enmarca dentro de una estrategia fiscal m\u00e1s amplia basada en el principio de d\u00e9ficit cero, que el Gobierno ya comenz\u00f3 a implementar. En ese sentido, las autoridades destacaron que durante los primeros meses de la gesti\u00f3n se logr\u00f3 registrar el primer super\u00e1vit fiscal en casi dos d\u00e9cadas. El programa acordado con el FMI enfatiza la necesidad de fortalecer la calidad y la sostenibilidad de ese ancla fiscal a trav\u00e9s de una disciplina continua en el gasto p\u00fablico, mejoras en la eficiencia y una secuencia adecuada de reformas en los sistemas tributario, de coparticipaci\u00f3n federal y previsional.<\/p>\n\n\n\n<p>Junto con estos compromisos, el acuerdo tambi\u00e9n contempla un redise\u00f1o del r\u00e9gimen cambiario, con una transici\u00f3n hacia un esquema de mayor flexibilidad del tipo de cambio. El objetivo de este cambio es reconstruir reservas internacionales y mejorar la capacidad de absorci\u00f3n de shocks externos. Esta transici\u00f3n ser\u00e1 acompa\u00f1ada por un nuevo marco de metas monetarias, que incluir\u00e1 l\u00edmites estrictos sobre los activos dom\u00e9sticos netos del Banco Central, para sostener la demanda de dinero y continuar con el proceso de desinflaci\u00f3n, reduciendo la necesidad de intervenci\u00f3n en el mercado cambiario.<\/p>\n\n\n\n<p>Adem\u00e1s, el programa contempla el tratamiento de una reducci\u00f3n gradual de los llamados impuestos distorsivos, como los grav\u00e1menes sobre exportaciones y transacciones financieras, que ser\u00e1n reemplazados por tributos directos m\u00e1s simples y mejor administrados sobre hogares y empresas. Entre las reformas previstas se incluye la armonizaci\u00f3n del monotributo, la simplificaci\u00f3n del impuesto a las ganancias corporativas, y la revisi\u00f3n de los gastos tributarios, que actualmente representan el 3,5 por ciento del PBI y benefician a sectores y regiones espec\u00edficas.<\/p>\n\n\n\n<p>A nivel provincial, se buscar\u00e1 eliminar gradualmente los impuestos distorsivos como Ingresos Brutos, y mejorar la valuaci\u00f3n de activos inmobiliarios y tierras, especialmente en el sector agropecuario. Tambi\u00e9n se impulsar\u00e1 una reforma del sistema de coparticipaci\u00f3n federal y se promover\u00e1n marcos de responsabilidad fiscal para alinear incentivos entre los distintos niveles de gobierno.<\/p>\n\n\n\n<p>En paralelo, se profundizar\u00e1n reformas estructurales destinadas a fortalecer la apertura de la econom\u00eda, flexibilizar los mercados de bienes y trabajo, mejorar la eficiencia del Estado y dotar de mayor previsibilidad al marco regulatorio. Estas iniciativas tambi\u00e9n contemplan el alineamiento de los marcos legales vinculados a la lucha contra la corrupci\u00f3n y el lavado de activos con los est\u00e1ndares internacionales.<\/p>\n","protected":false},"excerpt":{"rendered":"<p>En el documento oficial que public&oacute; el Fondo Monetario Internacional menciona el 2026 como fecha de la propuesta. El Gobierno de Javier Milei, en el marco del nuevo acuerdo de facilidades extendidas firmado con el Fondo Monetario Internacional (FMI), se comprometi&oacute; a implementar una reforma integral del sistema previsional. El compromiso fue asumido como parte &hellip; <\/p>\n","protected":false},"author":5,"featured_media":22769,"comment_status":"closed","ping_status":"closed","sticky":false,"template":"","format":"standard","meta":{"om_disable_all_campaigns":false,"_joinchat":[]},"categories":[31,3],"tags":[46,43,569],"featured_image_urls":{"full":["https:\/\/infotep.com.ar\/wp-content\/uploads\/2025\/04\/jubilado.webp",1080,720,false],"thumbnail":["https:\/\/infotep.com.ar\/wp-content\/uploads\/2025\/04\/jubilado-150x150.webp",150,150,true],"medium":["https:\/\/infotep.com.ar\/wp-content\/uploads\/2025\/04\/jubilado-300x200.webp",300,200,true],"medium_large":["https:\/\/infotep.com.ar\/wp-content\/uploads\/2025\/04\/jubilado-768x512.webp",768,512,true],"large":["https:\/\/infotep.com.ar\/wp-content\/uploads\/2025\/04\/jubilado-1024x683.webp",1020,680,true],"1536x1536":["https:\/\/infotep.com.ar\/wp-content\/uploads\/2025\/04\/jubilado.webp",1080,720,false],"2048x2048":["https:\/\/infotep.com.ar\/wp-content\/uploads\/2025\/04\/jubilado.webp",1080,720,false],"blossom-feminine-slider":["https:\/\/infotep.com.ar\/wp-content\/uploads\/2025\/04\/jubilado-1080x649.webp",1080,649,true],"blossom-feminine-featured":["https:\/\/infotep.com.ar\/wp-content\/uploads\/2025\/04\/jubilado-1080x600.webp",1080,600,true],"blossom-feminine-with-sidebar":["https:\/\/infotep.com.ar\/wp-content\/uploads\/2025\/04\/jubilado-1020x600.webp",1020,600,true],"blossom-feminine-blog":["https:\/\/infotep.com.ar\/wp-content\/uploads\/2025\/04\/jubilado-435x435.webp",435,435,true],"blossom-feminine-cat":["https:\/\/infotep.com.ar\/wp-content\/uploads\/2025\/04\/jubilado-450x300.webp",450,300,true],"blossom-feminine-related":["https:\/\/infotep.com.ar\/wp-content\/uploads\/2025\/04\/jubilado-320x200.webp",320,200,true],"blossom-feminine-schema":["https:\/\/infotep.com.ar\/wp-content\/uploads\/2025\/04\/jubilado-90x60.webp",90,60,true],"blossom-mommy-blog-slider-big":["https:\/\/infotep.com.ar\/wp-content\/uploads\/2025\/04\/jubilado-920x650.webp",920,650,true],"blossom-mommy-blog-slider":["https:\/\/infotep.com.ar\/wp-content\/uploads\/2025\/04\/jubilado-460x310.webp",460,310,true],"blossom-mommy-blog-two":["https:\/\/infotep.com.ar\/wp-content\/uploads\/2025\/04\/jubilado-768x480.webp",768,480,true]},"author_info":{"info":["Angela Tobar"]},"category_info":"<a href=\"https:\/\/infotep.com.ar\/index.php\/category\/destacadas\/\" rel=\"category tag\">Destacadas<\/a> <a href=\"https:\/\/infotep.com.ar\/index.php\/category\/nacionales\/\" rel=\"category tag\">Nacionales<\/a>","tag_info":"Nacionales","comment_count":"0","_links":{"self":[{"href":"https:\/\/infotep.com.ar\/index.php\/wp-json\/wp\/v2\/posts\/22768"}],"collection":[{"href":"https:\/\/infotep.com.ar\/index.php\/wp-json\/wp\/v2\/posts"}],"about":[{"href":"https:\/\/infotep.com.ar\/index.php\/wp-json\/wp\/v2\/types\/post"}],"author":[{"embeddable":true,"href":"https:\/\/infotep.com.ar\/index.php\/wp-json\/wp\/v2\/users\/5"}],"replies":[{"embeddable":true,"href":"https:\/\/infotep.com.ar\/index.php\/wp-json\/wp\/v2\/comments?post=22768"}],"version-history":[{"count":1,"href":"https:\/\/infotep.com.ar\/index.php\/wp-json\/wp\/v2\/posts\/22768\/revisions"}],"predecessor-version":[{"id":22770,"href":"https:\/\/infotep.com.ar\/index.php\/wp-json\/wp\/v2\/posts\/22768\/revisions\/22770"}],"wp:featuredmedia":[{"embeddable":true,"href":"https:\/\/infotep.com.ar\/index.php\/wp-json\/wp\/v2\/media\/22769"}],"wp:attachment":[{"href":"https:\/\/infotep.com.ar\/index.php\/wp-json\/wp\/v2\/media?parent=22768"}],"wp:term":[{"taxonomy":"category","embeddable":true,"href":"https:\/\/infotep.com.ar\/index.php\/wp-json\/wp\/v2\/categories?post=22768"},{"taxonomy":"post_tag","embeddable":true,"href":"https:\/\/infotep.com.ar\/index.php\/wp-json\/wp\/v2\/tags?post=22768"}],"curies":[{"name":"wp","href":"https:\/\/api.w.org\/{rel}","templated":true}]}}