{"id":23080,"date":"2025-04-24T02:13:52","date_gmt":"2025-04-24T05:13:52","guid":{"rendered":"https:\/\/infotep.com.ar\/?p=23080"},"modified":"2025-04-24T02:14:53","modified_gmt":"2025-04-24T05:14:53","slug":"paro-de-docentes-universitarios-los-salarios-perdieron-80-puntos-porcentuales-frente-a-la-inflacion","status":"publish","type":"post","link":"https:\/\/infotep.com.ar\/index.php\/2025\/04\/24\/paro-de-docentes-universitarios-los-salarios-perdieron-80-puntos-porcentuales-frente-a-la-inflacion\/","title":{"rendered":"Paro de docentes universitarios: \u00abLos salarios perdieron 80 puntos porcentuales frente a la inflaci\u00f3n\u00bb"},"content":{"rendered":"\n<p>Lo asegur\u00f3 Carlos De Feo, titular de la CONADU, entidad sindical que este mi\u00e9rcoles realizado un paro nacional en universidades nacionales, en demanda de mejoras salariales y presupuestas para el sector.<\/p>\n\n\n\n<p>Los docentes universitarios realizan este mi\u00e9rcoles un nuevo paro nacional en demanda de mejoras salariales y un incremento en las partidas presupuestas del sector, en el marco de un profundo ajuste impulsado por el gobierno de Javier Milei.<\/p>\n\n\n\n<p>Carlos De Feo, secretario general de la Federaci\u00f3n Nacional de Docentes Universitarios (CONADU), denunci\u00f3 que el salario docente universitario perdi\u00f3 \u00abm\u00e1s de 80 puntos porcentuales frente a la inflaci\u00f3n\u00bb y que se profundizaron las problem\u00e1ticas en la actividad.<\/p>\n\n\n\n<p>\u00abLos problemas de la universidad no desaparecieron, al contrario, se agudizaron mucho. Hoy volvemos a tener la misma situaci\u00f3n del a\u00f1o pasado. Los salarios universitarios perdieron el 80 puntos porcentuales frente a la inflaci\u00f3n y el presupuesto universitario perdi\u00f3 m\u00e1s todav\u00eda\u00bb, expres\u00f3.<\/p>\n\n\n\n<p>En di\u00e1logo con AM 530, De Feo critic\u00f3 la falta de respaldo de Milei a la universidad p\u00fablica y asegur\u00f3 que \u00ablo \u00fanico que quiere este gobierno es una pol\u00edtica de destrucci\u00f3n de la universidad p\u00fablica y del pa\u00eds que hemos construido durante 40 a\u00f1os de democracia\u00bb.<\/p>\n\n\n\n<p>\u00abNo tuvimos recursos para extensi\u00f3n ni para ciencia y t\u00e9cnica. Extensi\u00f3n directamente fue cero y los otros se vieron reducidos a su m\u00ednima expresi\u00f3n, hoy las becas universitarias est\u00e1n pr\u00e1cticamente congeladas\u00bb, apunt\u00f3.<\/p>\n\n\n\n<p>De Feo sostuvo que a ese panorama \u00abhay que sumarle que nosotros para poder llegar a un salario como ten\u00edamos en noviembre de 2023, tendr\u00edamos que tener un aumento aproximado del 35%, pero el gobierno nacional decreto un incremento por tres meses de 1,3% y el primer mes del aumento, la inflaci\u00f3n fue del 3,7\u2033.<\/p>\n","protected":false},"excerpt":{"rendered":"<p>Lo asegur&oacute; Carlos De Feo, titular de la CONADU, entidad sindical que este mi&eacute;rcoles realizado un paro nacional en universidades nacionales, en demanda de mejoras salariales y presupuestas para el sector. Los docentes universitarios realizan este mi&eacute;rcoles un nuevo paro nacional en demanda de mejoras salariales y un incremento en las partidas presupuestas del sector, &hellip; <\/p>\n","protected":false},"author":5,"featured_media":16654,"comment_status":"closed","ping_status":"closed","sticky":false,"template":"","format":"standard","meta":{"om_disable_all_campaigns":false,"_joinchat":[]},"categories":[7,6],"tags":[46,43,569],"featured_image_urls":{"full":["https:\/\/infotep.com.ar\/wp-content\/uploads\/2024\/10\/marcha-universitaria-1000x600-1.jpg",1000,600,false],"thumbnail":["https:\/\/infotep.com.ar\/wp-content\/uploads\/2024\/10\/marcha-universitaria-1000x600-1-150x150.jpg",150,150,true],"medium":["https:\/\/infotep.com.ar\/wp-content\/uploads\/2024\/10\/marcha-universitaria-1000x600-1-300x180.jpg",300,180,true],"medium_large":["https:\/\/infotep.com.ar\/wp-content\/uploads\/2024\/10\/marcha-universitaria-1000x600-1-768x461.jpg",768,461,true],"large":["https:\/\/infotep.com.ar\/wp-content\/uploads\/2024\/10\/marcha-universitaria-1000x600-1.jpg",1000,600,false],"1536x1536":["https:\/\/infotep.com.ar\/wp-content\/uploads\/2024\/10\/marcha-universitaria-1000x600-1.jpg",1000,600,false],"2048x2048":["https:\/\/infotep.com.ar\/wp-content\/uploads\/2024\/10\/marcha-universitaria-1000x600-1.jpg",1000,600,false],"blossom-feminine-slider":["https:\/\/infotep.com.ar\/wp-content\/uploads\/2024\/10\/marcha-universitaria-1000x600-1.jpg",1000,600,false],"blossom-feminine-featured":["https:\/\/infotep.com.ar\/wp-content\/uploads\/2024\/10\/marcha-universitaria-1000x600-1.jpg",1000,600,false],"blossom-feminine-with-sidebar":["https:\/\/infotep.com.ar\/wp-content\/uploads\/2024\/10\/marcha-universitaria-1000x600-1.jpg",1000,600,false],"blossom-feminine-blog":["https:\/\/infotep.com.ar\/wp-content\/uploads\/2024\/10\/marcha-universitaria-1000x600-1-435x435.jpg",435,435,true],"blossom-feminine-cat":["https:\/\/infotep.com.ar\/wp-content\/uploads\/2024\/10\/marcha-universitaria-1000x600-1-450x300.jpg",450,300,true],"blossom-feminine-related":["https:\/\/infotep.com.ar\/wp-content\/uploads\/2024\/10\/marcha-universitaria-1000x600-1-320x200.jpg",320,200,true],"blossom-feminine-schema":["https:\/\/infotep.com.ar\/wp-content\/uploads\/2024\/10\/marcha-universitaria-1000x600-1-100x60.jpg",100,60,true],"blossom-mommy-blog-slider-big":["https:\/\/infotep.com.ar\/wp-content\/uploads\/2024\/10\/marcha-universitaria-1000x600-1-920x600.jpg",920,600,true],"blossom-mommy-blog-slider":["https:\/\/infotep.com.ar\/wp-content\/uploads\/2024\/10\/marcha-universitaria-1000x600-1-460x310.jpg",460,310,true],"blossom-mommy-blog-two":["https:\/\/infotep.com.ar\/wp-content\/uploads\/2024\/10\/marcha-universitaria-1000x600-1-768x480.jpg",768,480,true]},"author_info":{"info":["Angela Tobar"]},"category_info":"<a href=\"https:\/\/infotep.com.ar\/index.php\/category\/gremios\/\" rel=\"category tag\">Gremios<\/a> <a href=\"https:\/\/infotep.com.ar\/index.php\/category\/universitarias\/\" rel=\"category tag\">Universitarias<\/a>","tag_info":"Universitarias","comment_count":"0","_links":{"self":[{"href":"https:\/\/infotep.com.ar\/index.php\/wp-json\/wp\/v2\/posts\/23080"}],"collection":[{"href":"https:\/\/infotep.com.ar\/index.php\/wp-json\/wp\/v2\/posts"}],"about":[{"href":"https:\/\/infotep.com.ar\/index.php\/wp-json\/wp\/v2\/types\/post"}],"author":[{"embeddable":true,"href":"https:\/\/infotep.com.ar\/index.php\/wp-json\/wp\/v2\/users\/5"}],"replies":[{"embeddable":true,"href":"https:\/\/infotep.com.ar\/index.php\/wp-json\/wp\/v2\/comments?post=23080"}],"version-history":[{"count":1,"href":"https:\/\/infotep.com.ar\/index.php\/wp-json\/wp\/v2\/posts\/23080\/revisions"}],"predecessor-version":[{"id":23081,"href":"https:\/\/infotep.com.ar\/index.php\/wp-json\/wp\/v2\/posts\/23080\/revisions\/23081"}],"wp:featuredmedia":[{"embeddable":true,"href":"https:\/\/infotep.com.ar\/index.php\/wp-json\/wp\/v2\/media\/16654"}],"wp:attachment":[{"href":"https:\/\/infotep.com.ar\/index.php\/wp-json\/wp\/v2\/media?parent=23080"}],"wp:term":[{"taxonomy":"category","embeddable":true,"href":"https:\/\/infotep.com.ar\/index.php\/wp-json\/wp\/v2\/categories?post=23080"},{"taxonomy":"post_tag","embeddable":true,"href":"https:\/\/infotep.com.ar\/index.php\/wp-json\/wp\/v2\/tags?post=23080"}],"curies":[{"name":"wp","href":"https:\/\/api.w.org\/{rel}","templated":true}]}}