{"id":23085,"date":"2025-04-24T02:19:24","date_gmt":"2025-04-24T05:19:24","guid":{"rendered":"https:\/\/infotep.com.ar\/?p=23085"},"modified":"2025-04-24T02:19:24","modified_gmt":"2025-04-24T05:19:24","slug":"los-que-tenian-precio-ya-fueron-comprados-mauricio-macri-senala-a-los-ex-pro-que-se-fueron-con-javier-milei","status":"publish","type":"post","link":"https:\/\/infotep.com.ar\/index.php\/2025\/04\/24\/los-que-tenian-precio-ya-fueron-comprados-mauricio-macri-senala-a-los-ex-pro-que-se-fueron-con-javier-milei\/","title":{"rendered":"&#8220;Los que ten\u00edan precio ya fueron comprados&#8221;: Mauricio Macri se\u00f1ala a los ex PRO que se fueron con Javier Milei"},"content":{"rendered":"\n<p>El ex presidente se mostr\u00f3 con Cristian Ritondo y Guillermo Montenegro. Su estrategia para la provincia es tensionar y luego negociar con LLA con m\u00e1s fortaleza.<br><br>En medio de las conversaciones en torno a un armado electoral com\u00fan en la provincia de Buenos Aires para enfrentar al peronismo, el presidente del PRO, Mauricio Macri, sali\u00f3 a marcar la cancha con mucha fuerza al se\u00f1alar con el dedo a los dirigentes que pertenec\u00edan hasta hace poco a su partido y que fueron \u201ccomprados\u201d por La Libertad Avanza.<\/p>\n\n\n\n<p>En una recorrida por Mar del Plata, el ex presidente pos\u00f3 en una foto con el titular del PRO bonaerense, Cristian Ritondo, y con el intendente local, Guillermo Montenegro, quienes ven\u00edan coqueteando con la idea de cerrar una alianza temprana con los libertarios en la provincia.<\/p>\n\n\n\n<p>&#8220;Los dirigentes que ten\u00edan precio ya fueron comprados, los que quedamos tenemos valores&#8221;, sac\u00f3 pecho Macri, dando a entender que la pretensi\u00f3n de La Libertad Avanza de absorber por goteo a dirigentes del PRO para esquivar un acuerdo integral de c\u00fapulas no va a ser posible.<\/p>\n\n\n\n<p>&#8220;Cristian Ritondo est\u00e1 conversando con sectores de La Libertad Avanza. Pero todo ser\u00e1 con l\u00edmites claros&#8221;, advirti\u00f3.<\/p>\n\n\n\n<p>Para el ex presidente &#8220;no todo vale&#8221; y el PRO debe hacer valer en ese acuerdo &#8220;los valores, la historia y los equipos&#8221; del partido.<\/p>\n\n\n\n<p>&#8220;Al Presidente no lo cuidan y le dicen cosas todos los d\u00edas que no son acordes a la realidad. La primera es que todav\u00eda no hemos escuchado claramente un mensaje de vocaci\u00f3n de hacer una alianza de partidos. Despu\u00e9s est\u00e1 el para qu\u00e9: para qu\u00e9 proyecto, para qu\u00e9 ideas, para la defensa de qu\u00e9 valores. Y por \u00faltimo los nombres&#8221;, sigui\u00f3.<\/p>\n\n\n\n<p>Se trata, en definitiva, de una estrategia calculada del ex mandatario para subirse el precio, tensionar, para llegar a esa negociaci\u00f3n por las listas en condiciones de mayor fortaleza, luego de que la semana pasada se especulara con un desplazamiento del fundador del PRO de la mesa de toma de decisiones en territorio bonaerense.<\/p>\n\n\n\n<p>Ciertamente, Ritondo, Montenegro y Diego Santilli se hab\u00edan cortado solos, desairando a Macri, en una reuni\u00f3n de alto nivel que tuvo lugar d\u00edas atr\u00e1s en la Casa Rosada junto a la secretaria general de Presidencia, Karina Milei, y los armadores libertarios Sebasti\u00e1n Pareja y Lule Menem.<\/p>\n\n\n\n<p>Luego del c\u00f3nclave de este mi\u00e9rcoles por la ma\u00f1ana en la sede nacional del PRO con intendentes, legisladores y dirigentes de esa fuerza de centroderecha, donde muchos de los asistentes plantearon sus dudas respecto a la estrategia de dejarse diluir en un frente electoral liderado por La Libertad Avanza, Ritondo y Montenegro recalcularon sus pasos.<\/p>\n\n\n\n<p>Para dar una se\u00f1al de equilibrio, este mi\u00e9rcoles ambos dirigentes rodearon a Macri en su recorrida por la quinta secci\u00f3n electoral y le devolvieron al ex presidente poder de fuego en la negociaci\u00f3n de una hipot\u00e9tica alianza en provincia de Buenos Aires.<\/p>\n\n\n\n<p>&#8220;Cuando el Gobierno sienta en la mesa a alguien como Karina Milei o el propio Presidente, demuestra la voluntad del Gobierno de tener una alianza en la Provincia de Buenos Aires. Cuando sus principales figuras ratifican con la presencia en estas reuniones, habla de la importancia que ellos le dan a poder trabajar juntos en la Provincia de Buenos Aires&#8221;, puntualiz\u00f3 Ritondo.<\/p>\n\n\n\n<p>&#8220;Venimos charlando, hay tiempo, la alianza falta meses para que se presente. Ahora es un trabajo m\u00e1s de distrito por distrito, de cuidar la gobernabilidad de nuestros intendentes, de ampliar, y de entender que en la provincia de Buenos Aires debe haber un frente com\u00fan para ganarle al peronismo, que ha demostrado que m\u00e1s all\u00e1 de su pelea va a ir en forma unificada&#8221;, coment\u00f3.<\/p>\n\n\n\n<p>A diferencia de Ritondo, que busca hacer equilibrio, Santilli est\u00e1 mucho m\u00e1s volcado a una integraci\u00f3n total con La Libertad Avanza, aunque eso signifique ser furg\u00f3n de cola en un acuerdo desigual.<\/p>\n\n\n\n<p>El diputado nacional y el ex precandidato a gobernador de Juntos por el Cambio est\u00e1 lejos de la postura desafiante que Macri exhibe y no quiere hacer ning\u00fan gesto que Karina Milei pueda interpretar como una mojada de oreja a su autoridad.<\/p>\n\n\n\n<p>Santilli tambi\u00e9n estuvo presente en la reuni\u00f3n en la sede que tiene el PRO en San Telmo, sobre la calle Balcarce 412, pero despu\u00e9s no se sum\u00f3 a la gira de Macri por Balcarce, Tandil y Mar del Plata.<\/p>\n\n\n\n<p>Fue en esta \u00faltima ciudad costera donde el ex presidente pronunci\u00f3 la lapidaria frase que reson\u00f3 con malestar en el bullrichismo, al sostener que \u201clos dirigentes que ten\u00edan precio ya fueron comprados\u201d por La Libertad Avanza.<\/p>\n\n\n\n<p>Se refer\u00eda, entre otros, al intendente de Tres de Febrero, Diego Valenzuela, quien le respondi\u00f3 a Macri con dureza: \u201cSi algo no tengo es precio\u201d.<\/p>\n\n\n\n<p>\u201cNuestros valores con Patricia (Bullrich) son claros: apoyar el cambio que votaron los argentinos y no caer en especulaciones partidarias\u201d, indic\u00f3.<\/p>\n\n\n\n<p>En tanto, Valenzuela justific\u00f3 su alejamiento del PRO y su incorporaci\u00f3n al elenco libertario al se\u00f1alar que \u201cla sociedad pidi\u00f3 un cambio\u201d y que \u201cno se puede vivir atado a estructuras pol\u00edticas que priorizan internas antes que la gobernabilidad\u201d.<\/p>\n","protected":false},"excerpt":{"rendered":"<p>El ex presidente se mostr&oacute; con Cristian Ritondo y Guillermo Montenegro. Su estrategia para la provincia es tensionar y luego negociar con LLA con m&aacute;s fortaleza. En medio de las conversaciones en torno a un armado electoral com&uacute;n en la provincia de Buenos Aires para enfrentar al peronismo, el presidente del PRO, Mauricio Macri, sali&oacute; &hellip; <\/p>\n","protected":false},"author":5,"featured_media":14962,"comment_status":"closed","ping_status":"closed","sticky":false,"template":"","format":"standard","meta":{"om_disable_all_campaigns":false,"_joinchat":[]},"categories":[3],"tags":[46,43,569],"featured_image_urls":{"full":["https:\/\/infotep.com.ar\/wp-content\/uploads\/2024\/07\/macri-golpista.webp",1141,720,false],"thumbnail":["https:\/\/infotep.com.ar\/wp-content\/uploads\/2024\/07\/macri-golpista-150x150.webp",150,150,true],"medium":["https:\/\/infotep.com.ar\/wp-content\/uploads\/2024\/07\/macri-golpista-300x189.webp",300,189,true],"medium_large":["https:\/\/infotep.com.ar\/wp-content\/uploads\/2024\/07\/macri-golpista-768x485.webp",768,485,true],"large":["https:\/\/infotep.com.ar\/wp-content\/uploads\/2024\/07\/macri-golpista-1024x646.webp",1020,643,true],"1536x1536":["https:\/\/infotep.com.ar\/wp-content\/uploads\/2024\/07\/macri-golpista.webp",1141,720,false],"2048x2048":["https:\/\/infotep.com.ar\/wp-content\/uploads\/2024\/07\/macri-golpista.webp",1141,720,false],"blossom-feminine-slider":["https:\/\/infotep.com.ar\/wp-content\/uploads\/2024\/07\/macri-golpista-1141x649.webp",1141,649,true],"blossom-feminine-featured":["https:\/\/infotep.com.ar\/wp-content\/uploads\/2024\/07\/macri-golpista-1141x600.webp",1141,600,true],"blossom-feminine-with-sidebar":["https:\/\/infotep.com.ar\/wp-content\/uploads\/2024\/07\/macri-golpista-1020x600.webp",1020,600,true],"blossom-feminine-blog":["https:\/\/infotep.com.ar\/wp-content\/uploads\/2024\/07\/macri-golpista-435x435.webp",435,435,true],"blossom-feminine-cat":["https:\/\/infotep.com.ar\/wp-content\/uploads\/2024\/07\/macri-golpista-450x300.webp",450,300,true],"blossom-feminine-related":["https:\/\/infotep.com.ar\/wp-content\/uploads\/2024\/07\/macri-golpista-320x200.webp",320,200,true],"blossom-feminine-schema":["https:\/\/infotep.com.ar\/wp-content\/uploads\/2024\/07\/macri-golpista-95x60.webp",95,60,true],"blossom-mommy-blog-slider-big":["https:\/\/infotep.com.ar\/wp-content\/uploads\/2024\/07\/macri-golpista-920x650.webp",920,650,true],"blossom-mommy-blog-slider":["https:\/\/infotep.com.ar\/wp-content\/uploads\/2024\/07\/macri-golpista-460x310.webp",460,310,true],"blossom-mommy-blog-two":["https:\/\/infotep.com.ar\/wp-content\/uploads\/2024\/07\/macri-golpista-768x480.webp",768,480,true]},"author_info":{"info":["Angela Tobar"]},"category_info":"<a href=\"https:\/\/infotep.com.ar\/index.php\/category\/nacionales\/\" rel=\"category tag\">Nacionales<\/a>","tag_info":"Nacionales","comment_count":"0","_links":{"self":[{"href":"https:\/\/infotep.com.ar\/index.php\/wp-json\/wp\/v2\/posts\/23085"}],"collection":[{"href":"https:\/\/infotep.com.ar\/index.php\/wp-json\/wp\/v2\/posts"}],"about":[{"href":"https:\/\/infotep.com.ar\/index.php\/wp-json\/wp\/v2\/types\/post"}],"author":[{"embeddable":true,"href":"https:\/\/infotep.com.ar\/index.php\/wp-json\/wp\/v2\/users\/5"}],"replies":[{"embeddable":true,"href":"https:\/\/infotep.com.ar\/index.php\/wp-json\/wp\/v2\/comments?post=23085"}],"version-history":[{"count":1,"href":"https:\/\/infotep.com.ar\/index.php\/wp-json\/wp\/v2\/posts\/23085\/revisions"}],"predecessor-version":[{"id":23086,"href":"https:\/\/infotep.com.ar\/index.php\/wp-json\/wp\/v2\/posts\/23085\/revisions\/23086"}],"wp:featuredmedia":[{"embeddable":true,"href":"https:\/\/infotep.com.ar\/index.php\/wp-json\/wp\/v2\/media\/14962"}],"wp:attachment":[{"href":"https:\/\/infotep.com.ar\/index.php\/wp-json\/wp\/v2\/media?parent=23085"}],"wp:term":[{"taxonomy":"category","embeddable":true,"href":"https:\/\/infotep.com.ar\/index.php\/wp-json\/wp\/v2\/categories?post=23085"},{"taxonomy":"post_tag","embeddable":true,"href":"https:\/\/infotep.com.ar\/index.php\/wp-json\/wp\/v2\/tags?post=23085"}],"curies":[{"name":"wp","href":"https:\/\/api.w.org\/{rel}","templated":true}]}}