{"id":23200,"date":"2025-04-29T01:47:00","date_gmt":"2025-04-29T04:47:00","guid":{"rendered":"https:\/\/infotep.com.ar\/?p=23200"},"modified":"2025-04-29T11:48:29","modified_gmt":"2025-04-29T14:48:29","slug":"se-reune-hoy-el-consejo-del-salario-minimo-vital-y-movil","status":"publish","type":"post","link":"https:\/\/infotep.com.ar\/index.php\/2025\/04\/29\/se-reune-hoy-el-consejo-del-salario-minimo-vital-y-movil\/","title":{"rendered":"Se re\u00fane hoy el Consejo del Salario M\u00ednimo, Vital y M\u00f3vil"},"content":{"rendered":"\n<p>El Gobierno convoc\u00f3 a empresarios y sindicatos para definir un nuevo piso salarial, junto con los m\u00ednimos y m\u00e1ximos de la prestaci\u00f3n por desempleo.<br><br>El Gobierno convoc\u00f3 para hoy al Consejo del Salario M\u00ednimo, Vital y M\u00f3vil, con el objetivo de definir un nuevo piso salarial junto con los montos m\u00ednimos y m\u00e1ximos de la prestaci\u00f3n por desempleo.<\/p>\n\n\n\n<p>La convocatoria, pautada para la previa del D\u00eda Internacional del Trabajador, buscar\u00e1 recortar algo de la p\u00e9rdida contra la inflaci\u00f3n que vienen registrando los ingresos de los argentinos.<\/p>\n\n\n\n<p>En los primeros tres meses del a\u00f1o, el salario m\u00ednimo aument\u00f3 3,53% mientras que la variaci\u00f3n de precios acumul\u00f3 una suba del 8,6%.<\/p>\n\n\n\n<p>La Secretar\u00eda de Trabajo public\u00f3, a trav\u00e9s de la Resoluci\u00f3n 1\/2025 del Bolet\u00edn Oficial, el llamado a los representantes de los gremios, empresarios y el propio Estado para reunirse en sesi\u00f3n plenaria ordinaria el d\u00eda 29 de abril, a las 12:30 horas, mediante plataforma virtual.<\/p>\n\n\n\n<p>Previamente, se reunir\u00e1 la Comisi\u00f3n del Salario M\u00ednimo, Vital y M\u00f3vil y Prestaciones por Desempleo, tambi\u00e9n virtualmente, a las 10:00 horas para avanzar en la determinaci\u00f3n del Salario M\u00ednimo y de los montos m\u00ednimos y m\u00e1ximos de la prestaci\u00f3n por desempleo.<\/p>\n\n\n\n<p>As\u00ed qued\u00f3 establecido en el texto oficial que sostuvo que &#8220;resulta pertinente decidir la convocatoria a sesi\u00f3n plenaria ordinaria&#8221; del \u00f3rgano, as\u00ed como disponer la convocatoria a reuni\u00f3n de la comisi\u00f3n establecida oportunamente.<\/p>\n","protected":false},"excerpt":{"rendered":"<p>El Gobierno convoc&oacute; a empresarios y sindicatos para definir un nuevo piso salarial, junto con los m&iacute;nimos y m&aacute;ximos de la prestaci&oacute;n por desempleo. El Gobierno convoc&oacute; para hoy al Consejo del Salario M&iacute;nimo, Vital y M&oacute;vil, con el objetivo de definir un nuevo piso salarial junto con los montos m&iacute;nimos y m&aacute;ximos de la &hellip; <\/p>\n","protected":false},"author":5,"featured_media":4051,"comment_status":"closed","ping_status":"closed","sticky":false,"template":"","format":"standard","meta":{"om_disable_all_campaigns":false,"_joinchat":[]},"categories":[3],"tags":[46,43,569],"featured_image_urls":{"full":["https:\/\/infotep.com.ar\/wp-content\/uploads\/2023\/03\/salario.jpg",470,313,false],"thumbnail":["https:\/\/infotep.com.ar\/wp-content\/uploads\/2023\/03\/salario-150x150.jpg",150,150,true],"medium":["https:\/\/infotep.com.ar\/wp-content\/uploads\/2023\/03\/salario-300x200.jpg",300,200,true],"medium_large":["https:\/\/infotep.com.ar\/wp-content\/uploads\/2023\/03\/salario.jpg",470,313,false],"large":["https:\/\/infotep.com.ar\/wp-content\/uploads\/2023\/03\/salario.jpg",470,313,false],"1536x1536":["https:\/\/infotep.com.ar\/wp-content\/uploads\/2023\/03\/salario.jpg",470,313,false],"2048x2048":["https:\/\/infotep.com.ar\/wp-content\/uploads\/2023\/03\/salario.jpg",470,313,false],"blossom-feminine-slider":["https:\/\/infotep.com.ar\/wp-content\/uploads\/2023\/03\/salario.jpg",470,313,false],"blossom-feminine-featured":["https:\/\/infotep.com.ar\/wp-content\/uploads\/2023\/03\/salario.jpg",470,313,false],"blossom-feminine-with-sidebar":["https:\/\/infotep.com.ar\/wp-content\/uploads\/2023\/03\/salario.jpg",470,313,false],"blossom-feminine-blog":["https:\/\/infotep.com.ar\/wp-content\/uploads\/2023\/03\/salario-435x313.jpg",435,313,true],"blossom-feminine-cat":["https:\/\/infotep.com.ar\/wp-content\/uploads\/2023\/03\/salario-450x300.jpg",450,300,true],"blossom-feminine-related":["https:\/\/infotep.com.ar\/wp-content\/uploads\/2023\/03\/salario-320x200.jpg",320,200,true],"blossom-feminine-schema":["https:\/\/infotep.com.ar\/wp-content\/uploads\/2023\/03\/salario-90x60.jpg",90,60,true],"blossom-mommy-blog-slider-big":["https:\/\/infotep.com.ar\/wp-content\/uploads\/2023\/03\/salario.jpg",470,313,false],"blossom-mommy-blog-slider":["https:\/\/infotep.com.ar\/wp-content\/uploads\/2023\/03\/salario-460x310.jpg",460,310,true],"blossom-mommy-blog-two":["https:\/\/infotep.com.ar\/wp-content\/uploads\/2023\/03\/salario.jpg",470,313,false]},"author_info":{"info":["Angela Tobar"]},"category_info":"<a href=\"https:\/\/infotep.com.ar\/index.php\/category\/nacionales\/\" rel=\"category tag\">Nacionales<\/a>","tag_info":"Nacionales","comment_count":"0","_links":{"self":[{"href":"https:\/\/infotep.com.ar\/index.php\/wp-json\/wp\/v2\/posts\/23200"}],"collection":[{"href":"https:\/\/infotep.com.ar\/index.php\/wp-json\/wp\/v2\/posts"}],"about":[{"href":"https:\/\/infotep.com.ar\/index.php\/wp-json\/wp\/v2\/types\/post"}],"author":[{"embeddable":true,"href":"https:\/\/infotep.com.ar\/index.php\/wp-json\/wp\/v2\/users\/5"}],"replies":[{"embeddable":true,"href":"https:\/\/infotep.com.ar\/index.php\/wp-json\/wp\/v2\/comments?post=23200"}],"version-history":[{"count":1,"href":"https:\/\/infotep.com.ar\/index.php\/wp-json\/wp\/v2\/posts\/23200\/revisions"}],"predecessor-version":[{"id":23201,"href":"https:\/\/infotep.com.ar\/index.php\/wp-json\/wp\/v2\/posts\/23200\/revisions\/23201"}],"wp:featuredmedia":[{"embeddable":true,"href":"https:\/\/infotep.com.ar\/index.php\/wp-json\/wp\/v2\/media\/4051"}],"wp:attachment":[{"href":"https:\/\/infotep.com.ar\/index.php\/wp-json\/wp\/v2\/media?parent=23200"}],"wp:term":[{"taxonomy":"category","embeddable":true,"href":"https:\/\/infotep.com.ar\/index.php\/wp-json\/wp\/v2\/categories?post=23200"},{"taxonomy":"post_tag","embeddable":true,"href":"https:\/\/infotep.com.ar\/index.php\/wp-json\/wp\/v2\/tags?post=23200"}],"curies":[{"name":"wp","href":"https:\/\/api.w.org\/{rel}","templated":true}]}}