{"id":23227,"date":"2025-04-29T12:11:02","date_gmt":"2025-04-29T15:11:02","guid":{"rendered":"https:\/\/infotep.com.ar\/?p=23227"},"modified":"2025-04-29T12:11:03","modified_gmt":"2025-04-29T15:11:03","slug":"en-la-previa-al-consejo-del-salario-alertan-por-la-mayor-caida-en-30-anos","status":"publish","type":"post","link":"https:\/\/infotep.com.ar\/index.php\/2025\/04\/29\/en-la-previa-al-consejo-del-salario-alertan-por-la-mayor-caida-en-30-anos\/","title":{"rendered":"En la previa al Consejo del Salario, alertan por \u201cla mayor ca\u00edda en 30 a\u00f1os\u201d"},"content":{"rendered":"\n<p>La convocatoria fue oficializada para este martes y los an\u00e1lisis advierten que la recuperaci\u00f3n ser\u00e1 \u201ccada vez m\u00e1s compleja\u201d.<\/p>\n\n\n\n<p>La convocatoria en la que participar\u00e1n los representantes del ejecutivo nacional, empresarios y las centrales sindicales, parece no tener un camino factible de acuerdo, ya que el aumento que solicitar\u00e1n los gremios se encontrar\u00e1 la falta de propuesta empresaria, lo que trabar\u00eda definitivamente la negociaci\u00f3n.<\/p>\n\n\n\n<p class=\"has-light-green-cyan-background-color has-background\">A todo esto, el Observatorio de Pol\u00edticas P\u00fablicas de la Universidad Nacional de Avellaneda (UNDAV) dio a conocer un an\u00e1lisis en el que, si bien el salario m\u00ednimo registr\u00f3 una leve recomposici\u00f3n en marzo, esa suba fue insuficiente para revertir el impacto de la fuerte devaluaci\u00f3n y la aceleraci\u00f3n inflacionaria.<\/p>\n\n\n\n<p><strong>El documento plantea que \u201cse trata de la mayor ca\u00edda real del salario m\u00ednimo en los \u00faltimos 30 a\u00f1os\u201d y destaca la fuerte transferencia de ingresos desde los trabajadores hacia otros sectores econ\u00f3micos. Adem\u00e1s, advierte que de mantenerse esta tendencia, la recuperaci\u00f3n del poder adquisitivo ser\u00e1 \u201ccada vez m\u00e1s compleja y requerir\u00e1 de \u201cpol\u00edticas de ingreso m\u00e1s agresivas\u201d.<\/strong><\/p>\n\n\n\n<p>Tambi\u00e9n remarcar que en valores actuales, el salario m\u00ednimo cubre apenas el 31,6% del valor de una Canasta B\u00e1sica Total (CBT), que mide la l\u00ednea de pobreza, marcando el nivel m\u00e1s bajo desde al menos 2004. Recordemos que el SMVM se mantiene sin aumento en abril y est\u00e1 fijado en $296.832.<\/p>\n","protected":false},"excerpt":{"rendered":"<p>La convocatoria fue oficializada para este martes y los an&aacute;lisis advierten que la recuperaci&oacute;n ser&aacute; &ldquo;cada vez m&aacute;s compleja&rdquo;. La convocatoria en la que participar&aacute;n los representantes del ejecutivo nacional, empresarios y las centrales sindicales, parece no tener un camino factible de acuerdo, ya que el aumento que solicitar&aacute;n los gremios se encontrar&aacute; la falta &hellip; <\/p>\n","protected":false},"author":5,"featured_media":4051,"comment_status":"closed","ping_status":"closed","sticky":false,"template":"","format":"standard","meta":{"om_disable_all_campaigns":false,"_joinchat":[]},"categories":[7],"tags":[46,43,569],"featured_image_urls":{"full":["https:\/\/infotep.com.ar\/wp-content\/uploads\/2023\/03\/salario.jpg",470,313,false],"thumbnail":["https:\/\/infotep.com.ar\/wp-content\/uploads\/2023\/03\/salario-150x150.jpg",150,150,true],"medium":["https:\/\/infotep.com.ar\/wp-content\/uploads\/2023\/03\/salario-300x200.jpg",300,200,true],"medium_large":["https:\/\/infotep.com.ar\/wp-content\/uploads\/2023\/03\/salario.jpg",470,313,false],"large":["https:\/\/infotep.com.ar\/wp-content\/uploads\/2023\/03\/salario.jpg",470,313,false],"1536x1536":["https:\/\/infotep.com.ar\/wp-content\/uploads\/2023\/03\/salario.jpg",470,313,false],"2048x2048":["https:\/\/infotep.com.ar\/wp-content\/uploads\/2023\/03\/salario.jpg",470,313,false],"blossom-feminine-slider":["https:\/\/infotep.com.ar\/wp-content\/uploads\/2023\/03\/salario.jpg",470,313,false],"blossom-feminine-featured":["https:\/\/infotep.com.ar\/wp-content\/uploads\/2023\/03\/salario.jpg",470,313,false],"blossom-feminine-with-sidebar":["https:\/\/infotep.com.ar\/wp-content\/uploads\/2023\/03\/salario.jpg",470,313,false],"blossom-feminine-blog":["https:\/\/infotep.com.ar\/wp-content\/uploads\/2023\/03\/salario-435x313.jpg",435,313,true],"blossom-feminine-cat":["https:\/\/infotep.com.ar\/wp-content\/uploads\/2023\/03\/salario-450x300.jpg",450,300,true],"blossom-feminine-related":["https:\/\/infotep.com.ar\/wp-content\/uploads\/2023\/03\/salario-320x200.jpg",320,200,true],"blossom-feminine-schema":["https:\/\/infotep.com.ar\/wp-content\/uploads\/2023\/03\/salario-90x60.jpg",90,60,true],"blossom-mommy-blog-slider-big":["https:\/\/infotep.com.ar\/wp-content\/uploads\/2023\/03\/salario.jpg",470,313,false],"blossom-mommy-blog-slider":["https:\/\/infotep.com.ar\/wp-content\/uploads\/2023\/03\/salario-460x310.jpg",460,310,true],"blossom-mommy-blog-two":["https:\/\/infotep.com.ar\/wp-content\/uploads\/2023\/03\/salario.jpg",470,313,false]},"author_info":{"info":["Angela Tobar"]},"category_info":"<a href=\"https:\/\/infotep.com.ar\/index.php\/category\/gremios\/\" rel=\"category tag\">Gremios<\/a>","tag_info":"Gremios","comment_count":"0","_links":{"self":[{"href":"https:\/\/infotep.com.ar\/index.php\/wp-json\/wp\/v2\/posts\/23227"}],"collection":[{"href":"https:\/\/infotep.com.ar\/index.php\/wp-json\/wp\/v2\/posts"}],"about":[{"href":"https:\/\/infotep.com.ar\/index.php\/wp-json\/wp\/v2\/types\/post"}],"author":[{"embeddable":true,"href":"https:\/\/infotep.com.ar\/index.php\/wp-json\/wp\/v2\/users\/5"}],"replies":[{"embeddable":true,"href":"https:\/\/infotep.com.ar\/index.php\/wp-json\/wp\/v2\/comments?post=23227"}],"version-history":[{"count":1,"href":"https:\/\/infotep.com.ar\/index.php\/wp-json\/wp\/v2\/posts\/23227\/revisions"}],"predecessor-version":[{"id":23228,"href":"https:\/\/infotep.com.ar\/index.php\/wp-json\/wp\/v2\/posts\/23227\/revisions\/23228"}],"wp:featuredmedia":[{"embeddable":true,"href":"https:\/\/infotep.com.ar\/index.php\/wp-json\/wp\/v2\/media\/4051"}],"wp:attachment":[{"href":"https:\/\/infotep.com.ar\/index.php\/wp-json\/wp\/v2\/media?parent=23227"}],"wp:term":[{"taxonomy":"category","embeddable":true,"href":"https:\/\/infotep.com.ar\/index.php\/wp-json\/wp\/v2\/categories?post=23227"},{"taxonomy":"post_tag","embeddable":true,"href":"https:\/\/infotep.com.ar\/index.php\/wp-json\/wp\/v2\/tags?post=23227"}],"curies":[{"name":"wp","href":"https:\/\/api.w.org\/{rel}","templated":true}]}}