{"id":23294,"date":"2025-05-01T14:25:06","date_gmt":"2025-05-01T17:25:06","guid":{"rendered":"https:\/\/infotep.com.ar\/?p=23294"},"modified":"2025-05-01T14:25:07","modified_gmt":"2025-05-01T17:25:07","slug":"moron-lanza-el-ciclo-de-penas-de-mayo-en-todo-el-distrito","status":"publish","type":"post","link":"https:\/\/infotep.com.ar\/index.php\/2025\/05\/01\/moron-lanza-el-ciclo-de-penas-de-mayo-en-todo-el-distrito\/","title":{"rendered":"Mor\u00f3n lanza el Ciclo de Pe\u00f1as de Mayo en todo el distrito"},"content":{"rendered":"\n<p>Durante todo el mes, distintas plazas ser\u00e1n escenario de m\u00fasica en vivo, danzas folkl\u00f3ricas, talleres, gastronom\u00eda y actividades para toda la familia.<\/p>\n\n\n\n<p><strong>El Municipio de Mor\u00f3n invita a participar del Ciclo Pe\u00f1as de Mayo, una propuesta cultural gratuita que se desarrollar\u00e1 todos los s\u00e1bados de mayo a partir de las 17 hs, en distintos espacios p\u00fablicos del distrito. El ciclo contar\u00e1 con m\u00fasica en vivo, clases abiertas, talleres, presentaciones de ballets folkl\u00f3ricos, feria de emprendedores, gastronom\u00eda y propuestas recreativas para todas las edades.<\/strong><\/p>\n\n\n\n<p>La primera jornada ser\u00e1 el <strong>s\u00e1bado 3 de mayo <\/strong>en la Plaza Alsina (Gral. Gelly y Obes y Ameghino, Villa Sarmiento), con la \u201cPe\u00f1a Luz del Oeste\u201d. La grilla incluye un taller de bombo leg\u00fcero con Silvana Galli Carabajal, presentaciones del Ballet Compa\u00f1\u00eda Danza Fluente y Los Maldonado, y el cierre de Homero, con la participaci\u00f3n especial de Peteco Carabajal.<\/p>\n\n\n\n<p><strong>El s\u00e1bado 10 de mayo,<\/strong> la cita ser\u00e1 en Plaza Los Jardines (R\u00edos Gallardo entre Maza y Azul, Mor\u00f3n sur), con \u201cLa Alta Pe\u00f1a\u201d junto a Sentimiento Folk. Tambi\u00e9n se presentar\u00e1n Sonidos Viajeros, Alma Celeste y el D\u00fao Reynoso, adem\u00e1s de los ballets Tierra &amp; Ra\u00edz y Latidos del Monte. El evento incluir\u00e1 un mural en vivo a cargo de Guillermo \u201cFatiga\u201d Reynoso, integrante de Los Manseros Santiague\u00f1os, y contar\u00e1 con buffet, talleres y juegos para las infancias.<\/p>\n\n\n\n<p>La tercera fecha ser\u00e1 e<strong>l 17 de mayo<\/strong> en el Espacio Cultural Villa Mecenas (Dr. Jos\u00e9 M. Torres 618, Mor\u00f3n), donde se realizar\u00e1 \u201cLa del Viento Pe\u00f1a\u201d. La jornada incluir\u00e1 m\u00fasica, danza y clases abiertas de folklore, con la participaci\u00f3n de Seba Ruiz, el ballet local y el cierre de Cuervo Paj\u00f3n.<\/p>\n\n\n\n<p>El <strong>s\u00e1bado 24 de mayo<\/strong> en la Plaza de la Cultura (Cabildo y Cris\u00f3logo Larralde, Mor\u00f3n centro) tendr\u00e1 lugar la \u201cPe\u00f1a El Reencuentro\u201d, con un espect\u00e1culo a cargo de Daniel \u201cEl Cuervo\u201d Ca\u00f1ueto, Los Maldonado, Sangre Santiague\u00f1a, Rosana Peluffo y Vidaleros.<\/p>\n\n\n\n<p>El ciclo cerrar\u00e1 el <strong>s\u00e1bado 31 de mayo<\/strong> y domingo 1 de junio en Plaza Manzanar (Santiago del Estero 1624\/1698, Mor\u00f3n sur), con la celebraci\u00f3n al Se\u00f1or de los Milagros de Mail\u00edn, una propuesta tradicional que reunir\u00e1 m\u00fasica, baile, comidas t\u00edpicas y actividades comunitarias.<\/p>\n","protected":false},"excerpt":{"rendered":"<p>Durante todo el mes, distintas plazas ser&aacute;n escenario de m&uacute;sica en vivo, danzas folkl&oacute;ricas, talleres, gastronom&iacute;a y actividades para toda la familia. El Municipio de Mor&oacute;n invita a participar del Ciclo Pe&ntilde;as de Mayo, una propuesta cultural gratuita que se desarrollar&aacute; todos los s&aacute;bados de mayo a partir de las 17 hs, en distintos espacios &hellip; <\/p>\n","protected":false},"author":5,"featured_media":5636,"comment_status":"closed","ping_status":"closed","sticky":false,"template":"","format":"standard","meta":{"om_disable_all_campaigns":false,"_joinchat":[]},"categories":[9],"tags":[46,43,569],"featured_image_urls":{"full":["https:\/\/infotep.com.ar\/wp-content\/uploads\/2023\/06\/PENA-SUM-ESPERANZA.jpeg",1600,1067,false],"thumbnail":["https:\/\/infotep.com.ar\/wp-content\/uploads\/2023\/06\/PENA-SUM-ESPERANZA-150x150.jpeg",150,150,true],"medium":["https:\/\/infotep.com.ar\/wp-content\/uploads\/2023\/06\/PENA-SUM-ESPERANZA-300x200.jpeg",300,200,true],"medium_large":["https:\/\/infotep.com.ar\/wp-content\/uploads\/2023\/06\/PENA-SUM-ESPERANZA-768x512.jpeg",768,512,true],"large":["https:\/\/infotep.com.ar\/wp-content\/uploads\/2023\/06\/PENA-SUM-ESPERANZA-1024x683.jpeg",1020,680,true],"1536x1536":["https:\/\/infotep.com.ar\/wp-content\/uploads\/2023\/06\/PENA-SUM-ESPERANZA-1536x1024.jpeg",1536,1024,true],"2048x2048":["https:\/\/infotep.com.ar\/wp-content\/uploads\/2023\/06\/PENA-SUM-ESPERANZA.jpeg",1600,1067,false],"blossom-feminine-slider":["https:\/\/infotep.com.ar\/wp-content\/uploads\/2023\/06\/PENA-SUM-ESPERANZA-1600x649.jpeg",1600,649,true],"blossom-feminine-featured":["https:\/\/infotep.com.ar\/wp-content\/uploads\/2023\/06\/PENA-SUM-ESPERANZA-1410x600.jpeg",1410,600,true],"blossom-feminine-with-sidebar":["https:\/\/infotep.com.ar\/wp-content\/uploads\/2023\/06\/PENA-SUM-ESPERANZA-1020x600.jpeg",1020,600,true],"blossom-feminine-blog":["https:\/\/infotep.com.ar\/wp-content\/uploads\/2023\/06\/PENA-SUM-ESPERANZA-435x435.jpeg",435,435,true],"blossom-feminine-cat":["https:\/\/infotep.com.ar\/wp-content\/uploads\/2023\/06\/PENA-SUM-ESPERANZA-450x300.jpeg",450,300,true],"blossom-feminine-related":["https:\/\/infotep.com.ar\/wp-content\/uploads\/2023\/06\/PENA-SUM-ESPERANZA-320x200.jpeg",320,200,true],"blossom-feminine-schema":["https:\/\/infotep.com.ar\/wp-content\/uploads\/2023\/06\/PENA-SUM-ESPERANZA-90x60.jpeg",90,60,true],"blossom-mommy-blog-slider-big":["https:\/\/infotep.com.ar\/wp-content\/uploads\/2023\/06\/PENA-SUM-ESPERANZA-920x650.jpeg",920,650,true],"blossom-mommy-blog-slider":["https:\/\/infotep.com.ar\/wp-content\/uploads\/2023\/06\/PENA-SUM-ESPERANZA-460x310.jpeg",460,310,true],"blossom-mommy-blog-two":["https:\/\/infotep.com.ar\/wp-content\/uploads\/2023\/06\/PENA-SUM-ESPERANZA-768x480.jpeg",768,480,true]},"author_info":{"info":["Angela Tobar"]},"category_info":"<a href=\"https:\/\/infotep.com.ar\/index.php\/category\/municipales\/moron\/\" rel=\"category tag\">Mor\u00f3n<\/a>","tag_info":"Mor\u00f3n","comment_count":"0","_links":{"self":[{"href":"https:\/\/infotep.com.ar\/index.php\/wp-json\/wp\/v2\/posts\/23294"}],"collection":[{"href":"https:\/\/infotep.com.ar\/index.php\/wp-json\/wp\/v2\/posts"}],"about":[{"href":"https:\/\/infotep.com.ar\/index.php\/wp-json\/wp\/v2\/types\/post"}],"author":[{"embeddable":true,"href":"https:\/\/infotep.com.ar\/index.php\/wp-json\/wp\/v2\/users\/5"}],"replies":[{"embeddable":true,"href":"https:\/\/infotep.com.ar\/index.php\/wp-json\/wp\/v2\/comments?post=23294"}],"version-history":[{"count":1,"href":"https:\/\/infotep.com.ar\/index.php\/wp-json\/wp\/v2\/posts\/23294\/revisions"}],"predecessor-version":[{"id":23295,"href":"https:\/\/infotep.com.ar\/index.php\/wp-json\/wp\/v2\/posts\/23294\/revisions\/23295"}],"wp:featuredmedia":[{"embeddable":true,"href":"https:\/\/infotep.com.ar\/index.php\/wp-json\/wp\/v2\/media\/5636"}],"wp:attachment":[{"href":"https:\/\/infotep.com.ar\/index.php\/wp-json\/wp\/v2\/media?parent=23294"}],"wp:term":[{"taxonomy":"category","embeddable":true,"href":"https:\/\/infotep.com.ar\/index.php\/wp-json\/wp\/v2\/categories?post=23294"},{"taxonomy":"post_tag","embeddable":true,"href":"https:\/\/infotep.com.ar\/index.php\/wp-json\/wp\/v2\/tags?post=23294"}],"curies":[{"name":"wp","href":"https:\/\/api.w.org\/{rel}","templated":true}]}}