{"id":2341,"date":"2022-11-29T10:15:17","date_gmt":"2022-11-29T13:15:17","guid":{"rendered":"https:\/\/infotep.com.ar\/?p=2341"},"modified":"2022-12-01T01:09:54","modified_gmt":"2022-12-01T04:09:54","slug":"moron-continua-con-la-construccion-de-un-nuevo-centro-de-desarrollo-infantil","status":"publish","type":"post","link":"https:\/\/infotep.com.ar\/index.php\/2022\/11\/29\/moron-continua-con-la-construccion-de-un-nuevo-centro-de-desarrollo-infantil\/","title":{"rendered":"Mor\u00f3n contin\u00faa con la construcci\u00f3n de un nuevo Centro de Desarrollo Infantil"},"content":{"rendered":"\n<h1 id=\"4956\"><\/h1>\n\n\n\n<p>El intendente Lucas Ghi supervis\u00f3 los avances del CDI que estar\u00e1 ubicado en Mor\u00f3n sur. El nuevo espacio ser\u00e1 destinado a la atenci\u00f3n de ni\u00f1os y ni\u00f1as de 45 d\u00edas a 4 a\u00f1os con necesidades b\u00e1sicas insatisfechas.<\/p>\n\n\n\n<figure class=\"wp-block-image\"><img decoding=\"async\" src=\"https:\/\/miro.medium.com\/max\/700\/1*HTVkLOwIgD5siVarz7b6cw.jpeg\" alt=\"\"\/><\/figure>\n\n\n\n<p id=\"d7da\">Autoridades municipales recorrieron la obra del Centro de Desarrollo Infantil (CDI) que estar\u00e1 destinado a la atenci\u00f3n de la primera infancia. El espacio ubicado en Mor\u00f3n sur, en la calle Los Criollos, entre Achaga, Corrientes y Tiziano, tendr\u00e1 como objetivo ampliar los servicios de cuidado integral a ni\u00f1os y ni\u00f1as de 45 d\u00edas a 4 a\u00f1os de edad, contemplando sus distintas necesidades.<\/p>\n\n\n\n<p id=\"29a0\">La obra est\u00e1 ubicada en un predio que fue gestionado por el Municipio de Mor\u00f3n y que, en articulaci\u00f3n con el Ministerio de Obras P\u00fablicas de Naci\u00f3n, se invertir\u00e1n $36.042.017,51. El edificio contar\u00e1 con ba\u00f1os, oficinas, patios de ventilaci\u00f3n, seis aulas, una sala de lactancia y equipamiento integral.<\/p>\n\n\n\n<figure class=\"wp-block-image\"><img decoding=\"async\" src=\"https:\/\/miro.medium.com\/max\/700\/1*Z_x8vRYmsquxpLxq92sTYA.jpeg\" alt=\"\"\/><\/figure>\n\n\n\n<p class=\"has-light-green-cyan-background-color has-background\" id=\"cd42\">El nuevo establecimiento se suma a los dos Centro de Primera Infancia que ya existen en la comuna. Adem\u00e1s, formar\u00e1 parte de la Red de Infraestructura de Cuidado que el Gobierno local articula con el Estado Nacional. Esta iniciativa, pone el eje en ampliar y garantizar derechos en \u00e1reas de salud, g\u00e9nero y ni\u00f1ez, y que pondera el cuidado en cuestiones tales como: asistencia nutricional, estimulaci\u00f3n temprana, psicomotricidad, entre otras.<\/p>\n\n\n\n<figure class=\"wp-block-image\"><img decoding=\"async\" src=\"https:\/\/miro.medium.com\/max\/700\/1*N0LMeJJhM3ibiwJdd0kBUw.jpeg\" alt=\"\"\/><\/figure>\n\n\n\n<p id=\"555a\">Esta acci\u00f3n se suma al desarrollo urban\u00edstico que se lleva adelante en la zona, y que incluye la construcci\u00f3n de la nueva Plaza de los Jardines, ubicada en la calle Maza, y la construcci\u00f3n de la Escuela de Educaci\u00f3n Secundaria N\u00ba 43, donde se realizan tareas de restauraci\u00f3n del edificio que se hab\u00eda comenzado a construir a fines del 2014 y fue paralizado a comienzos del 2016.<\/p>\n\n\n\n<p id=\"f022\">De la recorrida particip\u00f3 el secretario de Planificaci\u00f3n Estrat\u00e9gica, Pablo Itzcovich; la secretaria de Desarrollo Social, Roxana Pierpaoli; el subsecretario de Seguimiento de Obras, Jos\u00e9 Mar\u00eda Gayoso; el subsecretario de Ni\u00f1ez y Juventudes, Rodolfo Garc\u00eda Silva; entre otros funcionarios y funcionarias.<\/p>\n","protected":false},"excerpt":{"rendered":"<p>El intendente Lucas Ghi supervis&oacute; los avances del CDI que estar&aacute; ubicado en Mor&oacute;n sur. El nuevo espacio ser&aacute; destinado a la atenci&oacute;n de ni&ntilde;os y ni&ntilde;as de 45 d&iacute;as a 4 a&ntilde;os con necesidades b&aacute;sicas insatisfechas. Autoridades municipales recorrieron la obra del Centro de Desarrollo Infantil (CDI) que estar&aacute; destinado a la atenci&oacute;n de &hellip; <\/p>\n","protected":false},"author":5,"featured_media":2342,"comment_status":"closed","ping_status":"closed","sticky":false,"template":"","format":"standard","meta":{"om_disable_all_campaigns":false,"_joinchat":[]},"categories":[9],"tags":[46,56,53,43],"featured_image_urls":{"full":["https:\/\/infotep.com.ar\/wp-content\/uploads\/2022\/11\/moron-29-11-22-1-688x387-1.png",688,387,false],"thumbnail":["https:\/\/infotep.com.ar\/wp-content\/uploads\/2022\/11\/moron-29-11-22-1-688x387-1-150x150.png",150,150,true],"medium":["https:\/\/infotep.com.ar\/wp-content\/uploads\/2022\/11\/moron-29-11-22-1-688x387-1-300x169.png",300,169,true],"medium_large":["https:\/\/infotep.com.ar\/wp-content\/uploads\/2022\/11\/moron-29-11-22-1-688x387-1.png",688,387,false],"large":["https:\/\/infotep.com.ar\/wp-content\/uploads\/2022\/11\/moron-29-11-22-1-688x387-1.png",688,387,false],"1536x1536":["https:\/\/infotep.com.ar\/wp-content\/uploads\/2022\/11\/moron-29-11-22-1-688x387-1.png",688,387,false],"2048x2048":["https:\/\/infotep.com.ar\/wp-content\/uploads\/2022\/11\/moron-29-11-22-1-688x387-1.png",688,387,false],"blossom-feminine-slider":["https:\/\/infotep.com.ar\/wp-content\/uploads\/2022\/11\/moron-29-11-22-1-688x387-1.png",688,387,false],"blossom-feminine-featured":["https:\/\/infotep.com.ar\/wp-content\/uploads\/2022\/11\/moron-29-11-22-1-688x387-1.png",688,387,false],"blossom-feminine-with-sidebar":["https:\/\/infotep.com.ar\/wp-content\/uploads\/2022\/11\/moron-29-11-22-1-688x387-1.png",688,387,false],"blossom-feminine-blog":["https:\/\/infotep.com.ar\/wp-content\/uploads\/2022\/11\/moron-29-11-22-1-688x387-1-435x387.png",435,387,true],"blossom-feminine-cat":["https:\/\/infotep.com.ar\/wp-content\/uploads\/2022\/11\/moron-29-11-22-1-688x387-1-450x300.png",450,300,true],"blossom-feminine-related":["https:\/\/infotep.com.ar\/wp-content\/uploads\/2022\/11\/moron-29-11-22-1-688x387-1-320x200.png",320,200,true],"blossom-feminine-schema":["https:\/\/infotep.com.ar\/wp-content\/uploads\/2022\/11\/moron-29-11-22-1-688x387-1-107x60.png",107,60,true],"blossom-mommy-blog-slider-big":["https:\/\/infotep.com.ar\/wp-content\/uploads\/2022\/11\/moron-29-11-22-1-688x387-1.png",688,387,false],"blossom-mommy-blog-slider":["https:\/\/infotep.com.ar\/wp-content\/uploads\/2022\/11\/moron-29-11-22-1-688x387-1-460x310.png",460,310,true],"blossom-mommy-blog-two":["https:\/\/infotep.com.ar\/wp-content\/uploads\/2022\/11\/moron-29-11-22-1-688x387-1.png",688,387,false]},"author_info":{"info":["Angela Tobar"]},"category_info":"<a href=\"https:\/\/infotep.com.ar\/index.php\/category\/municipales\/moron\/\" rel=\"category tag\">Mor\u00f3n<\/a>","tag_info":"Mor\u00f3n","comment_count":"0","_links":{"self":[{"href":"https:\/\/infotep.com.ar\/index.php\/wp-json\/wp\/v2\/posts\/2341"}],"collection":[{"href":"https:\/\/infotep.com.ar\/index.php\/wp-json\/wp\/v2\/posts"}],"about":[{"href":"https:\/\/infotep.com.ar\/index.php\/wp-json\/wp\/v2\/types\/post"}],"author":[{"embeddable":true,"href":"https:\/\/infotep.com.ar\/index.php\/wp-json\/wp\/v2\/users\/5"}],"replies":[{"embeddable":true,"href":"https:\/\/infotep.com.ar\/index.php\/wp-json\/wp\/v2\/comments?post=2341"}],"version-history":[{"count":1,"href":"https:\/\/infotep.com.ar\/index.php\/wp-json\/wp\/v2\/posts\/2341\/revisions"}],"predecessor-version":[{"id":2343,"href":"https:\/\/infotep.com.ar\/index.php\/wp-json\/wp\/v2\/posts\/2341\/revisions\/2343"}],"wp:featuredmedia":[{"embeddable":true,"href":"https:\/\/infotep.com.ar\/index.php\/wp-json\/wp\/v2\/media\/2342"}],"wp:attachment":[{"href":"https:\/\/infotep.com.ar\/index.php\/wp-json\/wp\/v2\/media?parent=2341"}],"wp:term":[{"taxonomy":"category","embeddable":true,"href":"https:\/\/infotep.com.ar\/index.php\/wp-json\/wp\/v2\/categories?post=2341"},{"taxonomy":"post_tag","embeddable":true,"href":"https:\/\/infotep.com.ar\/index.php\/wp-json\/wp\/v2\/tags?post=2341"}],"curies":[{"name":"wp","href":"https:\/\/api.w.org\/{rel}","templated":true}]}}