{"id":2372,"date":"2022-12-01T00:58:48","date_gmt":"2022-12-01T03:58:48","guid":{"rendered":"https:\/\/infotep.com.ar\/?p=2372"},"modified":"2022-12-05T00:37:20","modified_gmt":"2022-12-05T03:37:20","slug":"espinoza-y-kicillof-firmaron-convenio-para-realizar-mas-obras-en-la-matanza","status":"publish","type":"post","link":"https:\/\/infotep.com.ar\/index.php\/2022\/12\/01\/espinoza-y-kicillof-firmaron-convenio-para-realizar-mas-obras-en-la-matanza\/","title":{"rendered":"Espinoza y Kicillof firmaron convenio para realizar m\u00e1s obras en La Matanza"},"content":{"rendered":"\n<p><\/p>\n\n\n\n<p>Ambos mandatarios inauguraron en el barrio Jauretche de Virrey del Pino, el Jard\u00edn de Infantes N\u00b0 1029 consta de aulas equipadas con aires acondicionados, sanitarios incorporados, cocina, SUM y patio de juegos. Cont\u00f3 con una inversi\u00f3n de 66 millones de pesos, que permitir\u00e1 la escolarizaci\u00f3n en la educaci\u00f3n inicial para m\u00e1s de 180 ni\u00f1as y ni\u00f1os. Adem\u00e1s, suscribieron un convenio para la mejora urbana del barrio Sarmiento.<\/p>\n\n\n\n<p class=\"has-light-green-cyan-background-color has-background\">El intendente de La Matanza, Fernando Espinoza, encabez\u00f3 junto al gobernador de la provincia de Buenos Aires, Axel Kicillof; y el director general de Cultura y Educaci\u00f3n, Alberto Sileoni, el acto de inauguraci\u00f3n del nuevo Jard\u00edn de Infantes N\u00b0 1029 en Virrey del Pino. La construcci\u00f3n del edificio fue en el marco del programa Escuelas a la obra, que ya alcanz\u00f3 121 nuevos edificios escolares.<\/p>\n\n\n\n<p>Luego del corte de cinta, el intendente Fernando Espinoza expres\u00f3: \u201cEste es un jard\u00edn de infantes que cuenta con un equipamiento de primer nivel y que no tiene nada que envidiarle al mejor jard\u00edn de infantes privado de la Argentina. La educaci\u00f3n p\u00fablica, gratuita y de calidad es dignidad para todas y todos los argentinos\u201d.<\/p>\n\n\n\n<p>\u201cDurante los cuatro a\u00f1os del gobierno anterior, no pudimos hacer ni una sola obra en La Matanza, quedaron paradas todas las obras que ven\u00edamos haciendo, hoy, no nos alcanzan los 365 d\u00edas de a\u00f1o para poder inaugurar una obra por d\u00eda\u201d, remarc\u00f3 el jefe comunal.<\/p>\n\n\n\n<p>Por su parte, Axel Kicillof, resalt\u00f3: \u201cEn La Matanza hemos hecho muchas cosas, pero este jard\u00edn es muy significativo. La historia, la trayectoria personal, la vida de cada uno de estos pibes cambian completamente entre tener y no tener una instituci\u00f3n educativa\u201d.<\/p>\n\n\n\n<figure class=\"wp-block-image size-large\"><img decoding=\"async\" loading=\"lazy\" width=\"1024\" height=\"682\" src=\"https:\/\/infotep.com.ar\/wp-content\/uploads\/2022\/12\/267-Espinoza-y-Kicillof-inauguraron-un-nuevo-jardin-de-infantes-1-1024x682.jpeg\" alt=\"\" class=\"wp-image-2373\" srcset=\"https:\/\/infotep.com.ar\/wp-content\/uploads\/2022\/12\/267-Espinoza-y-Kicillof-inauguraron-un-nuevo-jardin-de-infantes-1-1024x682.jpeg 1024w, https:\/\/infotep.com.ar\/wp-content\/uploads\/2022\/12\/267-Espinoza-y-Kicillof-inauguraron-un-nuevo-jardin-de-infantes-1-300x200.jpeg 300w, https:\/\/infotep.com.ar\/wp-content\/uploads\/2022\/12\/267-Espinoza-y-Kicillof-inauguraron-un-nuevo-jardin-de-infantes-1-768x512.jpeg 768w, https:\/\/infotep.com.ar\/wp-content\/uploads\/2022\/12\/267-Espinoza-y-Kicillof-inauguraron-un-nuevo-jardin-de-infantes-1-450x300.jpeg 450w, https:\/\/infotep.com.ar\/wp-content\/uploads\/2022\/12\/267-Espinoza-y-Kicillof-inauguraron-un-nuevo-jardin-de-infantes-1-90x60.jpeg 90w, https:\/\/infotep.com.ar\/wp-content\/uploads\/2022\/12\/267-Espinoza-y-Kicillof-inauguraron-un-nuevo-jardin-de-infantes-1.jpeg 1280w\" sizes=\"(max-width: 1024px) 100vw, 1024px\" \/><\/figure>\n\n\n\n<p>\u201cEn La Matanza contamos con un intendente que no solo est\u00e1 pensando en lo indispensable, que tiene que ver con el acceso a la salud, a la educaci\u00f3n o a la infraestructura urbana de aquellos que est\u00e1n en situaci\u00f3n de vulnerabilidad, sino que est\u00e1 llevando adelante un Polo Cient\u00edfico Tecnol\u00f3gico y una nueva Universidad. Un pibe que nace en un barrio de La Matanza a los tres a\u00f1os entra a un jard\u00edn como este y termina con la universidad, de manera totalmente gratuita.&nbsp; Nosotros seguiremos invirtiendo y contamos con Fernando Espinoza que es una m\u00e1quina de trabajo\u201d, a\u00f1adi\u00f3 Kicillof.<\/p>\n\n\n\n<p>Asimismo, Alberto Sileoni asegur\u00f3 que &#8220;el paso que dimos hoy con Fernando, con la decisi\u00f3n siempre clara del gobernador y el apoyo del gobierno nacional, es un paso gigante para los pibes, es la posibilidad de entrar en una hermosa infancia y construir una vida de esperanza&#8221;.<\/p>\n\n\n\n<p>Adem\u00e1s, durante el acto, el intendente Fernando Espinoza y el gobernador Axel Kicillof, junto con el ministro de H\u00e1bitat y Desarrollo Urbano, Agust\u00edn Simone, f<strong>irmaron un convenio por 3400 millones de pesos para la puesta en valor de espacios p\u00fablicos en el Barrio Sarmiento, incluyendo infraestructura de servicios y equipamiento recreativo y deportivo. En ese sentido, la localidad de Virrey del Pino se ver\u00e1 beneficiada con la pavimentaci\u00f3n y ensanche de m\u00e1s cuadas de asfalto, se construir\u00e1 una red de desag\u00fces pluviales, se desarrollar\u00e1 la construcci\u00f3n de redes de agua y cloacas; se instalar\u00e1n luminarias y se colocar\u00e1 equipamiento urbano en plazas y espacios p\u00fablicos. De esta manera, el municipio de La Matanza contin\u00faa ejecutando obras de infraestructura para mejorar la calidad de vida de las vecinas y los vecinos del distrito.<\/strong><\/p>\n\n\n\n<p>&#8220;Toda La Matanza va a seguir cambiando porque estas obras generan m\u00e1s futuro, m\u00e1s dignidad y miles de nuevos puestos de empleo joven&#8221;, celebr\u00f3 Fernando Espinoza.<\/p>\n","protected":false},"excerpt":{"rendered":"<p>Ambos mandatarios inauguraron en el barrio Jauretche de Virrey del Pino, el Jard&iacute;n de Infantes N&deg; 1029 consta de aulas equipadas con aires acondicionados, sanitarios incorporados, cocina, SUM y patio de juegos. Cont&oacute; con una inversi&oacute;n de 66 millones de pesos, que permitir&aacute; la escolarizaci&oacute;n en la educaci&oacute;n inicial para m&aacute;s de 180 ni&ntilde;as y &hellip; <\/p>\n","protected":false},"author":5,"featured_media":2374,"comment_status":"closed","ping_status":"closed","sticky":false,"template":"","format":"standard","meta":{"om_disable_all_campaigns":false,"_joinchat":[]},"categories":[26],"tags":[60,46,59,43],"featured_image_urls":{"full":["https:\/\/infotep.com.ar\/wp-content\/uploads\/2022\/12\/267-Espinoza-y-Kicillof-inauguraron-un-nuevo-jardin-de-infantes-2.jpeg",1280,853,false],"thumbnail":["https:\/\/infotep.com.ar\/wp-content\/uploads\/2022\/12\/267-Espinoza-y-Kicillof-inauguraron-un-nuevo-jardin-de-infantes-2-150x150.jpeg",150,150,true],"medium":["https:\/\/infotep.com.ar\/wp-content\/uploads\/2022\/12\/267-Espinoza-y-Kicillof-inauguraron-un-nuevo-jardin-de-infantes-2-300x200.jpeg",300,200,true],"medium_large":["https:\/\/infotep.com.ar\/wp-content\/uploads\/2022\/12\/267-Espinoza-y-Kicillof-inauguraron-un-nuevo-jardin-de-infantes-2-768x512.jpeg",768,512,true],"large":["https:\/\/infotep.com.ar\/wp-content\/uploads\/2022\/12\/267-Espinoza-y-Kicillof-inauguraron-un-nuevo-jardin-de-infantes-2-1024x682.jpeg",1020,679,true],"1536x1536":["https:\/\/infotep.com.ar\/wp-content\/uploads\/2022\/12\/267-Espinoza-y-Kicillof-inauguraron-un-nuevo-jardin-de-infantes-2.jpeg",1280,853,false],"2048x2048":["https:\/\/infotep.com.ar\/wp-content\/uploads\/2022\/12\/267-Espinoza-y-Kicillof-inauguraron-un-nuevo-jardin-de-infantes-2.jpeg",1280,853,false],"blossom-feminine-slider":["https:\/\/infotep.com.ar\/wp-content\/uploads\/2022\/12\/267-Espinoza-y-Kicillof-inauguraron-un-nuevo-jardin-de-infantes-2-1280x649.jpeg",1280,649,true],"blossom-feminine-featured":["https:\/\/infotep.com.ar\/wp-content\/uploads\/2022\/12\/267-Espinoza-y-Kicillof-inauguraron-un-nuevo-jardin-de-infantes-2-1280x600.jpeg",1280,600,true],"blossom-feminine-with-sidebar":["https:\/\/infotep.com.ar\/wp-content\/uploads\/2022\/12\/267-Espinoza-y-Kicillof-inauguraron-un-nuevo-jardin-de-infantes-2-1020x600.jpeg",1020,600,true],"blossom-feminine-blog":["https:\/\/infotep.com.ar\/wp-content\/uploads\/2022\/12\/267-Espinoza-y-Kicillof-inauguraron-un-nuevo-jardin-de-infantes-2-435x435.jpeg",435,435,true],"blossom-feminine-cat":["https:\/\/infotep.com.ar\/wp-content\/uploads\/2022\/12\/267-Espinoza-y-Kicillof-inauguraron-un-nuevo-jardin-de-infantes-2-450x300.jpeg",450,300,true],"blossom-feminine-related":["https:\/\/infotep.com.ar\/wp-content\/uploads\/2022\/12\/267-Espinoza-y-Kicillof-inauguraron-un-nuevo-jardin-de-infantes-2-320x200.jpeg",320,200,true],"blossom-feminine-schema":["https:\/\/infotep.com.ar\/wp-content\/uploads\/2022\/12\/267-Espinoza-y-Kicillof-inauguraron-un-nuevo-jardin-de-infantes-2-90x60.jpeg",90,60,true],"blossom-mommy-blog-slider-big":["https:\/\/infotep.com.ar\/wp-content\/uploads\/2022\/12\/267-Espinoza-y-Kicillof-inauguraron-un-nuevo-jardin-de-infantes-2-920x650.jpeg",920,650,true],"blossom-mommy-blog-slider":["https:\/\/infotep.com.ar\/wp-content\/uploads\/2022\/12\/267-Espinoza-y-Kicillof-inauguraron-un-nuevo-jardin-de-infantes-2-460x310.jpeg",460,310,true],"blossom-mommy-blog-two":["https:\/\/infotep.com.ar\/wp-content\/uploads\/2022\/12\/267-Espinoza-y-Kicillof-inauguraron-un-nuevo-jardin-de-infantes-2-768x480.jpeg",768,480,true]},"author_info":{"info":["Angela Tobar"]},"category_info":"<a href=\"https:\/\/infotep.com.ar\/index.php\/category\/municipales\/la-matanza\/\" rel=\"category tag\">La Matanza<\/a>","tag_info":"La Matanza","comment_count":"0","_links":{"self":[{"href":"https:\/\/infotep.com.ar\/index.php\/wp-json\/wp\/v2\/posts\/2372"}],"collection":[{"href":"https:\/\/infotep.com.ar\/index.php\/wp-json\/wp\/v2\/posts"}],"about":[{"href":"https:\/\/infotep.com.ar\/index.php\/wp-json\/wp\/v2\/types\/post"}],"author":[{"embeddable":true,"href":"https:\/\/infotep.com.ar\/index.php\/wp-json\/wp\/v2\/users\/5"}],"replies":[{"embeddable":true,"href":"https:\/\/infotep.com.ar\/index.php\/wp-json\/wp\/v2\/comments?post=2372"}],"version-history":[{"count":1,"href":"https:\/\/infotep.com.ar\/index.php\/wp-json\/wp\/v2\/posts\/2372\/revisions"}],"predecessor-version":[{"id":2375,"href":"https:\/\/infotep.com.ar\/index.php\/wp-json\/wp\/v2\/posts\/2372\/revisions\/2375"}],"wp:featuredmedia":[{"embeddable":true,"href":"https:\/\/infotep.com.ar\/index.php\/wp-json\/wp\/v2\/media\/2374"}],"wp:attachment":[{"href":"https:\/\/infotep.com.ar\/index.php\/wp-json\/wp\/v2\/media?parent=2372"}],"wp:term":[{"taxonomy":"category","embeddable":true,"href":"https:\/\/infotep.com.ar\/index.php\/wp-json\/wp\/v2\/categories?post=2372"},{"taxonomy":"post_tag","embeddable":true,"href":"https:\/\/infotep.com.ar\/index.php\/wp-json\/wp\/v2\/tags?post=2372"}],"curies":[{"name":"wp","href":"https:\/\/api.w.org\/{rel}","templated":true}]}}