{"id":23728,"date":"2025-05-13T10:31:42","date_gmt":"2025-05-13T13:31:42","guid":{"rendered":"https:\/\/infotep.com.ar\/?p=23728"},"modified":"2025-05-13T10:31:43","modified_gmt":"2025-05-13T13:31:43","slug":"merlo-impulsa-el-programa-coordenadas-para-estudiantes","status":"publish","type":"post","link":"https:\/\/infotep.com.ar\/index.php\/2025\/05\/13\/merlo-impulsa-el-programa-coordenadas-para-estudiantes\/","title":{"rendered":"Merlo impulsa el programa &#8220;coordenadas&#8221; para estudiantes"},"content":{"rendered":"\n<p>M\u00e1s de 100 estudiantes de secundarias merlenses participaron del programa \u201cCoordenadas, la decisi\u00f3n de caminar\u201d en el Centro de Arte y Exposiciones \u201cLa Usina\u201d en Libertad.<\/p>\n\n\n\n<p>La primera jornada del proyecto cont\u00f3 con la participaci\u00f3n de la E.E.S.T. N\u00b0 4, E.E.S. N\u00b0 27 y E.E.S. N\u00b0 84 acompa\u00f1ados de docentes y autoridades municipales.<\/p>\n\n\n\n<p>La propuesta se enmarca en <strong>las <\/strong>inquietudes, necesidades y deseos de los estudiantes de cara a afrontar en el mundo del trabajo o estudios universitarios al culminar la secundaria.<\/p>\n\n\n\n<p>La Inspectora de Nivel Secundario de Merlo, Sandra Tapia, expres\u00f3 que: \u201cLlevamos adelante la primera etapa con el objetivo de juntarnos, conocer los barrios que habitan y el recorrido que los estudiantes transitan d\u00eda a d\u00eda en su trayectoria acad\u00e9mica\u201d.<\/p>\n\n\n\n<p>Por su parte, el Subsecretario de Educaci\u00f3n de Merlo, Rafael D\u00edaz resalt\u00f3 que: \u201cAcompa\u00f1amos al programa \u2018Coordenadas\u2019 que est\u00e1 destinado a los chicos de 6to a\u00f1o de secundaria para generar el encuentro y la vinculaci\u00f3n entre el estudio y el mundo del trabajo\u201d.<\/p>\n\n\n\n<p>Finalmente, el Subsecretario de Empleo, Gustavo Villagra se\u00f1al\u00f3 que: \u201cEs muy interesante escuchar a los j\u00f3venes en la etapa en la que terminan sus estudios y pasan a buscar su destino\u201d y agreg\u00f3 que \u201cla decisi\u00f3n pol\u00edtica de Gustavo Men\u00e9ndez es apoyar la educaci\u00f3n y la formaci\u00f3n del pueblo de Merlo para ofrecer mayores oportunidades de perfiles laborales que precisen\u201d.<\/p>\n\n\n\n<p>El programa es coordinado por la Direcci\u00f3n Provincial de Educaci\u00f3n Secundaria, el Consejo Provincial de Educaci\u00f3n y Trabajo (COPRET), la Subsecretar\u00eda de Educaci\u00f3n de Merlo y la Subsecretar\u00eda de Trabajo, Empleo e Integraci\u00f3n Laboral.<\/p>\n\n\n\n<p><\/p>\n","protected":false},"excerpt":{"rendered":"<p>M&aacute;s de 100 estudiantes de secundarias merlenses participaron del programa &ldquo;Coordenadas, la decisi&oacute;n de caminar&rdquo; en el Centro de Arte y Exposiciones &ldquo;La Usina&rdquo; en Libertad. La primera jornada del proyecto cont&oacute; con la participaci&oacute;n de la E.E.S.T. N&deg; 4, E.E.S. N&deg; 27 y E.E.S. N&deg; 84 acompa&ntilde;ados de docentes y autoridades municipales. La propuesta &hellip; <\/p>\n","protected":false},"author":5,"featured_media":23729,"comment_status":"closed","ping_status":"closed","sticky":false,"template":"","format":"standard","meta":{"om_disable_all_campaigns":false,"_joinchat":[]},"categories":[10],"tags":[46,43,569],"featured_image_urls":{"full":["https:\/\/infotep.com.ar\/wp-content\/uploads\/2025\/05\/Programa-Coordenadas-4.jpg",1181,689,false],"thumbnail":["https:\/\/infotep.com.ar\/wp-content\/uploads\/2025\/05\/Programa-Coordenadas-4-150x150.jpg",150,150,true],"medium":["https:\/\/infotep.com.ar\/wp-content\/uploads\/2025\/05\/Programa-Coordenadas-4-300x175.jpg",300,175,true],"medium_large":["https:\/\/infotep.com.ar\/wp-content\/uploads\/2025\/05\/Programa-Coordenadas-4-768x448.jpg",768,448,true],"large":["https:\/\/infotep.com.ar\/wp-content\/uploads\/2025\/05\/Programa-Coordenadas-4-1024x597.jpg",1020,595,true],"1536x1536":["https:\/\/infotep.com.ar\/wp-content\/uploads\/2025\/05\/Programa-Coordenadas-4.jpg",1181,689,false],"2048x2048":["https:\/\/infotep.com.ar\/wp-content\/uploads\/2025\/05\/Programa-Coordenadas-4.jpg",1181,689,false],"blossom-feminine-slider":["https:\/\/infotep.com.ar\/wp-content\/uploads\/2025\/05\/Programa-Coordenadas-4-1181x649.jpg",1181,649,true],"blossom-feminine-featured":["https:\/\/infotep.com.ar\/wp-content\/uploads\/2025\/05\/Programa-Coordenadas-4-1181x600.jpg",1181,600,true],"blossom-feminine-with-sidebar":["https:\/\/infotep.com.ar\/wp-content\/uploads\/2025\/05\/Programa-Coordenadas-4-1020x600.jpg",1020,600,true],"blossom-feminine-blog":["https:\/\/infotep.com.ar\/wp-content\/uploads\/2025\/05\/Programa-Coordenadas-4-435x435.jpg",435,435,true],"blossom-feminine-cat":["https:\/\/infotep.com.ar\/wp-content\/uploads\/2025\/05\/Programa-Coordenadas-4-450x300.jpg",450,300,true],"blossom-feminine-related":["https:\/\/infotep.com.ar\/wp-content\/uploads\/2025\/05\/Programa-Coordenadas-4-320x200.jpg",320,200,true],"blossom-feminine-schema":["https:\/\/infotep.com.ar\/wp-content\/uploads\/2025\/05\/Programa-Coordenadas-4-103x60.jpg",103,60,true],"blossom-mommy-blog-slider-big":["https:\/\/infotep.com.ar\/wp-content\/uploads\/2025\/05\/Programa-Coordenadas-4-920x650.jpg",920,650,true],"blossom-mommy-blog-slider":["https:\/\/infotep.com.ar\/wp-content\/uploads\/2025\/05\/Programa-Coordenadas-4-460x310.jpg",460,310,true],"blossom-mommy-blog-two":["https:\/\/infotep.com.ar\/wp-content\/uploads\/2025\/05\/Programa-Coordenadas-4-768x480.jpg",768,480,true]},"author_info":{"info":["Angela Tobar"]},"category_info":"<a href=\"https:\/\/infotep.com.ar\/index.php\/category\/municipales\/merlo\/\" rel=\"category tag\">Merlo<\/a>","tag_info":"Merlo","comment_count":"0","_links":{"self":[{"href":"https:\/\/infotep.com.ar\/index.php\/wp-json\/wp\/v2\/posts\/23728"}],"collection":[{"href":"https:\/\/infotep.com.ar\/index.php\/wp-json\/wp\/v2\/posts"}],"about":[{"href":"https:\/\/infotep.com.ar\/index.php\/wp-json\/wp\/v2\/types\/post"}],"author":[{"embeddable":true,"href":"https:\/\/infotep.com.ar\/index.php\/wp-json\/wp\/v2\/users\/5"}],"replies":[{"embeddable":true,"href":"https:\/\/infotep.com.ar\/index.php\/wp-json\/wp\/v2\/comments?post=23728"}],"version-history":[{"count":1,"href":"https:\/\/infotep.com.ar\/index.php\/wp-json\/wp\/v2\/posts\/23728\/revisions"}],"predecessor-version":[{"id":23730,"href":"https:\/\/infotep.com.ar\/index.php\/wp-json\/wp\/v2\/posts\/23728\/revisions\/23730"}],"wp:featuredmedia":[{"embeddable":true,"href":"https:\/\/infotep.com.ar\/index.php\/wp-json\/wp\/v2\/media\/23729"}],"wp:attachment":[{"href":"https:\/\/infotep.com.ar\/index.php\/wp-json\/wp\/v2\/media?parent=23728"}],"wp:term":[{"taxonomy":"category","embeddable":true,"href":"https:\/\/infotep.com.ar\/index.php\/wp-json\/wp\/v2\/categories?post=23728"},{"taxonomy":"post_tag","embeddable":true,"href":"https:\/\/infotep.com.ar\/index.php\/wp-json\/wp\/v2\/tags?post=23728"}],"curies":[{"name":"wp","href":"https:\/\/api.w.org\/{rel}","templated":true}]}}