{"id":23759,"date":"2025-05-14T10:53:21","date_gmt":"2025-05-14T13:53:21","guid":{"rendered":"https:\/\/infotep.com.ar\/?p=23759"},"modified":"2025-05-14T10:53:21","modified_gmt":"2025-05-14T13:53:21","slug":"profesionales-del-garrahan-apuntaron-contra-javier-milei-y-haran-un-abrazo-simbolico-al-edificio","status":"publish","type":"post","link":"https:\/\/infotep.com.ar\/index.php\/2025\/05\/14\/profesionales-del-garrahan-apuntaron-contra-javier-milei-y-haran-un-abrazo-simbolico-al-edificio\/","title":{"rendered":"Profesionales del Garrahan apuntaron contra Javier Milei y har\u00e1n un abrazo simb\u00f3lico al edificio"},"content":{"rendered":"\n<p>Luego de que el Presidente dijera que realizar\u00eda una obra de teatro en beneficio de la entidad, trabajadores del Hospital lo repudiaron.<br><br>Trabajadores del Hospital Garrahan, una de las entidades pedi\u00e1tricas m\u00e1s destacadas del pa\u00eds, apuntaron contra el presidente Javier Milei luego de que \u00e9ste anunciara que quer\u00eda realizar \u201cuna obra de teatro en beneficio\u201d a la instituci\u00f3n: \u201cSus comentarios resultan profundamente rechazados\u201d.<\/p>\n\n\n\n<p>L<strong>a Lic. Norma Lezana, secretaria General de la Asociaci\u00f3n de Profesionales y T\u00e9cnicos y nutricionista pedi\u00e1trica del Hospital Garrahan, sostuvo que cuando Milei se\u00f1al\u00f3 que \u201cproducir\u00eda una obra rodeado de mujeres rubias y voluptuosas\u201d, lo tomaron como un mensaje \u201cobsoleto y grosero\u201d trat\u00e1ndose de una entidad destinada a las infancias.<\/strong><\/p>\n\n\n\n<p>\u201cEn primer lugar, tiene un contenido machista, m\u00e1s de parte de un Presidente de la Naci\u00f3n y donde la mayor\u00eda de la comunidad ha consensuado que estos comentarios, respecto a los cuerpos de las mujeres y de las personas, no corresponden. Por eso, desde el punto de vista del cuidado de las infancias, de las diversidades y de las luchas de g\u00e9nero, que desde nuestro hospital garantizamos cuando atendemos a los chicos, chicas y adolescentes, nos parece completamente chocante y obsoleto\u201d, manifest\u00f3 Lezana.<\/p>\n\n\n\n<p class=\"has-light-green-cyan-background-color has-background\">Por otra parte, sostuvo que el Garrahan se encuentra en una grave crisis por el \u201cdesfinanciamiento\u201d que imparte el Gobierno Nacional, \u201csobre todo para cubrir los salarios de los trabajadores del equipo de salud\u201d, lo cual provoca \u201crenuncias masivas\u201d que vienen en crecimiento desde el a\u00f1o pasado.<\/p>\n\n\n\n<p>Estas renuncias \u201cabarcan a todo el equipo de salud de manera transversal\u201d y, al mismo tiempo, producen un \u201cdesgranamiento de los equipos interdisciplinarios\u201d que distinguen a la entidad pedi\u00e1trica desde hace 37 a\u00f1os.<\/p>\n\n\n\n<p>A su vez, seg\u00fan Lezana, esta situaci\u00f3n \u201cpone en riesgo\u201d el derecho de los pacientes menores al acceso a la Salud P\u00fablica de alta complejidad y de excelencia, como as\u00ed tambi\u00e9n a la generaci\u00f3n de conocimiento que, desde el Hospital, desarrollan los equipos de salud.<\/p>\n\n\n\n<p><strong>Paralelamente, los trabajadores denunciaron \u201cun ataque al programa de residencia de formaci\u00f3n de trabajo social\u201d por parte del Ministro de Salud, Mario Lugones, que \u201cdecidi\u00f3 cerrarlo\u201d de forma arbitraria.<\/strong><\/p>\n\n\n\n<p class=\"has-light-green-cyan-background-color has-background\">\u201cEn este contexto, el 21 de mayo estamos organizando un abrazo, una cadena humana, en solidaridad a nuestro Hospital que es un emblema y que est\u00e1 siendo destruido, partido al medio, por la motosierra del Presidente Milei con sus pol\u00edticas de desfinanciamiento de Salud P\u00fablica y que han atacado brutalmente al Garrahan\u201d, concluy\u00f3.<\/p>\n","protected":false},"excerpt":{"rendered":"<p>Luego de que el Presidente dijera que realizar&iacute;a una obra de teatro en beneficio de la entidad, trabajadores del Hospital lo repudiaron. Trabajadores del Hospital Garrahan, una de las entidades pedi&aacute;tricas m&aacute;s destacadas del pa&iacute;s, apuntaron contra el presidente Javier Milei luego de que &eacute;ste anunciara que quer&iacute;a realizar &ldquo;una obra de teatro en beneficio&rdquo; &hellip; <\/p>\n","protected":false},"author":5,"featured_media":23760,"comment_status":"closed","ping_status":"closed","sticky":false,"template":"","format":"standard","meta":{"om_disable_all_campaigns":false,"_joinchat":[]},"categories":[31,7,4],"tags":[46,43,569],"featured_image_urls":{"full":["https:\/\/infotep.com.ar\/wp-content\/uploads\/2025\/05\/garrahan.jpg",1024,680,false],"thumbnail":["https:\/\/infotep.com.ar\/wp-content\/uploads\/2025\/05\/garrahan-150x150.jpg",150,150,true],"medium":["https:\/\/infotep.com.ar\/wp-content\/uploads\/2025\/05\/garrahan-300x199.jpg",300,199,true],"medium_large":["https:\/\/infotep.com.ar\/wp-content\/uploads\/2025\/05\/garrahan-768x510.jpg",768,510,true],"large":["https:\/\/infotep.com.ar\/wp-content\/uploads\/2025\/05\/garrahan.jpg",1020,677,false],"1536x1536":["https:\/\/infotep.com.ar\/wp-content\/uploads\/2025\/05\/garrahan.jpg",1024,680,false],"2048x2048":["https:\/\/infotep.com.ar\/wp-content\/uploads\/2025\/05\/garrahan.jpg",1024,680,false],"blossom-feminine-slider":["https:\/\/infotep.com.ar\/wp-content\/uploads\/2025\/05\/garrahan-1024x649.jpg",1024,649,true],"blossom-feminine-featured":["https:\/\/infotep.com.ar\/wp-content\/uploads\/2025\/05\/garrahan-1024x600.jpg",1024,600,true],"blossom-feminine-with-sidebar":["https:\/\/infotep.com.ar\/wp-content\/uploads\/2025\/05\/garrahan-1020x600.jpg",1020,600,true],"blossom-feminine-blog":["https:\/\/infotep.com.ar\/wp-content\/uploads\/2025\/05\/garrahan-435x435.jpg",435,435,true],"blossom-feminine-cat":["https:\/\/infotep.com.ar\/wp-content\/uploads\/2025\/05\/garrahan-450x300.jpg",450,300,true],"blossom-feminine-related":["https:\/\/infotep.com.ar\/wp-content\/uploads\/2025\/05\/garrahan-320x200.jpg",320,200,true],"blossom-feminine-schema":["https:\/\/infotep.com.ar\/wp-content\/uploads\/2025\/05\/garrahan-90x60.jpg",90,60,true],"blossom-mommy-blog-slider-big":["https:\/\/infotep.com.ar\/wp-content\/uploads\/2025\/05\/garrahan-920x650.jpg",920,650,true],"blossom-mommy-blog-slider":["https:\/\/infotep.com.ar\/wp-content\/uploads\/2025\/05\/garrahan-460x310.jpg",460,310,true],"blossom-mommy-blog-two":["https:\/\/infotep.com.ar\/wp-content\/uploads\/2025\/05\/garrahan-768x480.jpg",768,480,true]},"author_info":{"info":["Angela Tobar"]},"category_info":"<a href=\"https:\/\/infotep.com.ar\/index.php\/category\/destacadas\/\" rel=\"category tag\">Destacadas<\/a> <a href=\"https:\/\/infotep.com.ar\/index.php\/category\/gremios\/\" rel=\"category tag\">Gremios<\/a> <a href=\"https:\/\/infotep.com.ar\/index.php\/category\/provinciales\/\" rel=\"category tag\">Provinciales<\/a>","tag_info":"Provinciales","comment_count":"0","_links":{"self":[{"href":"https:\/\/infotep.com.ar\/index.php\/wp-json\/wp\/v2\/posts\/23759"}],"collection":[{"href":"https:\/\/infotep.com.ar\/index.php\/wp-json\/wp\/v2\/posts"}],"about":[{"href":"https:\/\/infotep.com.ar\/index.php\/wp-json\/wp\/v2\/types\/post"}],"author":[{"embeddable":true,"href":"https:\/\/infotep.com.ar\/index.php\/wp-json\/wp\/v2\/users\/5"}],"replies":[{"embeddable":true,"href":"https:\/\/infotep.com.ar\/index.php\/wp-json\/wp\/v2\/comments?post=23759"}],"version-history":[{"count":1,"href":"https:\/\/infotep.com.ar\/index.php\/wp-json\/wp\/v2\/posts\/23759\/revisions"}],"predecessor-version":[{"id":23761,"href":"https:\/\/infotep.com.ar\/index.php\/wp-json\/wp\/v2\/posts\/23759\/revisions\/23761"}],"wp:featuredmedia":[{"embeddable":true,"href":"https:\/\/infotep.com.ar\/index.php\/wp-json\/wp\/v2\/media\/23760"}],"wp:attachment":[{"href":"https:\/\/infotep.com.ar\/index.php\/wp-json\/wp\/v2\/media?parent=23759"}],"wp:term":[{"taxonomy":"category","embeddable":true,"href":"https:\/\/infotep.com.ar\/index.php\/wp-json\/wp\/v2\/categories?post=23759"},{"taxonomy":"post_tag","embeddable":true,"href":"https:\/\/infotep.com.ar\/index.php\/wp-json\/wp\/v2\/tags?post=23759"}],"curies":[{"name":"wp","href":"https:\/\/api.w.org\/{rel}","templated":true}]}}