{"id":23798,"date":"2025-05-15T14:03:54","date_gmt":"2025-05-15T17:03:54","guid":{"rendered":"https:\/\/infotep.com.ar\/?p=23798"},"modified":"2025-05-15T14:03:55","modified_gmt":"2025-05-15T17:03:55","slug":"megaoperativo-en-el-conurbano-desarticularon-la-red-narcocriminal-de-alicho-oreja-gonzalez","status":"publish","type":"post","link":"https:\/\/infotep.com.ar\/index.php\/2025\/05\/15\/megaoperativo-en-el-conurbano-desarticularon-la-red-narcocriminal-de-alicho-oreja-gonzalez\/","title":{"rendered":"Megaoperativo en el Conurbano: desarticularon la red narcocriminal de \u201cAlicho Oreja\u201d Gonz\u00e1lez"},"content":{"rendered":"\n<p>Se realizaron 20 allanamientos donde se concretaron 14 detenciones y siete aprehensiones. El l\u00edder est\u00e1 preso en la c\u00e1rcel de Magdalena.<br><br>Un megaoperativo en el Conurbano bonaerense concluy\u00f3 con la desarticulaci\u00f3n de la red narcocriminal liderada por Marcelo \u201cAlicho Oreja\u201d Gonz\u00e1lez, detenido en la c\u00e1rcel de Magdalena. Se realizaron 20 allanamientos donde se concretaron 14 detenciones y siete aprehensiones.<\/p>\n\n\n\n<p>La Polic\u00eda de la provincia de Buenos Aires llev\u00f3 a cabo m\u00e1s de 20 allanamientos en distintas localidades del Conurbano, en el marco de la causa FSM 25850\/2024, iniciada en septiembre del a\u00f1o pasado.<\/p>\n\n\n\n<p>La investigaci\u00f3n, llevada adelante por la Superintendencia de Planeamiento y Operaciones Policiales, cont\u00f3 con la intervenci\u00f3n del Juzgado Federal en lo Criminal y Correccional N\u00ba2 de San Mart\u00edn, a cargo de la jueza Alicia Vence, con la Secretar\u00eda N\u00ba 5 a cargo de Hern\u00e1n Roncaglia.<\/p>\n\n\n\n<p>Conforme a la informaci\u00f3n policial enviada a la Agencia Noticias Argentinas, el operativo tuvo como eje la desarticulaci\u00f3n de una organizaci\u00f3n criminal liderada por Marcelo \u201cAlicho Oreja\u201d Gonz\u00e1lez, actualmente detenido en la Unidad Carcelaria N\u00ba28 de Magdalena, desde donde coordinaba la distribuci\u00f3n de estupefacientes en la Villa 9 de Julio, partido de San Mart\u00edn.<\/p>\n\n\n\n<p>Del expediente se desprende que Gonz\u00e1lez \u201coperaba con una estructura de intermediarios que gestionaban el acopio, fraccionamiento, armado de envoltorios y venta de drogas, y que adem\u00e1s contaba con una red financiera y armamento ilegal\u201d.<\/p>\n\n\n\n<p>Luego de las pesquisas, las autoridades informaron que se lograron 14 detenciones y siete aprehendidos, quienes quedaron incomunicadas.<\/p>\n\n\n\n<p>Adem\u00e1s, se incautaron 13 armas de fuego, incluyendo pistolas, rev\u00f3lveres y escopetas, sumado a droga como, por ejemplo, cerca de cinco kilogramos de coca\u00edna y cuatro kilogramos de marihuana en envoltorios listos para su distribuci\u00f3n.<\/p>\n\n\n\n<p>Se suma a lo secuestrado 3,7 kilogramos de sustancias de corte, balanzas, termo selladoras, elementos de fraccionamiento y materiales para empaque.<\/p>\n\n\n\n<p>Respecto al dinero incautado, hallaron m\u00e1s de $9,3 millones y 13.000 d\u00f3lares en efectivo, sumado a otros 36.800 d\u00f3lares presuntamente ap\u00f3crifos.<\/p>\n\n\n\n<p>Las autoridades informaron que tambi\u00e9n se confiscaron chalecos antibalas, una r\u00e9plica de fusil, municiones de distintos calibres, veh\u00edculos con pedido de secuestro, 23 celulares y cuadernos.<\/p>\n\n\n\n<p>\u201cUno de los blancos del operativo fue la propia Unidad Carcelaria donde est\u00e1 alojado Gonz\u00e1lez, desde donde se incautaron dos celulares utilizados para continuar las maniobras delictivas\u201d, precisaron.<\/p>\n\n\n\n<p>Se supo que la estructura delictiva tambi\u00e9n contaba con un c\u00f3mplice que operaba desde una falsa financiera en Vicente L\u00f3pez.<\/p>\n\n\n\n<p>\u201cEl despliegue representa un golpe importante a una red narco-criminal que articulaba log\u00edstica, distribuci\u00f3n y financiamiento desde distintos puntos del \u00c1rea Metropolitana de Buenos Aires, con foco en la zona norte y oeste del Conurbano\u201d, expresaron.<\/p>\n","protected":false},"excerpt":{"rendered":"<p>Se realizaron 20 allanamientos donde se concretaron 14 detenciones y siete aprehensiones. El l&iacute;der est&aacute; preso en la c&aacute;rcel de Magdalena. Un megaoperativo en el Conurbano bonaerense concluy&oacute; con la desarticulaci&oacute;n de la red narcocriminal liderada por Marcelo &ldquo;Alicho Oreja&rdquo; Gonz&aacute;lez, detenido en la c&aacute;rcel de Magdalena. Se realizaron 20 allanamientos donde se concretaron 14 &hellip; <\/p>\n","protected":false},"author":5,"featured_media":23799,"comment_status":"closed","ping_status":"closed","sticky":false,"template":"","format":"standard","meta":{"om_disable_all_campaigns":false,"_joinchat":[]},"categories":[4],"tags":[],"featured_image_urls":{"full":["https:\/\/infotep.com.ar\/wp-content\/uploads\/2025\/05\/720-4-2.webp",1280,720,false],"thumbnail":["https:\/\/infotep.com.ar\/wp-content\/uploads\/2025\/05\/720-4-2-150x150.webp",150,150,true],"medium":["https:\/\/infotep.com.ar\/wp-content\/uploads\/2025\/05\/720-4-2-300x169.webp",300,169,true],"medium_large":["https:\/\/infotep.com.ar\/wp-content\/uploads\/2025\/05\/720-4-2-768x432.webp",768,432,true],"large":["https:\/\/infotep.com.ar\/wp-content\/uploads\/2025\/05\/720-4-2-1024x576.webp",1020,574,true],"1536x1536":["https:\/\/infotep.com.ar\/wp-content\/uploads\/2025\/05\/720-4-2.webp",1280,720,false],"2048x2048":["https:\/\/infotep.com.ar\/wp-content\/uploads\/2025\/05\/720-4-2.webp",1280,720,false],"blossom-feminine-slider":["https:\/\/infotep.com.ar\/wp-content\/uploads\/2025\/05\/720-4-2-1280x649.webp",1280,649,true],"blossom-feminine-featured":["https:\/\/infotep.com.ar\/wp-content\/uploads\/2025\/05\/720-4-2-1280x600.webp",1280,600,true],"blossom-feminine-with-sidebar":["https:\/\/infotep.com.ar\/wp-content\/uploads\/2025\/05\/720-4-2-1020x600.webp",1020,600,true],"blossom-feminine-blog":["https:\/\/infotep.com.ar\/wp-content\/uploads\/2025\/05\/720-4-2-435x435.webp",435,435,true],"blossom-feminine-cat":["https:\/\/infotep.com.ar\/wp-content\/uploads\/2025\/05\/720-4-2-450x300.webp",450,300,true],"blossom-feminine-related":["https:\/\/infotep.com.ar\/wp-content\/uploads\/2025\/05\/720-4-2-320x200.webp",320,200,true],"blossom-feminine-schema":["https:\/\/infotep.com.ar\/wp-content\/uploads\/2025\/05\/720-4-2-107x60.webp",107,60,true],"blossom-mommy-blog-slider-big":["https:\/\/infotep.com.ar\/wp-content\/uploads\/2025\/05\/720-4-2-920x650.webp",920,650,true],"blossom-mommy-blog-slider":["https:\/\/infotep.com.ar\/wp-content\/uploads\/2025\/05\/720-4-2-460x310.webp",460,310,true],"blossom-mommy-blog-two":["https:\/\/infotep.com.ar\/wp-content\/uploads\/2025\/05\/720-4-2-768x480.webp",768,480,true]},"author_info":{"info":["Angela Tobar"]},"category_info":"<a href=\"https:\/\/infotep.com.ar\/index.php\/category\/provinciales\/\" rel=\"category tag\">Provinciales<\/a>","tag_info":"Provinciales","comment_count":"0","_links":{"self":[{"href":"https:\/\/infotep.com.ar\/index.php\/wp-json\/wp\/v2\/posts\/23798"}],"collection":[{"href":"https:\/\/infotep.com.ar\/index.php\/wp-json\/wp\/v2\/posts"}],"about":[{"href":"https:\/\/infotep.com.ar\/index.php\/wp-json\/wp\/v2\/types\/post"}],"author":[{"embeddable":true,"href":"https:\/\/infotep.com.ar\/index.php\/wp-json\/wp\/v2\/users\/5"}],"replies":[{"embeddable":true,"href":"https:\/\/infotep.com.ar\/index.php\/wp-json\/wp\/v2\/comments?post=23798"}],"version-history":[{"count":1,"href":"https:\/\/infotep.com.ar\/index.php\/wp-json\/wp\/v2\/posts\/23798\/revisions"}],"predecessor-version":[{"id":23800,"href":"https:\/\/infotep.com.ar\/index.php\/wp-json\/wp\/v2\/posts\/23798\/revisions\/23800"}],"wp:featuredmedia":[{"embeddable":true,"href":"https:\/\/infotep.com.ar\/index.php\/wp-json\/wp\/v2\/media\/23799"}],"wp:attachment":[{"href":"https:\/\/infotep.com.ar\/index.php\/wp-json\/wp\/v2\/media?parent=23798"}],"wp:term":[{"taxonomy":"category","embeddable":true,"href":"https:\/\/infotep.com.ar\/index.php\/wp-json\/wp\/v2\/categories?post=23798"},{"taxonomy":"post_tag","embeddable":true,"href":"https:\/\/infotep.com.ar\/index.php\/wp-json\/wp\/v2\/tags?post=23798"}],"curies":[{"name":"wp","href":"https:\/\/api.w.org\/{rel}","templated":true}]}}