{"id":23870,"date":"2025-05-17T13:19:19","date_gmt":"2025-05-17T16:19:19","guid":{"rendered":"https:\/\/infotep.com.ar\/?p=23870"},"modified":"2025-05-17T13:20:15","modified_gmt":"2025-05-17T16:20:15","slug":"el-arroyo-de-15-metros-ahora-tiene-un-kilometro-campana-desbordada-por-la-inundacion","status":"publish","type":"post","link":"https:\/\/infotep.com.ar\/index.php\/2025\/05\/17\/el-arroyo-de-15-metros-ahora-tiene-un-kilometro-campana-desbordada-por-la-inundacion\/","title":{"rendered":"\u201cEl arroyo de 15 metros ahora tiene un kil\u00f3metro\u201d: Campana desbordada por la inundaci\u00f3n"},"content":{"rendered":"\n<p>El intendente Sebasti\u00e1n Abella advirti\u00f3 que su distrito atraviesa una situaci\u00f3n cr\u00edtica debido al temporal que afecta a gran parte del norte bonaerense.<br><br>Sebasti\u00e1n Abella, intendente de Campana, advirti\u00f3 que su distrito atraviesa una situaci\u00f3n cr\u00edtica debido al temporal que afecta a gran parte del norte bonaerense. En di\u00e1logo con TN, el jefe comunal describi\u00f3 un escenario dram\u00e1tico, con m\u00e1s de 400 mil\u00edmetros de agua ca\u00edda y un desborde generalizado de cursos de agua que ha dejado a barrios enteros bajo el agua y numerosas personas evacuadas.<\/p>\n\n\n\n<p>\u201cEl arroyo de La Cruz, que normalmente tiene 15 metros de ancho, ahora tiene un kil\u00f3metro. Todo eso desbord\u00f3 hacia la Panamericana. Es muy complejo lo que est\u00e1 pasando\u201d, asegur\u00f3 Abella, visiblemente preocupado por el impacto que las lluvias est\u00e1n provocando en la infraestructura vial y en las zonas urbanas de Campana.<\/p>\n\n\n\n<p>Seg\u00fan explic\u00f3, adem\u00e1s de los centros de evacuaci\u00f3n abiertos por el municipio, muchas familias debieron trasladarse por sus propios medios a casas de parientes, en un intento por escapar del avance del agua.<\/p>\n\n\n\n<p>El intendente detall\u00f3 que la emergencia no solo se limita a las lluvias ca\u00eddas directamente sobre la ciudad, sino que se ve agravada por el agua que baja desde otras localidades. \u201cAunque pare de llover, el agua que est\u00e1 cayendo ahora en San Antonio de Areco va a llegar a Campana dentro de unas horas. Esto sigue bajando. No es que para la lluvia y el problema se termina\u201d.<\/p>\n\n\n\n<p>Respecto a la articulaci\u00f3n con otras jurisdicciones, Abella reconoci\u00f3 que la Provincia y Naci\u00f3n est\u00e1n presentes y colaborando, pero advirti\u00f3 que la magnitud del fen\u00f3meno meteorol\u00f3gico es in\u00e9dita.<\/p>\n\n\n\n<p>En ese contexto, tambi\u00e9n se refiri\u00f3 a los m\u00faltiples llamados de emergencia que llegan desde rutas completamente anegadas, sobre todo en los tramos cercanos a Z\u00e1rate. \u201cNos llegan im\u00e1genes de colectivos con chicos varados, rutas completamente tapadas de agua. Es tal cual lo que se ve. La ruta est\u00e1 desbordada y hay gente atrapada desde hace horas\u201d, se\u00f1al\u00f3.<\/p>\n\n\n\n<p>El intendente pidi\u00f3 enf\u00e1ticamente que la poblaci\u00f3n evite salir a las rutas, ya que la situaci\u00f3n contin\u00faa agrav\u00e1ndose y muchas zonas est\u00e1n absolutamente intransitables. \u201cLamentablemente, hay quienes salieron ayer sin recibir ninguna advertencia en los peajes y terminaron atrapados\u201d, denunci\u00f3.<\/p>\n\n\n\n<p>La situaci\u00f3n en Campana, como en otros puntos del norte bonaerense, se mantiene bajo alerta roja. \u201cLas zonas m\u00e1s complicadas est\u00e1n en la periferia de la ciudad y cerca del r\u00edo, como San Cayetano. Hay otros barrios tambi\u00e9n afectados, aunque no con la misma magnitud\u201d, agreg\u00f3.<\/p>\n\n\n\n<p>Abella cerr\u00f3 su intervenci\u00f3n agradeciendo el contacto y advirtiendo que la emergencia continuar\u00e1 durante varias horas m\u00e1s. Las autoridades municipales y provinciales trabajan contrarreloj para atender a los damnificados mientras el agua sigue bajando y amenaza con empeorar a\u00fan m\u00e1s un escenario ya devastador.<\/p>\n","protected":false},"excerpt":{"rendered":"<p>El intendente Sebasti&aacute;n Abella advirti&oacute; que su distrito atraviesa una situaci&oacute;n cr&iacute;tica debido al temporal que afecta a gran parte del norte bonaerense. Sebasti&aacute;n Abella, intendente de Campana, advirti&oacute; que su distrito atraviesa una situaci&oacute;n cr&iacute;tica debido al temporal que afecta a gran parte del norte bonaerense. En di&aacute;logo con TN, el jefe comunal describi&oacute; &hellip; <\/p>\n","protected":false},"author":5,"featured_media":23871,"comment_status":"closed","ping_status":"closed","sticky":false,"template":"","format":"standard","meta":{"om_disable_all_campaigns":false,"_joinchat":[]},"categories":[4],"tags":[46,43,569],"featured_image_urls":{"full":["https:\/\/infotep.com.ar\/wp-content\/uploads\/2025\/05\/720-3-1.webp",1051,720,false],"thumbnail":["https:\/\/infotep.com.ar\/wp-content\/uploads\/2025\/05\/720-3-1-150x150.webp",150,150,true],"medium":["https:\/\/infotep.com.ar\/wp-content\/uploads\/2025\/05\/720-3-1-300x206.webp",300,206,true],"medium_large":["https:\/\/infotep.com.ar\/wp-content\/uploads\/2025\/05\/720-3-1-768x526.webp",768,526,true],"large":["https:\/\/infotep.com.ar\/wp-content\/uploads\/2025\/05\/720-3-1-1024x702.webp",1020,699,true],"1536x1536":["https:\/\/infotep.com.ar\/wp-content\/uploads\/2025\/05\/720-3-1.webp",1051,720,false],"2048x2048":["https:\/\/infotep.com.ar\/wp-content\/uploads\/2025\/05\/720-3-1.webp",1051,720,false],"blossom-feminine-slider":["https:\/\/infotep.com.ar\/wp-content\/uploads\/2025\/05\/720-3-1-1051x649.webp",1051,649,true],"blossom-feminine-featured":["https:\/\/infotep.com.ar\/wp-content\/uploads\/2025\/05\/720-3-1-1051x600.webp",1051,600,true],"blossom-feminine-with-sidebar":["https:\/\/infotep.com.ar\/wp-content\/uploads\/2025\/05\/720-3-1-1020x600.webp",1020,600,true],"blossom-feminine-blog":["https:\/\/infotep.com.ar\/wp-content\/uploads\/2025\/05\/720-3-1-435x435.webp",435,435,true],"blossom-feminine-cat":["https:\/\/infotep.com.ar\/wp-content\/uploads\/2025\/05\/720-3-1-450x300.webp",450,300,true],"blossom-feminine-related":["https:\/\/infotep.com.ar\/wp-content\/uploads\/2025\/05\/720-3-1-320x200.webp",320,200,true],"blossom-feminine-schema":["https:\/\/infotep.com.ar\/wp-content\/uploads\/2025\/05\/720-3-1-88x60.webp",88,60,true],"blossom-mommy-blog-slider-big":["https:\/\/infotep.com.ar\/wp-content\/uploads\/2025\/05\/720-3-1-920x650.webp",920,650,true],"blossom-mommy-blog-slider":["https:\/\/infotep.com.ar\/wp-content\/uploads\/2025\/05\/720-3-1-460x310.webp",460,310,true],"blossom-mommy-blog-two":["https:\/\/infotep.com.ar\/wp-content\/uploads\/2025\/05\/720-3-1-768x480.webp",768,480,true]},"author_info":{"info":["Angela Tobar"]},"category_info":"<a href=\"https:\/\/infotep.com.ar\/index.php\/category\/provinciales\/\" rel=\"category tag\">Provinciales<\/a>","tag_info":"Provinciales","comment_count":"0","_links":{"self":[{"href":"https:\/\/infotep.com.ar\/index.php\/wp-json\/wp\/v2\/posts\/23870"}],"collection":[{"href":"https:\/\/infotep.com.ar\/index.php\/wp-json\/wp\/v2\/posts"}],"about":[{"href":"https:\/\/infotep.com.ar\/index.php\/wp-json\/wp\/v2\/types\/post"}],"author":[{"embeddable":true,"href":"https:\/\/infotep.com.ar\/index.php\/wp-json\/wp\/v2\/users\/5"}],"replies":[{"embeddable":true,"href":"https:\/\/infotep.com.ar\/index.php\/wp-json\/wp\/v2\/comments?post=23870"}],"version-history":[{"count":1,"href":"https:\/\/infotep.com.ar\/index.php\/wp-json\/wp\/v2\/posts\/23870\/revisions"}],"predecessor-version":[{"id":23872,"href":"https:\/\/infotep.com.ar\/index.php\/wp-json\/wp\/v2\/posts\/23870\/revisions\/23872"}],"wp:featuredmedia":[{"embeddable":true,"href":"https:\/\/infotep.com.ar\/index.php\/wp-json\/wp\/v2\/media\/23871"}],"wp:attachment":[{"href":"https:\/\/infotep.com.ar\/index.php\/wp-json\/wp\/v2\/media?parent=23870"}],"wp:term":[{"taxonomy":"category","embeddable":true,"href":"https:\/\/infotep.com.ar\/index.php\/wp-json\/wp\/v2\/categories?post=23870"},{"taxonomy":"post_tag","embeddable":true,"href":"https:\/\/infotep.com.ar\/index.php\/wp-json\/wp\/v2\/tags?post=23870"}],"curies":[{"name":"wp","href":"https:\/\/api.w.org\/{rel}","templated":true}]}}