{"id":23904,"date":"2025-05-19T00:16:10","date_gmt":"2025-05-19T03:16:10","guid":{"rendered":"https:\/\/infotep.com.ar\/?p=23904"},"modified":"2025-05-19T00:16:11","modified_gmt":"2025-05-19T03:16:11","slug":"tras-la-derrota-macri-afirmo-que-no-se-va-a-retirar-y-que-quiere-volver-a-hablar-con-lla","status":"publish","type":"post","link":"https:\/\/infotep.com.ar\/index.php\/2025\/05\/19\/tras-la-derrota-macri-afirmo-que-no-se-va-a-retirar-y-que-quiere-volver-a-hablar-con-lla\/","title":{"rendered":"Tras la derrota, Macri afirm\u00f3 que \u201cno se va a retirar\u201d y que quiere \u201cvolver a hablar\u201d con LLA"},"content":{"rendered":"\n<p>Aclar\u00f3 que Cristian Ritondo \u201ctiene mandato como presidente del partido para negociar un frente en la provincia\u201d.<\/p>\n\n\n\n<p>Tras la derrota contundente del PRO en la Ciudad de Buenos Aires, el presidente del PRO, Mauricio Macri, afirm\u00f3 hoy que &#8220;no se va a retirar&#8221; y que su intenci\u00f3n es \u201cvolver a hablar respetuosamente\u201d con La Libertad Avanza en pos de un acuerdo electoral en la provincia de Buenos Aires.<\/p>\n\n\n\n<p>\u201cHoy tenemos que desandar un paso en t\u00e9rminos de poder volver a hablar respetuosamente\u201d, indic\u00f3 el ex presidente en TN.<\/p>\n\n\n\n<p>\u201cVolveremos a hablar internamente en el partido pero lo que yo siento es lo que yo dije. Los que estaban regalados ya se pasaron. Los que quedan tienen valores\u201d, diferenci\u00f3.<\/p>\n\n\n\n<p>Macri aclar\u00f3 que Cristian Ritondo \u201ctiene mandato como presidente del partido para negociar un frente en la provincia\u201d.<\/p>\n\n\n\n<p>Aclar\u00f3, sin embargo, que \u201cun frente no es integrar La Libertad Avanza\u201d como est\u00e1 planteado desde la Casa Rosada.<\/p>\n\n\n\n<p>\u201cComo hemos venido (diciendo) en las \u00faltimas semanas y meses, sin ning\u00fan tipo de respeto no se puede\u201d, se\u00f1al\u00f3.<\/p>\n\n\n\n<p><strong>Seg\u00fan dijo, \u201cgenerosidad como la que ha tenido el PRO nunca ha habido y a cambio de nada\u201d.<\/strong><\/p>\n\n\n\n<p>Consultado sobre las posibilidades de llegar a un acuerdo con Milei, Macri contest\u00f3 que a\u00fan no lo sabe y que todav\u00eda est\u00e1 digiriendo el duro resultado de este domingo.<\/p>\n\n\n\n<p><strong>\u201cHan habido esta ma\u00f1ana delitos electorales que en la Ciudad nunca hab\u00edan sucedido. No me puedo olvidar por el exitismo. Hay cosas que analizar con tranquilidad\u201d, explic\u00f3.<\/strong><\/p>\n\n\n\n<p>Tras se\u00f1alar que no tiene \u201cvocaci\u00f3n\u201d de ser candidato en octubre, reconoci\u00f3 hoy que \u201cfue un error acelerar las elecciones\u201d y que -entre otras cosas- eso permiti\u00f3 que se colaran la discusi\u00f3n \u201cnacional en medio de la campa\u00f1a\u201d.<\/p>\n\n\n\n<p>\u201cNo dimensionamos que el presidente (iba a estar) llamando y pidiendo que lo apoyen para terminar de salir de la crisis\u201d, admiti\u00f3.<\/p>\n\n\n\n<p>\u201cLes sali\u00f3 bien. Ellos plantearon otro eje que es el que prim\u00f3. En otras provincias \u00e9l no se meti\u00f3 personalmente. \u00c9l puso todo\u201d, dijo sobre Milei.<\/p>\n\n\n\n<p>En tanto, reconoci\u00f3 la performance electoral del candidato libertario Manuel Adorni, a quien le adjudic\u00f3 \u201ccoraje\u201d para instalar la agenda nacional utilizando \u201ctodos los mecanismos\u201d, como los anuncios gubernamentales.<\/p>\n\n\n\n<p>\u201cSi Adorni perd\u00eda con Santoro era un espanto\u201d, acot\u00f3 el ex jefe de Estado y actual titular del PRO nacional.<\/p>\n\n\n\n<p>Para Macri, &#8220;la baj\u00edsima participaci\u00f3n electoral es alarmante\u201d, y lo atribuy\u00f3 a \u201cla apat\u00eda\u201d ciudadana.<\/p>\n\n\n\n<p>\u201cNo logramos que vaya a votar m\u00e1s de uno de cada dos porte\u00f1os. Lo peor es la apat\u00eda\u201d, se sincer\u00f3.<\/p>\n","protected":false},"excerpt":{"rendered":"<p>Aclar&oacute; que Cristian Ritondo &ldquo;tiene mandato como presidente del partido para negociar un frente en la provincia&rdquo;. Tras la derrota contundente del PRO en la Ciudad de Buenos Aires, el presidente del PRO, Mauricio Macri, afirm&oacute; hoy que &ldquo;no se va a retirar&rdquo; y que su intenci&oacute;n es &ldquo;volver a hablar respetuosamente&rdquo; con La Libertad &hellip; <\/p>\n","protected":false},"author":5,"featured_media":8590,"comment_status":"closed","ping_status":"closed","sticky":false,"template":"","format":"standard","meta":{"om_disable_all_campaigns":false,"_joinchat":[]},"categories":[4],"tags":[46,43,569],"featured_image_urls":{"full":["https:\/\/infotep.com.ar\/wp-content\/uploads\/2023\/10\/macri.jpg",1200,675,false],"thumbnail":["https:\/\/infotep.com.ar\/wp-content\/uploads\/2023\/10\/macri-150x150.jpg",150,150,true],"medium":["https:\/\/infotep.com.ar\/wp-content\/uploads\/2023\/10\/macri-300x169.jpg",300,169,true],"medium_large":["https:\/\/infotep.com.ar\/wp-content\/uploads\/2023\/10\/macri-768x432.jpg",768,432,true],"large":["https:\/\/infotep.com.ar\/wp-content\/uploads\/2023\/10\/macri-1024x576.jpg",1020,574,true],"1536x1536":["https:\/\/infotep.com.ar\/wp-content\/uploads\/2023\/10\/macri.jpg",1200,675,false],"2048x2048":["https:\/\/infotep.com.ar\/wp-content\/uploads\/2023\/10\/macri.jpg",1200,675,false],"blossom-feminine-slider":["https:\/\/infotep.com.ar\/wp-content\/uploads\/2023\/10\/macri-1200x649.jpg",1200,649,true],"blossom-feminine-featured":["https:\/\/infotep.com.ar\/wp-content\/uploads\/2023\/10\/macri-1200x600.jpg",1200,600,true],"blossom-feminine-with-sidebar":["https:\/\/infotep.com.ar\/wp-content\/uploads\/2023\/10\/macri-1020x600.jpg",1020,600,true],"blossom-feminine-blog":["https:\/\/infotep.com.ar\/wp-content\/uploads\/2023\/10\/macri-435x435.jpg",435,435,true],"blossom-feminine-cat":["https:\/\/infotep.com.ar\/wp-content\/uploads\/2023\/10\/macri-450x300.jpg",450,300,true],"blossom-feminine-related":["https:\/\/infotep.com.ar\/wp-content\/uploads\/2023\/10\/macri-320x200.jpg",320,200,true],"blossom-feminine-schema":["https:\/\/infotep.com.ar\/wp-content\/uploads\/2023\/10\/macri-107x60.jpg",107,60,true],"blossom-mommy-blog-slider-big":["https:\/\/infotep.com.ar\/wp-content\/uploads\/2023\/10\/macri-920x650.jpg",920,650,true],"blossom-mommy-blog-slider":["https:\/\/infotep.com.ar\/wp-content\/uploads\/2023\/10\/macri-460x310.jpg",460,310,true],"blossom-mommy-blog-two":["https:\/\/infotep.com.ar\/wp-content\/uploads\/2023\/10\/macri-768x480.jpg",768,480,true]},"author_info":{"info":["Angela Tobar"]},"category_info":"<a href=\"https:\/\/infotep.com.ar\/index.php\/category\/provinciales\/\" rel=\"category tag\">Provinciales<\/a>","tag_info":"Provinciales","comment_count":"0","_links":{"self":[{"href":"https:\/\/infotep.com.ar\/index.php\/wp-json\/wp\/v2\/posts\/23904"}],"collection":[{"href":"https:\/\/infotep.com.ar\/index.php\/wp-json\/wp\/v2\/posts"}],"about":[{"href":"https:\/\/infotep.com.ar\/index.php\/wp-json\/wp\/v2\/types\/post"}],"author":[{"embeddable":true,"href":"https:\/\/infotep.com.ar\/index.php\/wp-json\/wp\/v2\/users\/5"}],"replies":[{"embeddable":true,"href":"https:\/\/infotep.com.ar\/index.php\/wp-json\/wp\/v2\/comments?post=23904"}],"version-history":[{"count":1,"href":"https:\/\/infotep.com.ar\/index.php\/wp-json\/wp\/v2\/posts\/23904\/revisions"}],"predecessor-version":[{"id":23905,"href":"https:\/\/infotep.com.ar\/index.php\/wp-json\/wp\/v2\/posts\/23904\/revisions\/23905"}],"wp:featuredmedia":[{"embeddable":true,"href":"https:\/\/infotep.com.ar\/index.php\/wp-json\/wp\/v2\/media\/8590"}],"wp:attachment":[{"href":"https:\/\/infotep.com.ar\/index.php\/wp-json\/wp\/v2\/media?parent=23904"}],"wp:term":[{"taxonomy":"category","embeddable":true,"href":"https:\/\/infotep.com.ar\/index.php\/wp-json\/wp\/v2\/categories?post=23904"},{"taxonomy":"post_tag","embeddable":true,"href":"https:\/\/infotep.com.ar\/index.php\/wp-json\/wp\/v2\/tags?post=23904"}],"curies":[{"name":"wp","href":"https:\/\/api.w.org\/{rel}","templated":true}]}}