{"id":23980,"date":"2025-05-21T11:53:43","date_gmt":"2025-05-21T14:53:43","guid":{"rendered":"https:\/\/infotep.com.ar\/?p=23980"},"modified":"2025-05-21T11:53:44","modified_gmt":"2025-05-21T14:53:44","slug":"cristian-ritondo-se-esperanza-en-cerrar-una-alianza-con-la-libertad-avanza-juntos-vamos-a-ganar","status":"publish","type":"post","link":"https:\/\/infotep.com.ar\/index.php\/2025\/05\/21\/cristian-ritondo-se-esperanza-en-cerrar-una-alianza-con-la-libertad-avanza-juntos-vamos-a-ganar\/","title":{"rendered":"Cristian Ritondo se esperanza en cerrar una alianza con La Libertad Avanza: &#8220;Juntos vamos a ganar&#8221;"},"content":{"rendered":"\n<p>El diputado se refiri\u00f3 a la uni\u00f3n entre el PRO y La Libertad Avanza para las elecciones bonaerenses y plante\u00f3 que trabaja en una lista conjunta.<br><br>El diputado y presidente del bloque del PRO, Cristian Ritondo, se mostr\u00f3 esperanzando con la idea de cerrar una alianza con La Libertad Avanza en la provincia de Buenos Aires al asegurar que est\u00e1 &#8220;convencido&#8221; de que, si las fuerzas se presentan en unidad, van a imponerse por sobre el kirchnerismo.<\/p>\n\n\n\n<p>\u201cVamos a trabajar para tener un gran triunfo y para tener la mayor cantidad de diputados nacionales y en lo provincial tener una excelente elecci\u00f3n. Estoy convencido de que juntos vamos a ganar. Hay que aprender de los errores y no volverlos a cometer\u201d, sostuvo el legislador en una entrevista a Radio Rivadavia.<\/p>\n\n\n\n<p>A d\u00edas de la derrota de la fuerza que integra en los comicios porte\u00f1os por la composici\u00f3n de la Legislatura porte\u00f1a, Ritondo plante\u00f3: \u201cTengo claro que debemos construir sobre lo que nos une, avanzar, conformar un frente. Empezamos un cambio profundo en la provincia de Buenos Aires para terminar con el desapego que hay con la gente&#8221;.<\/p>\n\n\n\n<p>Para el diputado, entre el PRO y La Libertad Avanza hay m\u00e1s similitudes que diferencias, por lo que insisti\u00f3 en la idea de competir en las elecciones nacionales en la provincia en unidad. \u201cLo venimos haciendo desde el primer d\u00eda en el Congreso de la Naci\u00f3n, la visi\u00f3n que tenemos del mundo, la visi\u00f3n que tenemos de la econom\u00eda, por d\u00f3nde ir, qu\u00e9 rol debe tener el Estado\u201d, destac\u00f3.<\/p>\n\n\n\n<p>Tras la rivalidad que tuvo lugar durante la campa\u00f1a porte\u00f1a, asever\u00f3: \u201cFue una pelea innecesaria entre espacios que queremos lo mismo, y esa divisi\u00f3n termin\u00f3 fortaleciendo al kirchnerismo\u201d.<\/p>\n\n\n\n<p>\u201cMe parece que uno tiene que aprender de los errores, perdimos la oportunidad de sacar casi 50 puntos en la ciudad de Buenos Aires entre el PRO y la Libertad de Avanza. Cre\u00eda y creo que tendr\u00edamos que haber ido juntos, no solamente en la ciudad de Buenos Aires sino en todo el pa\u00eds\u201d, insisti\u00f3 Ritondo.<\/p>\n\n\n\n<p>En otro pasaje de la entrevista para el programa Esta Ma\u00f1ana, el legislador revel\u00f3 que el PRO se suma a una idea de cambio con proyecci\u00f3n a las presidenciales de 2027 al tiempo que garantiz\u00f3 el apoyo de Mauricio Macri, titula del espacio, al gobierno que encabeza Javier Milei, pese a los dardos cruzados.<\/p>\n\n\n\n<p>\u201cMacri desde el primer d\u00eda apoya al gobierno de Milei como ning\u00fan ex presidente en la historia apoya a otro gobierno\u201d, sostuvo, y complet\u00f3: \u201cLo demostramos en el Congreso, con el compromiso y la responsabilidad para defender los cambios que buscaron los argentinos. Mauricio lo dice todo el tiempo, por encima de los proyectos personales est\u00e1 el proyecto del pa\u00eds y lograr cambiar la Argentina para siempre\u201d.<\/p>\n\n\n\n<p>Si bien admiti\u00f3 que durante la campa\u00f1a porte\u00f1a hubo tensiones y \u201cse cruzaron algunos l\u00edmites&#8221;, remarc\u00f3 que el partido amarillo apuesta a construir acuerdos \u201csobre los puntos en com\u00fan\u201d. \u201cEso nos piden los argentinos y los bonaerenses, tengo el mandato del PRO para construir acuerdos y esa es la decisi\u00f3n pol\u00edtica que tomamos, unirnos con la fuerza para ganar la provincia de Buenos Aires\u201d, puntualiz\u00f3.<\/p>\n\n\n\n<p>Por \u00faltimo, Ritondo se mostr\u00f3 expectante de \u201cconstruir algo grande\u201d para arrebatarle el basti\u00f3n al peronismo, y anticip\u00f3 nuevas reuniones para los pr\u00f3ximos d\u00edas con las terminales del Poder Ejecutivo. \u201cEso es el trabajo que por lo menos tengo la responsabilidad de hacer, encomendado no solamente por Mauricio Macri y el Partido Nacional sino por los intendentes y por los dirigentes de la provincia de Buenos Aires\u201d, concluy\u00f3.<\/p>\n","protected":false},"excerpt":{"rendered":"<p>El diputado se refiri&oacute; a la uni&oacute;n entre el PRO y La Libertad Avanza para las elecciones bonaerenses y plante&oacute; que trabaja en una lista conjunta. El diputado y presidente del bloque del PRO, Cristian Ritondo, se mostr&oacute; esperanzando con la idea de cerrar una alianza con La Libertad Avanza en la provincia de Buenos &hellip; <\/p>\n","protected":false},"author":5,"featured_media":13804,"comment_status":"closed","ping_status":"closed","sticky":false,"template":"","format":"standard","meta":{"om_disable_all_campaigns":false,"_joinchat":[]},"categories":[4],"tags":[46,569],"featured_image_urls":{"full":["https:\/\/infotep.com.ar\/wp-content\/uploads\/2024\/06\/ritondo.jpg",1024,669,false],"thumbnail":["https:\/\/infotep.com.ar\/wp-content\/uploads\/2024\/06\/ritondo-150x150.jpg",150,150,true],"medium":["https:\/\/infotep.com.ar\/wp-content\/uploads\/2024\/06\/ritondo-300x196.jpg",300,196,true],"medium_large":["https:\/\/infotep.com.ar\/wp-content\/uploads\/2024\/06\/ritondo-768x502.jpg",768,502,true],"large":["https:\/\/infotep.com.ar\/wp-content\/uploads\/2024\/06\/ritondo.jpg",1020,666,false],"1536x1536":["https:\/\/infotep.com.ar\/wp-content\/uploads\/2024\/06\/ritondo.jpg",1024,669,false],"2048x2048":["https:\/\/infotep.com.ar\/wp-content\/uploads\/2024\/06\/ritondo.jpg",1024,669,false],"blossom-feminine-slider":["https:\/\/infotep.com.ar\/wp-content\/uploads\/2024\/06\/ritondo-1024x649.jpg",1024,649,true],"blossom-feminine-featured":["https:\/\/infotep.com.ar\/wp-content\/uploads\/2024\/06\/ritondo-1024x600.jpg",1024,600,true],"blossom-feminine-with-sidebar":["https:\/\/infotep.com.ar\/wp-content\/uploads\/2024\/06\/ritondo-1020x600.jpg",1020,600,true],"blossom-feminine-blog":["https:\/\/infotep.com.ar\/wp-content\/uploads\/2024\/06\/ritondo-435x435.jpg",435,435,true],"blossom-feminine-cat":["https:\/\/infotep.com.ar\/wp-content\/uploads\/2024\/06\/ritondo-450x300.jpg",450,300,true],"blossom-feminine-related":["https:\/\/infotep.com.ar\/wp-content\/uploads\/2024\/06\/ritondo-320x200.jpg",320,200,true],"blossom-feminine-schema":["https:\/\/infotep.com.ar\/wp-content\/uploads\/2024\/06\/ritondo-92x60.jpg",92,60,true],"blossom-mommy-blog-slider-big":["https:\/\/infotep.com.ar\/wp-content\/uploads\/2024\/06\/ritondo-920x650.jpg",920,650,true],"blossom-mommy-blog-slider":["https:\/\/infotep.com.ar\/wp-content\/uploads\/2024\/06\/ritondo-460x310.jpg",460,310,true],"blossom-mommy-blog-two":["https:\/\/infotep.com.ar\/wp-content\/uploads\/2024\/06\/ritondo-768x480.jpg",768,480,true]},"author_info":{"info":["Angela Tobar"]},"category_info":"<a href=\"https:\/\/infotep.com.ar\/index.php\/category\/provinciales\/\" rel=\"category tag\">Provinciales<\/a>","tag_info":"Provinciales","comment_count":"0","_links":{"self":[{"href":"https:\/\/infotep.com.ar\/index.php\/wp-json\/wp\/v2\/posts\/23980"}],"collection":[{"href":"https:\/\/infotep.com.ar\/index.php\/wp-json\/wp\/v2\/posts"}],"about":[{"href":"https:\/\/infotep.com.ar\/index.php\/wp-json\/wp\/v2\/types\/post"}],"author":[{"embeddable":true,"href":"https:\/\/infotep.com.ar\/index.php\/wp-json\/wp\/v2\/users\/5"}],"replies":[{"embeddable":true,"href":"https:\/\/infotep.com.ar\/index.php\/wp-json\/wp\/v2\/comments?post=23980"}],"version-history":[{"count":1,"href":"https:\/\/infotep.com.ar\/index.php\/wp-json\/wp\/v2\/posts\/23980\/revisions"}],"predecessor-version":[{"id":23981,"href":"https:\/\/infotep.com.ar\/index.php\/wp-json\/wp\/v2\/posts\/23980\/revisions\/23981"}],"wp:featuredmedia":[{"embeddable":true,"href":"https:\/\/infotep.com.ar\/index.php\/wp-json\/wp\/v2\/media\/13804"}],"wp:attachment":[{"href":"https:\/\/infotep.com.ar\/index.php\/wp-json\/wp\/v2\/media?parent=23980"}],"wp:term":[{"taxonomy":"category","embeddable":true,"href":"https:\/\/infotep.com.ar\/index.php\/wp-json\/wp\/v2\/categories?post=23980"},{"taxonomy":"post_tag","embeddable":true,"href":"https:\/\/infotep.com.ar\/index.php\/wp-json\/wp\/v2\/tags?post=23980"}],"curies":[{"name":"wp","href":"https:\/\/api.w.org\/{rel}","templated":true}]}}