{"id":24012,"date":"2025-05-22T01:57:00","date_gmt":"2025-05-22T04:57:00","guid":{"rendered":"https:\/\/infotep.com.ar\/?p=24012"},"modified":"2025-05-22T11:58:34","modified_gmt":"2025-05-22T14:58:34","slug":"estela-de-carlotto-sobre-el-gobierno-nacional-esta-gente-no-tiene-corazon-no-tiene-alma","status":"publish","type":"post","link":"https:\/\/infotep.com.ar\/index.php\/2025\/05\/22\/estela-de-carlotto-sobre-el-gobierno-nacional-esta-gente-no-tiene-corazon-no-tiene-alma\/","title":{"rendered":"Estela de Carlotto sobre el Gobierno Nacional: \u201cEsta gente no tiene coraz\u00f3n, no tiene alma\u201d"},"content":{"rendered":"\n<p>La presidenta de Abuelas de Plaza de Mayo se refiri\u00f3 a la baja de jerarqu\u00eda de la Secretar\u00eda de Derechos Humanos: \u201cEst\u00e1n quebrando todo lo que se ha hecho\u201d.<br><br>La presidenta de Abuela de Plaza de Mayo, Estela de Carlotto, apunt\u00f3 contra el Gobierno Nacional luego de que se anunciara la degradaci\u00f3n de la Secretar\u00eda de Derechos Humanos a subsecretar\u00eda: \u201cEsta gente no tiene coraz\u00f3n, no tiene alma\u201d, manifest\u00f3.<\/p>\n\n\n\n<p>En declaraciones a Radio Splendid AM 990 se\u00f1al\u00f3 que la gesti\u00f3n del presidente Javier Milei \u201cest\u00e1n quebrando todo lo que se ha hecho\u201d y que intentan \u201ccerrar todas las puertas de lo que le hace bien a la sociedad\u201d.<\/p>\n\n\n\n<p><strong>\u201cSe le ha presentado todo un material explicativo a este Gobierno de lo que hacemos y lo archivaron. Esta gente no tiene coraz\u00f3n, no tiene alma. No es solamente el presidente, es tambi\u00e9n su entorno\u201d, indic\u00f3.<\/strong><\/p>\n\n\n\n<p class=\"has-light-green-cyan-background-color has-background\">En el d\u00eda de ayer, el vocero presidencial y legislador porte\u00f1o electo, Manuel Adorni, fue quien anunci\u00f3 durante su habitual conferencia de prensa, que el Ministerio de Justicia de la Naci\u00f3n \u201cdefini\u00f3\u201d que la cartera de Derechos Humanos pase a la categor\u00eda de subsecretar\u00eda, \u201crecortando el 40% de la estructura y el 30% del personal\u201d, lo que implica \u201cun ahorro de 9.000 millones de pesos anuales\u201d una cifra insignificante trat\u00e1ndose de una instituci\u00f3n estatal.<\/p>\n\n\n\n<p>Al mismo tiempo, el funcionario anticip\u00f3 que, en el marco de las reformas, se unific\u00f3 el Archivo Nacional de la Memoria y el Museo Sitio de Memoria de la ESMA, unidades que pasar\u00e1n a ser coordinadas por el Centro Internacional para la Promoci\u00f3n de los Derechos Humanos (CIPDH).<\/p>\n\n\n\n<p>Paralelamente, el Museo de la ex ESMA hoy cumple 10 a\u00f1os y lo celebrar\u00e1 con un acto a las 17hs con el objetivo de \u201ccuidar la Memoria, transmitir la Verdad y acompa\u00f1ar la Justicia\u201d.<\/p>\n\n\n\n<p>\u201cEstamos con un Gobierno muy peligroso y muy da\u00f1ino. Est\u00e1n haciendo llorar a todo el pa\u00eds\u201d, concluy\u00f3 Carlotto.<\/p>\n","protected":false},"excerpt":{"rendered":"<p>La presidenta de Abuelas de Plaza de Mayo se refiri&oacute; a la baja de jerarqu&iacute;a de la Secretar&iacute;a de Derechos Humanos: &ldquo;Est&aacute;n quebrando todo lo que se ha hecho&rdquo;. La presidenta de Abuela de Plaza de Mayo, Estela de Carlotto, apunt&oacute; contra el Gobierno Nacional luego de que se anunciara la degradaci&oacute;n de la Secretar&iacute;a &hellip; <\/p>\n","protected":false},"author":5,"featured_media":24013,"comment_status":"closed","ping_status":"closed","sticky":false,"template":"","format":"standard","meta":{"om_disable_all_campaigns":false,"_joinchat":[]},"categories":[3],"tags":[46,43,569],"featured_image_urls":{"full":["https:\/\/infotep.com.ar\/wp-content\/uploads\/2025\/05\/estela.webp",592,720,false],"thumbnail":["https:\/\/infotep.com.ar\/wp-content\/uploads\/2025\/05\/estela-150x150.webp",150,150,true],"medium":["https:\/\/infotep.com.ar\/wp-content\/uploads\/2025\/05\/estela-247x300.webp",247,300,true],"medium_large":["https:\/\/infotep.com.ar\/wp-content\/uploads\/2025\/05\/estela.webp",592,720,false],"large":["https:\/\/infotep.com.ar\/wp-content\/uploads\/2025\/05\/estela.webp",592,720,false],"1536x1536":["https:\/\/infotep.com.ar\/wp-content\/uploads\/2025\/05\/estela.webp",592,720,false],"2048x2048":["https:\/\/infotep.com.ar\/wp-content\/uploads\/2025\/05\/estela.webp",592,720,false],"blossom-feminine-slider":["https:\/\/infotep.com.ar\/wp-content\/uploads\/2025\/05\/estela-592x649.webp",592,649,true],"blossom-feminine-featured":["https:\/\/infotep.com.ar\/wp-content\/uploads\/2025\/05\/estela-592x600.webp",592,600,true],"blossom-feminine-with-sidebar":["https:\/\/infotep.com.ar\/wp-content\/uploads\/2025\/05\/estela-592x600.webp",592,600,true],"blossom-feminine-blog":["https:\/\/infotep.com.ar\/wp-content\/uploads\/2025\/05\/estela-435x435.webp",435,435,true],"blossom-feminine-cat":["https:\/\/infotep.com.ar\/wp-content\/uploads\/2025\/05\/estela-450x300.webp",450,300,true],"blossom-feminine-related":["https:\/\/infotep.com.ar\/wp-content\/uploads\/2025\/05\/estela-320x200.webp",320,200,true],"blossom-feminine-schema":["https:\/\/infotep.com.ar\/wp-content\/uploads\/2025\/05\/estela-49x60.webp",49,60,true],"blossom-mommy-blog-slider-big":["https:\/\/infotep.com.ar\/wp-content\/uploads\/2025\/05\/estela-592x650.webp",592,650,true],"blossom-mommy-blog-slider":["https:\/\/infotep.com.ar\/wp-content\/uploads\/2025\/05\/estela-460x310.webp",460,310,true],"blossom-mommy-blog-two":["https:\/\/infotep.com.ar\/wp-content\/uploads\/2025\/05\/estela-592x480.webp",592,480,true]},"author_info":{"info":["Angela Tobar"]},"category_info":"<a href=\"https:\/\/infotep.com.ar\/index.php\/category\/nacionales\/\" rel=\"category tag\">Nacionales<\/a>","tag_info":"Nacionales","comment_count":"0","_links":{"self":[{"href":"https:\/\/infotep.com.ar\/index.php\/wp-json\/wp\/v2\/posts\/24012"}],"collection":[{"href":"https:\/\/infotep.com.ar\/index.php\/wp-json\/wp\/v2\/posts"}],"about":[{"href":"https:\/\/infotep.com.ar\/index.php\/wp-json\/wp\/v2\/types\/post"}],"author":[{"embeddable":true,"href":"https:\/\/infotep.com.ar\/index.php\/wp-json\/wp\/v2\/users\/5"}],"replies":[{"embeddable":true,"href":"https:\/\/infotep.com.ar\/index.php\/wp-json\/wp\/v2\/comments?post=24012"}],"version-history":[{"count":1,"href":"https:\/\/infotep.com.ar\/index.php\/wp-json\/wp\/v2\/posts\/24012\/revisions"}],"predecessor-version":[{"id":24014,"href":"https:\/\/infotep.com.ar\/index.php\/wp-json\/wp\/v2\/posts\/24012\/revisions\/24014"}],"wp:featuredmedia":[{"embeddable":true,"href":"https:\/\/infotep.com.ar\/index.php\/wp-json\/wp\/v2\/media\/24013"}],"wp:attachment":[{"href":"https:\/\/infotep.com.ar\/index.php\/wp-json\/wp\/v2\/media?parent=24012"}],"wp:term":[{"taxonomy":"category","embeddable":true,"href":"https:\/\/infotep.com.ar\/index.php\/wp-json\/wp\/v2\/categories?post=24012"},{"taxonomy":"post_tag","embeddable":true,"href":"https:\/\/infotep.com.ar\/index.php\/wp-json\/wp\/v2\/tags?post=24012"}],"curies":[{"name":"wp","href":"https:\/\/api.w.org\/{rel}","templated":true}]}}