{"id":24055,"date":"2025-05-23T12:37:50","date_gmt":"2025-05-23T15:37:50","guid":{"rendered":"https:\/\/infotep.com.ar\/?p=24055"},"modified":"2025-05-23T12:59:42","modified_gmt":"2025-05-23T15:59:42","slug":"la-unlp-advierte-sobre-el-derrumbe-de-la-memoria-en-el-sitio-de-la-esma","status":"publish","type":"post","link":"https:\/\/infotep.com.ar\/index.php\/2025\/05\/23\/la-unlp-advierte-sobre-el-derrumbe-de-la-memoria-en-el-sitio-de-la-esma\/","title":{"rendered":"La UNLP advierte sobre el \u201cderrumbe de la memoria\u201d en el sitio de la ESMA"},"content":{"rendered":"\n<p>El Observatorio &#8220;Memoria y Justicia&#8221; de la UNLP alert\u00f3 sobre el deterioro del Museo Sitio de Memoria ESMA y reclam\u00f3 medidas urgentes para su preservaci\u00f3n.<br><br>El Observatorio \u201cMemoria y Justicia\u201d de la Facultad de Ciencias Jur\u00eddicas y Sociales de la Universidad Nacional de La Plata expres\u00f3 hoy su \u201cprofunda preocupaci\u00f3n\u201d por lo que calific\u00f3 como un \u201cderrumbre de la memoria\u201d, a ra\u00edz del proceso de degradaci\u00f3n que afecta al Museo Sitio de Memoria ESMA, emplazado en el predio del ex centro clandestino de detenci\u00f3n, tortura y exterminio durante la \u00faltima dictadura c\u00edvico-militar.<\/p>\n\n\n\n<p>La entidad acad\u00e9mica alert\u00f3 sobre el deterioro de ese espacio protegido como Monumento Hist\u00f3rico Nacional, declarado bien cultural del Mercosur y reconocido como Patrimonio Mundial por la UNESCO, y reclam\u00f3 medidas urgentes para garantizar su preservaci\u00f3n.<\/p>\n\n\n\n<p>En un comunicado, el Observatorio sostuvo que resulta \u201cimperativo\u201d salvaguardar tanto el lugar como sus archivos hist\u00f3ricos, los cuales contienen los testimonios de las graves violaciones a los derechos humanos cometidas en la Argentina entre 1976 y 1983.<\/p>\n\n\n\n<p>\u201cEn tanto parte integrante de la comunidad acad\u00e9mica y en m\u00e9rito a la alt\u00edsima responsabilidad que le cabe en su labor, el Observatorio considera que la preservaci\u00f3n del Sitio de Memoria ESMA debe atender exigencias internacionales y compromisos del Estado argentino\u201d, remarc\u00f3 el organismo.<\/p>\n\n\n\n<p>El pronunciamiento se da en un contexto de creciente alerta por parte de organismos de derechos humanos, investigadores y familiares de v\u00edctimas del terrorismo de Estado ante una presunta falta de pol\u00edticas de conservaci\u00f3n activa y de continuidad institucional en el espacio ubicado en el barrio porte\u00f1o de N\u00fa\u00f1ez.<\/p>\n","protected":false},"excerpt":{"rendered":"<p>El Observatorio &ldquo;Memoria y Justicia&rdquo; de la UNLP alert&oacute; sobre el deterioro del Museo Sitio de Memoria ESMA y reclam&oacute; medidas urgentes para su preservaci&oacute;n. El Observatorio &ldquo;Memoria y Justicia&rdquo; de la Facultad de Ciencias Jur&iacute;dicas y Sociales de la Universidad Nacional de La Plata expres&oacute; hoy su &ldquo;profunda preocupaci&oacute;n&rdquo; por lo que calific&oacute; como &hellip; <\/p>\n","protected":false},"author":5,"featured_media":24056,"comment_status":"closed","ping_status":"closed","sticky":false,"template":"","format":"standard","meta":{"om_disable_all_campaigns":false,"_joinchat":[]},"categories":[6],"tags":[46,43,569],"featured_image_urls":{"full":["https:\/\/infotep.com.ar\/wp-content\/uploads\/2025\/05\/360-2.webp",640,314,false],"thumbnail":["https:\/\/infotep.com.ar\/wp-content\/uploads\/2025\/05\/360-2-150x150.webp",150,150,true],"medium":["https:\/\/infotep.com.ar\/wp-content\/uploads\/2025\/05\/360-2-300x147.webp",300,147,true],"medium_large":["https:\/\/infotep.com.ar\/wp-content\/uploads\/2025\/05\/360-2.webp",640,314,false],"large":["https:\/\/infotep.com.ar\/wp-content\/uploads\/2025\/05\/360-2.webp",640,314,false],"1536x1536":["https:\/\/infotep.com.ar\/wp-content\/uploads\/2025\/05\/360-2.webp",640,314,false],"2048x2048":["https:\/\/infotep.com.ar\/wp-content\/uploads\/2025\/05\/360-2.webp",640,314,false],"blossom-feminine-slider":["https:\/\/infotep.com.ar\/wp-content\/uploads\/2025\/05\/360-2.webp",640,314,false],"blossom-feminine-featured":["https:\/\/infotep.com.ar\/wp-content\/uploads\/2025\/05\/360-2.webp",640,314,false],"blossom-feminine-with-sidebar":["https:\/\/infotep.com.ar\/wp-content\/uploads\/2025\/05\/360-2.webp",640,314,false],"blossom-feminine-blog":["https:\/\/infotep.com.ar\/wp-content\/uploads\/2025\/05\/360-2-435x314.webp",435,314,true],"blossom-feminine-cat":["https:\/\/infotep.com.ar\/wp-content\/uploads\/2025\/05\/360-2-450x300.webp",450,300,true],"blossom-feminine-related":["https:\/\/infotep.com.ar\/wp-content\/uploads\/2025\/05\/360-2-320x200.webp",320,200,true],"blossom-feminine-schema":["https:\/\/infotep.com.ar\/wp-content\/uploads\/2025\/05\/360-2-122x60.webp",122,60,true],"blossom-mommy-blog-slider-big":["https:\/\/infotep.com.ar\/wp-content\/uploads\/2025\/05\/360-2.webp",640,314,false],"blossom-mommy-blog-slider":["https:\/\/infotep.com.ar\/wp-content\/uploads\/2025\/05\/360-2-460x310.webp",460,310,true],"blossom-mommy-blog-two":["https:\/\/infotep.com.ar\/wp-content\/uploads\/2025\/05\/360-2.webp",640,314,false]},"author_info":{"info":["Angela Tobar"]},"category_info":"<a href=\"https:\/\/infotep.com.ar\/index.php\/category\/universitarias\/\" rel=\"category tag\">Universitarias<\/a>","tag_info":"Universitarias","comment_count":"0","_links":{"self":[{"href":"https:\/\/infotep.com.ar\/index.php\/wp-json\/wp\/v2\/posts\/24055"}],"collection":[{"href":"https:\/\/infotep.com.ar\/index.php\/wp-json\/wp\/v2\/posts"}],"about":[{"href":"https:\/\/infotep.com.ar\/index.php\/wp-json\/wp\/v2\/types\/post"}],"author":[{"embeddable":true,"href":"https:\/\/infotep.com.ar\/index.php\/wp-json\/wp\/v2\/users\/5"}],"replies":[{"embeddable":true,"href":"https:\/\/infotep.com.ar\/index.php\/wp-json\/wp\/v2\/comments?post=24055"}],"version-history":[{"count":1,"href":"https:\/\/infotep.com.ar\/index.php\/wp-json\/wp\/v2\/posts\/24055\/revisions"}],"predecessor-version":[{"id":24057,"href":"https:\/\/infotep.com.ar\/index.php\/wp-json\/wp\/v2\/posts\/24055\/revisions\/24057"}],"wp:featuredmedia":[{"embeddable":true,"href":"https:\/\/infotep.com.ar\/index.php\/wp-json\/wp\/v2\/media\/24056"}],"wp:attachment":[{"href":"https:\/\/infotep.com.ar\/index.php\/wp-json\/wp\/v2\/media?parent=24055"}],"wp:term":[{"taxonomy":"category","embeddable":true,"href":"https:\/\/infotep.com.ar\/index.php\/wp-json\/wp\/v2\/categories?post=24055"},{"taxonomy":"post_tag","embeddable":true,"href":"https:\/\/infotep.com.ar\/index.php\/wp-json\/wp\/v2\/tags?post=24055"}],"curies":[{"name":"wp","href":"https:\/\/api.w.org\/{rel}","templated":true}]}}