{"id":24058,"date":"2025-05-23T12:48:58","date_gmt":"2025-05-23T15:48:58","guid":{"rendered":"https:\/\/infotep.com.ar\/?p=24058"},"modified":"2025-05-23T12:48:59","modified_gmt":"2025-05-23T15:48:59","slug":"descalzo-y-kreplak-inauguraron-la-sala-de-tomografia-del-centro-de-diagnostico-municipal-de-ituzaingo","status":"publish","type":"post","link":"https:\/\/infotep.com.ar\/index.php\/2025\/05\/23\/descalzo-y-kreplak-inauguraron-la-sala-de-tomografia-del-centro-de-diagnostico-municipal-de-ituzaingo\/","title":{"rendered":"Descalzo y Kreplak inauguraron la sala de tomograf\u00eda del Centro de Diagn\u00f3stico Municipal de Ituzaing\u00f3"},"content":{"rendered":"\n<p>El intendente municipal, Pablo Descalzo, y el ministro de Salud de la provincia de Buenos Aires, Nicol\u00e1s Kreplak, inauguraron la sala de tomograf\u00eda del Centro de Diagn\u00f3stico Municipal de Ituzaing\u00f3 (CEDIM), el primer servicio de alta complejidad que se suma a las prestaciones con las que ya cuenta el centro. Asimismo el gobierno bonaerense entreg\u00f3 2 nuevas ambulancias de alta complejidad, con una inversi\u00f3n de 360 millones de pesos.<\/p>\n\n\n\n<figure class=\"wp-block-video\"><video controls src=\"blob:https:\/\/infotep.com.ar\/fbd978bf-52e7-4a0a-97c2-0d33bee27c5a\"><\/video><\/figure>\n\n\n\n<p class=\"has-light-green-cyan-background-color has-background\">En cuanto al tom\u00f3grafo, se trata de un equipo Canon Aquilion Lightning, adquirido con fondos del Gobierno Municipal, que gracias a su tecnolog\u00eda permite registrar im\u00e1genes de alta calidad, de cualquier parte del cuerpo humano, facilitando un diagn\u00f3stico r\u00e1pido y preciso. Su empleo posibilita la detecci\u00f3n de n\u00f3dulos y tumores, afecciones musculares y \u00f3seas, infecciones y co\u00e1gulos sangu\u00edneos, y adem\u00e1s realizar reconstrucciones 3D para planificar cirug\u00edas y pr\u00e1cticas como biopsias y bloqueos lumbares, entre otras. A su vez, las ambulancias, equipadas con tecnolog\u00eda de reanimaci\u00f3n, permitir\u00e1n fortalecer el sistema local de emergencia, garantizando mayor cobertura al momento de la asistencia.<\/p>\n\n\n\n<p>Durante su discurso, <strong>Pablo Descalzo<\/strong>, enfatiz\u00f3: \u201cEs un d\u00eda de mucha alegr\u00eda para el pueblo de Ituzaing\u00f3, hoy estamos poniendo en marcha el primer servicio de im\u00e1genes de alta complejidad en el Centro de Diagn\u00f3stico Municipal, con inversi\u00f3n local, sumando un tom\u00f3grafo que fortalece el acceso a la salud preventiva para toda la comunidad\u201d. Y agreg\u00f3: \u201c<strong>Garantizar el derecho a la salud<\/strong>, con centros como el CEDIM, con un equipo de profesionales capacitado, con ambulancias como las que recibimos hoy, con m\u00e1s equipamiento y tecnolog\u00eda, solo es posible con un Estado municipal que trabaja por el bienestar de cada ituzainguense, acompa\u00f1ado por un gobierno bonaerense, que pone a los vecinos como prioridad.\u201d<\/p>\n\n\n\n<p>Por su parte, el ministro de Salud bonaerense,<strong> Nicol\u00e1s Kreplak,<\/strong> sostuvo: \u201cLas ambulancias que entregamos son equipamientos muy costosos, pero tambi\u00e9n son la diferencia entre la vida y la muerte, como cuando hay un accidente en la v\u00eda p\u00fablica y no llega la ambulancia a tiempo; o alguien necesita ser trasladado a un hospital de mayor complejidad. Sin una red de derivaci\u00f3n, equipo sanitario, y los m\u00f3viles, no es posible. <strong>Nadie se salva solo<\/strong>. Por eso \u2013concluy\u00f3 Kreplak- tenemos que construir una sociedad que sea un poquito m\u00e1s igualitaria, y para eso est\u00e1 este gobierno provincial y municipal: para construir una Provincia, un Municipio, pero tambi\u00e9n un pa\u00eds que sea m\u00e1s justo\u201d.<\/p>\n\n\n\n<figure class=\"wp-block-image\"><img\/><\/figure>\n\n\n\n<p class=\"has-light-green-cyan-background-color has-background\">El equipo de atenci\u00f3n del servicio de tomograf\u00eda del CEDIM (Pringles 2848) estar\u00e1 conformado por 7 t\u00e9cnicos especializados, que ser\u00e1n los encargados de la toma de im\u00e1genes y un m\u00e9dico que realizar\u00e1 la lectura e informe final. Adem\u00e1s, gracias al apoyo financiero del Ministerio de Salud, por 40 millones de pesos para la adquisici\u00f3n de equipamiento e insumos tecnol\u00f3gicos (Sistema de almacenamiento y gesti\u00f3n de estudios -PACS-, entre otros insumos) se podr\u00e1n almacenar y gestionar resultados en minutos, permitiendo asimismo, acceder a las im\u00e1genes desde cualquier Centro de Atenci\u00f3n de la Salud del municipio.<\/p>\n\n\n\n<p>Durante el acto de inauguraci\u00f3n, estuvieron presentes autoridades del ejecutivo y legislativo municipal, personal de los equipos de salud y educaci\u00f3n, entidades de bien p\u00fablico e instituciones de la comunidad.<\/p>\n","protected":false},"excerpt":{"rendered":"<p>El intendente municipal, Pablo Descalzo, y el ministro de Salud de la provincia de Buenos Aires, Nicol&aacute;s Kreplak, inauguraron la sala de tomograf&iacute;a del Centro de Diagn&oacute;stico Municipal de Ituzaing&oacute; (CEDIM), el primer servicio de alta complejidad que se suma a las prestaciones con las que ya cuenta el centro. Asimismo el gobierno bonaerense entreg&oacute; &hellip; <\/p>\n","protected":false},"author":5,"featured_media":24059,"comment_status":"closed","ping_status":"closed","sticky":false,"template":"","format":"standard","meta":{"om_disable_all_campaigns":false,"_joinchat":[]},"categories":[31,8],"tags":[46,51,569],"featured_image_urls":{"full":["https:\/\/infotep.com.ar\/wp-content\/uploads\/2025\/05\/TOMOGRAFO-CEDIM-2.jpeg",1600,899,false],"thumbnail":["https:\/\/infotep.com.ar\/wp-content\/uploads\/2025\/05\/TOMOGRAFO-CEDIM-2-150x150.jpeg",150,150,true],"medium":["https:\/\/infotep.com.ar\/wp-content\/uploads\/2025\/05\/TOMOGRAFO-CEDIM-2-300x169.jpeg",300,169,true],"medium_large":["https:\/\/infotep.com.ar\/wp-content\/uploads\/2025\/05\/TOMOGRAFO-CEDIM-2-768x432.jpeg",768,432,true],"large":["https:\/\/infotep.com.ar\/wp-content\/uploads\/2025\/05\/TOMOGRAFO-CEDIM-2-1024x575.jpeg",1020,573,true],"1536x1536":["https:\/\/infotep.com.ar\/wp-content\/uploads\/2025\/05\/TOMOGRAFO-CEDIM-2-1536x863.jpeg",1536,863,true],"2048x2048":["https:\/\/infotep.com.ar\/wp-content\/uploads\/2025\/05\/TOMOGRAFO-CEDIM-2.jpeg",1600,899,false],"blossom-feminine-slider":["https:\/\/infotep.com.ar\/wp-content\/uploads\/2025\/05\/TOMOGRAFO-CEDIM-2-1600x649.jpeg",1600,649,true],"blossom-feminine-featured":["https:\/\/infotep.com.ar\/wp-content\/uploads\/2025\/05\/TOMOGRAFO-CEDIM-2-1410x600.jpeg",1410,600,true],"blossom-feminine-with-sidebar":["https:\/\/infotep.com.ar\/wp-content\/uploads\/2025\/05\/TOMOGRAFO-CEDIM-2-1020x600.jpeg",1020,600,true],"blossom-feminine-blog":["https:\/\/infotep.com.ar\/wp-content\/uploads\/2025\/05\/TOMOGRAFO-CEDIM-2-435x435.jpeg",435,435,true],"blossom-feminine-cat":["https:\/\/infotep.com.ar\/wp-content\/uploads\/2025\/05\/TOMOGRAFO-CEDIM-2-450x300.jpeg",450,300,true],"blossom-feminine-related":["https:\/\/infotep.com.ar\/wp-content\/uploads\/2025\/05\/TOMOGRAFO-CEDIM-2-320x200.jpeg",320,200,true],"blossom-feminine-schema":["https:\/\/infotep.com.ar\/wp-content\/uploads\/2025\/05\/TOMOGRAFO-CEDIM-2-107x60.jpeg",107,60,true],"blossom-mommy-blog-slider-big":["https:\/\/infotep.com.ar\/wp-content\/uploads\/2025\/05\/TOMOGRAFO-CEDIM-2-920x650.jpeg",920,650,true],"blossom-mommy-blog-slider":["https:\/\/infotep.com.ar\/wp-content\/uploads\/2025\/05\/TOMOGRAFO-CEDIM-2-460x310.jpeg",460,310,true],"blossom-mommy-blog-two":["https:\/\/infotep.com.ar\/wp-content\/uploads\/2025\/05\/TOMOGRAFO-CEDIM-2-768x480.jpeg",768,480,true]},"author_info":{"info":["Angela Tobar"]},"category_info":"<a href=\"https:\/\/infotep.com.ar\/index.php\/category\/destacadas\/\" rel=\"category tag\">Destacadas<\/a> <a href=\"https:\/\/infotep.com.ar\/index.php\/category\/municipales\/ituzaingo\/\" rel=\"category tag\">Ituzaing\u00f3<\/a>","tag_info":"Ituzaing\u00f3","comment_count":"0","_links":{"self":[{"href":"https:\/\/infotep.com.ar\/index.php\/wp-json\/wp\/v2\/posts\/24058"}],"collection":[{"href":"https:\/\/infotep.com.ar\/index.php\/wp-json\/wp\/v2\/posts"}],"about":[{"href":"https:\/\/infotep.com.ar\/index.php\/wp-json\/wp\/v2\/types\/post"}],"author":[{"embeddable":true,"href":"https:\/\/infotep.com.ar\/index.php\/wp-json\/wp\/v2\/users\/5"}],"replies":[{"embeddable":true,"href":"https:\/\/infotep.com.ar\/index.php\/wp-json\/wp\/v2\/comments?post=24058"}],"version-history":[{"count":1,"href":"https:\/\/infotep.com.ar\/index.php\/wp-json\/wp\/v2\/posts\/24058\/revisions"}],"predecessor-version":[{"id":24064,"href":"https:\/\/infotep.com.ar\/index.php\/wp-json\/wp\/v2\/posts\/24058\/revisions\/24064"}],"wp:featuredmedia":[{"embeddable":true,"href":"https:\/\/infotep.com.ar\/index.php\/wp-json\/wp\/v2\/media\/24059"}],"wp:attachment":[{"href":"https:\/\/infotep.com.ar\/index.php\/wp-json\/wp\/v2\/media?parent=24058"}],"wp:term":[{"taxonomy":"category","embeddable":true,"href":"https:\/\/infotep.com.ar\/index.php\/wp-json\/wp\/v2\/categories?post=24058"},{"taxonomy":"post_tag","embeddable":true,"href":"https:\/\/infotep.com.ar\/index.php\/wp-json\/wp\/v2\/tags?post=24058"}],"curies":[{"name":"wp","href":"https:\/\/api.w.org\/{rel}","templated":true}]}}