{"id":24147,"date":"2025-05-26T17:22:09","date_gmt":"2025-05-26T20:22:09","guid":{"rendered":"https:\/\/infotep.com.ar\/?p=24147"},"modified":"2025-05-26T17:22:10","modified_gmt":"2025-05-26T20:22:10","slug":"en-junio-llega-la-feria-del-libro-de-hurlingham","status":"publish","type":"post","link":"https:\/\/infotep.com.ar\/index.php\/2025\/05\/26\/en-junio-llega-la-feria-del-libro-de-hurlingham\/","title":{"rendered":"En junio llega la Feria del Libro de Hurlingham"},"content":{"rendered":"\n<p><em>Organizada por el municipio, ser\u00e1 del 4 al 8 de junio en la UNAHUR y contar\u00e1 con la presencia de Alejandro Dolina, Felipe Pigna, Dar\u00edo Sztajnszrajber, Mariana Enriquez y Liliana Herrero, entre otras figuras. Habr\u00e1 m\u00e1s de 70 editoriales, charlas, talleres y actividades para las infancias. La feria, de acceso libre y gratuito<\/em>.<\/p>\n\n\n\n<p>Del 4 al 8 de junio, el municipio de Hurlingham realizar\u00e1 su Feria del LIbro en el predio de la Universidad Nacinoal de Hurlingham (Teniente Origone 151). Pensado como un espacio de encuentro con toda la comunidad, habr\u00e1 charlas, talleres de literatura, arte, m\u00fasica y actividades para las infancias.<\/p>\n\n\n\n<p>&#8220;En Hurlingham queremos m\u00e1s libros y menos pantallas para nuestros chicos y chicas&#8221;, coment\u00f3 Selci en relferencia a las pol\u00edticas que lleva adelante su gesti\u00f3n para fomentar la lectura desde la primera infancia. La feria ser\u00e1 de acceso libre y gratuito y las escuelas del distrito tendr\u00e1n visitas programadas.<\/p>\n\n\n\n<p>Adem\u00e1s de personalidades de primer nivel, como Alejandro Dolina o Mariana Enriquez, tambi\u00e9n ser\u00e1n de la partida Soledad Barruti, Alejandro Bercovich, Reynaldo Sietecase, Mart\u00edn Kohan y Marcelo Larraquy , entre otros. La feria contar\u00e1 con m\u00e1s de 70 editoriales de todo el pa\u00eds, adem\u00e1s de conversatorios y talleres.<\/p>\n","protected":false},"excerpt":{"rendered":"<p>Organizada por el municipio, ser&aacute; del 4 al 8 de junio en la UNAHUR y contar&aacute; con la presencia de Alejandro Dolina, Felipe Pigna, Dar&iacute;o Sztajnszrajber, Mariana Enriquez y Liliana Herrero, entre otras figuras. Habr&aacute; m&aacute;s de 70 editoriales, charlas, talleres y actividades para las infancias. La feria, de acceso libre y gratuito. Del 4 &hellip; <\/p>\n","protected":false},"author":5,"featured_media":6108,"comment_status":"closed","ping_status":"closed","sticky":false,"template":"","format":"standard","meta":{"om_disable_all_campaigns":false,"_joinchat":[]},"categories":[31,1],"tags":[69,46,43,569],"featured_image_urls":{"full":["https:\/\/infotep.com.ar\/wp-content\/uploads\/2023\/07\/30-Feria-del-libro-infantil-y-juvenil_principal-2.jpg",1200,800,false],"thumbnail":["https:\/\/infotep.com.ar\/wp-content\/uploads\/2023\/07\/30-Feria-del-libro-infantil-y-juvenil_principal-2-150x150.jpg",150,150,true],"medium":["https:\/\/infotep.com.ar\/wp-content\/uploads\/2023\/07\/30-Feria-del-libro-infantil-y-juvenil_principal-2-300x200.jpg",300,200,true],"medium_large":["https:\/\/infotep.com.ar\/wp-content\/uploads\/2023\/07\/30-Feria-del-libro-infantil-y-juvenil_principal-2-768x512.jpg",768,512,true],"large":["https:\/\/infotep.com.ar\/wp-content\/uploads\/2023\/07\/30-Feria-del-libro-infantil-y-juvenil_principal-2-1024x683.jpg",1020,680,true],"1536x1536":["https:\/\/infotep.com.ar\/wp-content\/uploads\/2023\/07\/30-Feria-del-libro-infantil-y-juvenil_principal-2.jpg",1200,800,false],"2048x2048":["https:\/\/infotep.com.ar\/wp-content\/uploads\/2023\/07\/30-Feria-del-libro-infantil-y-juvenil_principal-2.jpg",1200,800,false],"blossom-feminine-slider":["https:\/\/infotep.com.ar\/wp-content\/uploads\/2023\/07\/30-Feria-del-libro-infantil-y-juvenil_principal-2-1200x649.jpg",1200,649,true],"blossom-feminine-featured":["https:\/\/infotep.com.ar\/wp-content\/uploads\/2023\/07\/30-Feria-del-libro-infantil-y-juvenil_principal-2-1200x600.jpg",1200,600,true],"blossom-feminine-with-sidebar":["https:\/\/infotep.com.ar\/wp-content\/uploads\/2023\/07\/30-Feria-del-libro-infantil-y-juvenil_principal-2-1020x600.jpg",1020,600,true],"blossom-feminine-blog":["https:\/\/infotep.com.ar\/wp-content\/uploads\/2023\/07\/30-Feria-del-libro-infantil-y-juvenil_principal-2-435x435.jpg",435,435,true],"blossom-feminine-cat":["https:\/\/infotep.com.ar\/wp-content\/uploads\/2023\/07\/30-Feria-del-libro-infantil-y-juvenil_principal-2-450x300.jpg",450,300,true],"blossom-feminine-related":["https:\/\/infotep.com.ar\/wp-content\/uploads\/2023\/07\/30-Feria-del-libro-infantil-y-juvenil_principal-2-320x200.jpg",320,200,true],"blossom-feminine-schema":["https:\/\/infotep.com.ar\/wp-content\/uploads\/2023\/07\/30-Feria-del-libro-infantil-y-juvenil_principal-2-90x60.jpg",90,60,true],"blossom-mommy-blog-slider-big":["https:\/\/infotep.com.ar\/wp-content\/uploads\/2023\/07\/30-Feria-del-libro-infantil-y-juvenil_principal-2-920x650.jpg",920,650,true],"blossom-mommy-blog-slider":["https:\/\/infotep.com.ar\/wp-content\/uploads\/2023\/07\/30-Feria-del-libro-infantil-y-juvenil_principal-2-460x310.jpg",460,310,true],"blossom-mommy-blog-two":["https:\/\/infotep.com.ar\/wp-content\/uploads\/2023\/07\/30-Feria-del-libro-infantil-y-juvenil_principal-2-768x480.jpg",768,480,true]},"author_info":{"info":["Angela Tobar"]},"category_info":"<a href=\"https:\/\/infotep.com.ar\/index.php\/category\/destacadas\/\" rel=\"category tag\">Destacadas<\/a> <a href=\"https:\/\/infotep.com.ar\/index.php\/category\/municipales\/hurlingham\/\" rel=\"category tag\">Hurlingham<\/a>","tag_info":"Hurlingham","comment_count":"0","_links":{"self":[{"href":"https:\/\/infotep.com.ar\/index.php\/wp-json\/wp\/v2\/posts\/24147"}],"collection":[{"href":"https:\/\/infotep.com.ar\/index.php\/wp-json\/wp\/v2\/posts"}],"about":[{"href":"https:\/\/infotep.com.ar\/index.php\/wp-json\/wp\/v2\/types\/post"}],"author":[{"embeddable":true,"href":"https:\/\/infotep.com.ar\/index.php\/wp-json\/wp\/v2\/users\/5"}],"replies":[{"embeddable":true,"href":"https:\/\/infotep.com.ar\/index.php\/wp-json\/wp\/v2\/comments?post=24147"}],"version-history":[{"count":1,"href":"https:\/\/infotep.com.ar\/index.php\/wp-json\/wp\/v2\/posts\/24147\/revisions"}],"predecessor-version":[{"id":24148,"href":"https:\/\/infotep.com.ar\/index.php\/wp-json\/wp\/v2\/posts\/24147\/revisions\/24148"}],"wp:featuredmedia":[{"embeddable":true,"href":"https:\/\/infotep.com.ar\/index.php\/wp-json\/wp\/v2\/media\/6108"}],"wp:attachment":[{"href":"https:\/\/infotep.com.ar\/index.php\/wp-json\/wp\/v2\/media?parent=24147"}],"wp:term":[{"taxonomy":"category","embeddable":true,"href":"https:\/\/infotep.com.ar\/index.php\/wp-json\/wp\/v2\/categories?post=24147"},{"taxonomy":"post_tag","embeddable":true,"href":"https:\/\/infotep.com.ar\/index.php\/wp-json\/wp\/v2\/tags?post=24147"}],"curies":[{"name":"wp","href":"https:\/\/api.w.org\/{rel}","templated":true}]}}