{"id":24162,"date":"2025-05-26T17:39:40","date_gmt":"2025-05-26T20:39:40","guid":{"rendered":"https:\/\/infotep.com.ar\/?p=24162"},"modified":"2025-05-26T17:39:41","modified_gmt":"2025-05-26T20:39:41","slug":"la-cgt-descarto-la-posibilidad-de-un-paro-general-contra-el-decreto-antihuelga-de-milei","status":"publish","type":"post","link":"https:\/\/infotep.com.ar\/index.php\/2025\/05\/26\/la-cgt-descarto-la-posibilidad-de-un-paro-general-contra-el-decreto-antihuelga-de-milei\/","title":{"rendered":"La CGT descart\u00f3 la posibilidad de un paro general  contra el decreto antihuelga de Milei"},"content":{"rendered":"\n<p>El secretario general de la Confederaci\u00f3n General del Trabajo (CGT), H\u00e9ctor Daer, descart\u00f3 la posibilidad de convocar a un paro general contra el decreto antihuelga del gobierno de Javier Milei.<\/p>\n\n\n\n<p>\u00abNo estamos evaluando un paro\u00bb, confirm\u00f3 el co titular de la CGT y l\u00edder de los trabajadores de la sanidad privada. La central realizar\u00e1 una presentaci\u00f3n judicial entre lunes y martes de la pr\u00f3xima semana.<\/p>\n\n\n\n<p>Daer dio declaraciones a la prensa tras reunirse con el Jefe de Gabinete, Guillermo Francos, en Casa Rosada, en un encuentro destinado a analizar un conflicto del sector sanidad en el Hospital Naval, seg\u00fan informaron.<\/p>\n\n\n\n<p>No obstante, la presencia del sindicalista en Casa de Gobierno horas despu\u00e9s de publicarse el pol\u00e9mico decreto 340\/2025 que limita fuertemente el derecho a huelga gener\u00f3 suspicacias en todo el arco gremial y pol\u00edtico.<\/p>\n\n\n\n<p>Respecto a las acciones de la CGT contra el nuevo decreto, Daer ratific\u00f3 que ir\u00e1n a la Justicia para intentar frenar los alcances de la normativa.<\/p>\n\n\n\n<p>La central sindical ya logr\u00f3 frenar por esa v\u00eda el cap\u00edtulo laboral del DNU 70\/2023 en el que tambi\u00e9n la gesti\u00f3n libertaria intent\u00f3 incorporar nuevas actividades al listado de servicios esenciales para abortar la posibilidad de huelgas en sectores sensibles de la econom\u00eda.<\/p>\n\n\n\n<p>\u00abEst\u00e1n reiterando lo del DNU 70\/2025 donde se pretend\u00eda cercenar el derecho a huelga para muchas actividades llevando pr\u00e1cticamente a una imposibilidad de tener una medida de acci\u00f3n directa. Esto fue rechazado por la Justicia con fallo firme, y hoy volvieron a intentarlo con otro DNU pero para nosotros sigue vigente la suspensi\u00f3n\u00ab, ahond\u00f3 Daer.<\/p>\n\n\n\n<p>En un comunicado, la conducci\u00f3n cegetista advirti\u00f3 ayer que \u00abel Poder Ejecutivo quiere eliminar el derecho a huelga por decreto y a espaldas del pa\u00eds\u00bb. El documento adelant\u00f3 que la central obrera \u00abno permanecer\u00e1 en silencio frente a esta grave avanzada de un Gobierno que pretende borrar, una vez m\u00e1s, los derechos que tanto costo conquistar y defender\u00bb, apunta el comunicado.<\/p>\n\n\n\n<p>La CGT manifest\u00f3 que el movimiento obrero \u00abdar\u00e1 las batallas que tenga que dar, sean en los tribunales, en la calle o en los puestos de trabajo\u00bb, con el objetivo de \u00abgarantizar este y otros derechos amenazados por el Gobierno Nacional\u00bb, concluye el documento.<\/p>\n","protected":false},"excerpt":{"rendered":"<p>El secretario general de la Confederaci&oacute;n General del Trabajo (CGT), H&eacute;ctor Daer, descart&oacute; la posibilidad de convocar a un paro general contra el decreto antihuelga del gobierno de Javier Milei. &laquo;No estamos evaluando un paro&raquo;, confirm&oacute; el co titular de la CGT y l&iacute;der de los trabajadores de la sanidad privada. La central realizar&aacute; una &hellip; <\/p>\n","protected":false},"author":5,"featured_media":22740,"comment_status":"closed","ping_status":"closed","sticky":false,"template":"","format":"standard","meta":{"om_disable_all_campaigns":false,"_joinchat":[]},"categories":[7],"tags":[46,43,569],"featured_image_urls":{"full":["https:\/\/infotep.com.ar\/wp-content\/uploads\/2025\/04\/cgt-conferencia.png",1200,663,false],"thumbnail":["https:\/\/infotep.com.ar\/wp-content\/uploads\/2025\/04\/cgt-conferencia-150x150.png",150,150,true],"medium":["https:\/\/infotep.com.ar\/wp-content\/uploads\/2025\/04\/cgt-conferencia-300x166.png",300,166,true],"medium_large":["https:\/\/infotep.com.ar\/wp-content\/uploads\/2025\/04\/cgt-conferencia-768x424.png",768,424,true],"large":["https:\/\/infotep.com.ar\/wp-content\/uploads\/2025\/04\/cgt-conferencia-1024x566.png",1020,564,true],"1536x1536":["https:\/\/infotep.com.ar\/wp-content\/uploads\/2025\/04\/cgt-conferencia.png",1200,663,false],"2048x2048":["https:\/\/infotep.com.ar\/wp-content\/uploads\/2025\/04\/cgt-conferencia.png",1200,663,false],"blossom-feminine-slider":["https:\/\/infotep.com.ar\/wp-content\/uploads\/2025\/04\/cgt-conferencia-1200x649.png",1200,649,true],"blossom-feminine-featured":["https:\/\/infotep.com.ar\/wp-content\/uploads\/2025\/04\/cgt-conferencia-1200x600.png",1200,600,true],"blossom-feminine-with-sidebar":["https:\/\/infotep.com.ar\/wp-content\/uploads\/2025\/04\/cgt-conferencia-1020x600.png",1020,600,true],"blossom-feminine-blog":["https:\/\/infotep.com.ar\/wp-content\/uploads\/2025\/04\/cgt-conferencia-435x435.png",435,435,true],"blossom-feminine-cat":["https:\/\/infotep.com.ar\/wp-content\/uploads\/2025\/04\/cgt-conferencia-450x300.png",450,300,true],"blossom-feminine-related":["https:\/\/infotep.com.ar\/wp-content\/uploads\/2025\/04\/cgt-conferencia-320x200.png",320,200,true],"blossom-feminine-schema":["https:\/\/infotep.com.ar\/wp-content\/uploads\/2025\/04\/cgt-conferencia-109x60.png",109,60,true],"blossom-mommy-blog-slider-big":["https:\/\/infotep.com.ar\/wp-content\/uploads\/2025\/04\/cgt-conferencia-920x650.png",920,650,true],"blossom-mommy-blog-slider":["https:\/\/infotep.com.ar\/wp-content\/uploads\/2025\/04\/cgt-conferencia-460x310.png",460,310,true],"blossom-mommy-blog-two":["https:\/\/infotep.com.ar\/wp-content\/uploads\/2025\/04\/cgt-conferencia-768x480.png",768,480,true]},"author_info":{"info":["Angela Tobar"]},"category_info":"<a href=\"https:\/\/infotep.com.ar\/index.php\/category\/gremios\/\" rel=\"category tag\">Gremios<\/a>","tag_info":"Gremios","comment_count":"0","_links":{"self":[{"href":"https:\/\/infotep.com.ar\/index.php\/wp-json\/wp\/v2\/posts\/24162"}],"collection":[{"href":"https:\/\/infotep.com.ar\/index.php\/wp-json\/wp\/v2\/posts"}],"about":[{"href":"https:\/\/infotep.com.ar\/index.php\/wp-json\/wp\/v2\/types\/post"}],"author":[{"embeddable":true,"href":"https:\/\/infotep.com.ar\/index.php\/wp-json\/wp\/v2\/users\/5"}],"replies":[{"embeddable":true,"href":"https:\/\/infotep.com.ar\/index.php\/wp-json\/wp\/v2\/comments?post=24162"}],"version-history":[{"count":1,"href":"https:\/\/infotep.com.ar\/index.php\/wp-json\/wp\/v2\/posts\/24162\/revisions"}],"predecessor-version":[{"id":24163,"href":"https:\/\/infotep.com.ar\/index.php\/wp-json\/wp\/v2\/posts\/24162\/revisions\/24163"}],"wp:featuredmedia":[{"embeddable":true,"href":"https:\/\/infotep.com.ar\/index.php\/wp-json\/wp\/v2\/media\/22740"}],"wp:attachment":[{"href":"https:\/\/infotep.com.ar\/index.php\/wp-json\/wp\/v2\/media?parent=24162"}],"wp:term":[{"taxonomy":"category","embeddable":true,"href":"https:\/\/infotep.com.ar\/index.php\/wp-json\/wp\/v2\/categories?post=24162"},{"taxonomy":"post_tag","embeddable":true,"href":"https:\/\/infotep.com.ar\/index.php\/wp-json\/wp\/v2\/tags?post=24162"}],"curies":[{"name":"wp","href":"https:\/\/api.w.org\/{rel}","templated":true}]}}