{"id":24284,"date":"2025-05-29T15:21:11","date_gmt":"2025-05-29T18:21:11","guid":{"rendered":"https:\/\/infotep.com.ar\/?p=24284"},"modified":"2025-05-29T15:21:12","modified_gmt":"2025-05-29T18:21:12","slug":"se-definieron-los-aumentos-de-los-colegios-privados-para-junio-de-cuanto-seran","status":"publish","type":"post","link":"https:\/\/infotep.com.ar\/index.php\/2025\/05\/29\/se-definieron-los-aumentos-de-los-colegios-privados-para-junio-de-cuanto-seran\/","title":{"rendered":"Se definieron los aumentos de los colegios privados para junio: \u00bfde cu\u00e1nto ser\u00e1n?"},"content":{"rendered":"\n<p>Son diferentes para el caso de la provincia de Buenos Aires y de la Ciudad de Buenos Aires.<br><br>Los colegios privados de la provincia de Buenos Aies aumentar\u00e1n sus cuotas 6,5% en junio y 4,2% en julio, acumulando un alza de 11% en el bimestre, seg\u00fan inform\u00f3 la Asociaci\u00f3n de Instituto Privados de Argentina (AIEPA).<\/p>\n\n\n\n<p>En tanto, en la Ciudad de Buenos Aires los ajustes ser\u00e1n de 2% en junio y 2,4% en julio.<\/p>\n\n\n\n<p>\u201cEste nuevo cuadro tarifario permite mantener la calidad de los servicios educativos que ofrece el segmento de la educaci\u00f3n privada&#8221;, se\u00f1al\u00f3 el secretario Ejecutivo de la entidad, Mart\u00edn Zurita.<\/p>\n\n\n\n<p>El directivo afirm\u00f3 que los aumentos \u201cpermiten afrontar el pago de los sueldos otorgados oportunamente\u201d.<\/p>\n","protected":false},"excerpt":{"rendered":"<p>Son diferentes para el caso de la provincia de Buenos Aires y de la Ciudad de Buenos Aires. Los colegios privados de la provincia de Buenos Aies aumentar&aacute;n sus cuotas 6,5% en junio y 4,2% en julio, acumulando un alza de 11% en el bimestre, seg&uacute;n inform&oacute; la Asociaci&oacute;n de Instituto Privados de Argentina (AIEPA). &hellip; <\/p>\n","protected":false},"author":5,"featured_media":8194,"comment_status":"closed","ping_status":"closed","sticky":false,"template":"","format":"standard","meta":{"om_disable_all_campaigns":false,"_joinchat":[]},"categories":[4],"tags":[46,43,569],"featured_image_urls":{"full":["https:\/\/infotep.com.ar\/wp-content\/uploads\/2023\/10\/colegio-privado.jpg",300,168,false],"thumbnail":["https:\/\/infotep.com.ar\/wp-content\/uploads\/2023\/10\/colegio-privado-150x150.jpg",150,150,true],"medium":["https:\/\/infotep.com.ar\/wp-content\/uploads\/2023\/10\/colegio-privado.jpg",300,168,false],"medium_large":["https:\/\/infotep.com.ar\/wp-content\/uploads\/2023\/10\/colegio-privado.jpg",300,168,false],"large":["https:\/\/infotep.com.ar\/wp-content\/uploads\/2023\/10\/colegio-privado.jpg",300,168,false],"1536x1536":["https:\/\/infotep.com.ar\/wp-content\/uploads\/2023\/10\/colegio-privado.jpg",300,168,false],"2048x2048":["https:\/\/infotep.com.ar\/wp-content\/uploads\/2023\/10\/colegio-privado.jpg",300,168,false],"blossom-feminine-slider":["https:\/\/infotep.com.ar\/wp-content\/uploads\/2023\/10\/colegio-privado.jpg",300,168,false],"blossom-feminine-featured":["https:\/\/infotep.com.ar\/wp-content\/uploads\/2023\/10\/colegio-privado.jpg",300,168,false],"blossom-feminine-with-sidebar":["https:\/\/infotep.com.ar\/wp-content\/uploads\/2023\/10\/colegio-privado.jpg",300,168,false],"blossom-feminine-blog":["https:\/\/infotep.com.ar\/wp-content\/uploads\/2023\/10\/colegio-privado.jpg",300,168,false],"blossom-feminine-cat":["https:\/\/infotep.com.ar\/wp-content\/uploads\/2023\/10\/colegio-privado.jpg",300,168,false],"blossom-feminine-related":["https:\/\/infotep.com.ar\/wp-content\/uploads\/2023\/10\/colegio-privado.jpg",300,168,false],"blossom-feminine-schema":["https:\/\/infotep.com.ar\/wp-content\/uploads\/2023\/10\/colegio-privado-107x60.jpg",107,60,true],"blossom-mommy-blog-slider-big":["https:\/\/infotep.com.ar\/wp-content\/uploads\/2023\/10\/colegio-privado.jpg",300,168,false],"blossom-mommy-blog-slider":["https:\/\/infotep.com.ar\/wp-content\/uploads\/2023\/10\/colegio-privado.jpg",300,168,false],"blossom-mommy-blog-two":["https:\/\/infotep.com.ar\/wp-content\/uploads\/2023\/10\/colegio-privado.jpg",300,168,false]},"author_info":{"info":["Angela Tobar"]},"category_info":"<a href=\"https:\/\/infotep.com.ar\/index.php\/category\/provinciales\/\" rel=\"category tag\">Provinciales<\/a>","tag_info":"Provinciales","comment_count":"0","_links":{"self":[{"href":"https:\/\/infotep.com.ar\/index.php\/wp-json\/wp\/v2\/posts\/24284"}],"collection":[{"href":"https:\/\/infotep.com.ar\/index.php\/wp-json\/wp\/v2\/posts"}],"about":[{"href":"https:\/\/infotep.com.ar\/index.php\/wp-json\/wp\/v2\/types\/post"}],"author":[{"embeddable":true,"href":"https:\/\/infotep.com.ar\/index.php\/wp-json\/wp\/v2\/users\/5"}],"replies":[{"embeddable":true,"href":"https:\/\/infotep.com.ar\/index.php\/wp-json\/wp\/v2\/comments?post=24284"}],"version-history":[{"count":1,"href":"https:\/\/infotep.com.ar\/index.php\/wp-json\/wp\/v2\/posts\/24284\/revisions"}],"predecessor-version":[{"id":24285,"href":"https:\/\/infotep.com.ar\/index.php\/wp-json\/wp\/v2\/posts\/24284\/revisions\/24285"}],"wp:featuredmedia":[{"embeddable":true,"href":"https:\/\/infotep.com.ar\/index.php\/wp-json\/wp\/v2\/media\/8194"}],"wp:attachment":[{"href":"https:\/\/infotep.com.ar\/index.php\/wp-json\/wp\/v2\/media?parent=24284"}],"wp:term":[{"taxonomy":"category","embeddable":true,"href":"https:\/\/infotep.com.ar\/index.php\/wp-json\/wp\/v2\/categories?post=24284"},{"taxonomy":"post_tag","embeddable":true,"href":"https:\/\/infotep.com.ar\/index.php\/wp-json\/wp\/v2\/tags?post=24284"}],"curies":[{"name":"wp","href":"https:\/\/api.w.org\/{rel}","templated":true}]}}