{"id":24320,"date":"2025-05-30T01:49:00","date_gmt":"2025-05-30T04:49:00","guid":{"rendered":"https:\/\/infotep.com.ar\/?p=24320"},"modified":"2025-05-30T02:51:22","modified_gmt":"2025-05-30T05:51:22","slug":"desde-la-coalicion-civica-repudiaron-el-contenido-ideologico-del-nuevo-paka-paka-libertario","status":"publish","type":"post","link":"https:\/\/infotep.com.ar\/index.php\/2025\/05\/30\/desde-la-coalicion-civica-repudiaron-el-contenido-ideologico-del-nuevo-paka-paka-libertario\/","title":{"rendered":"Desde la Coalici\u00f3n C\u00edvica repudiaron el contenido &#8220;ideol\u00f3gico&#8221; del nuevo Paka Paka libertario"},"content":{"rendered":"\n<p>La diputada Marcela Campagnoli present\u00f3 un proyecto de declaraci\u00f3n que rechaza el uso de fondos para &#8220;fines proselitistas&#8221;.<br><br>La diputada nacional de la Coalici\u00f3n C\u00edvica Marcela Campagnoli present\u00f3 un proyecto de declaraci\u00f3n para repudiar el contenido \u201cideol\u00f3gico\u201d del canal Paka Paka, que fue reinaugurado recientemente por el Gobierno nacional.<\/p>\n\n\n\n<p>La iniciativa tambi\u00e9n rechaza en\u00e9rgicamente \u201cla utilizaci\u00f3n de fondos p\u00fablicos para que la Secretar\u00eda de Medios y Comunicaci\u00f3n P\u00fablica opere la transmisi\u00f3n del citado canal\u201d.<\/p>\n\n\n\n<p>\u201cHemos criticado que el gobierno kirchnerista utilizara fondos p\u00fablicos para adoctrinar a ni\u00f1as, ni\u00f1os y adolescentes con el contenido del canal infantil Paka Paka\u201d, record\u00f3.<\/p>\n\n\n\n<p>Seg\u00fan afirm\u00f3, \u201caquello fue un s\u00edmbolo de un claro avasallamiento de las libertades individuales y un mal uso de los fondos del erario p\u00fablico\u201d.<\/p>\n\n\n\n<p>\u201cParec\u00eda que, con los recortes de los gastos del Estado y la postulaci\u00f3n de ideas liberales, el nuevo gobierno iba a dejar enterrada para siempre, la idea de usar a los medios de comunicaci\u00f3n p\u00fablica para imponer ideas propias&#8221;, se\u00f1al\u00f3.<\/p>\n\n\n\n<p>Sin embargo, &#8220;el gobierno libertario ha decidido reinaugurar el canal Paka Paka adecuando el contenido, de modo tal que, sea funcional a su ideolog\u00eda\u201d, cuestion\u00f3 la legisladora de la oposici\u00f3n.<\/p>\n\n\n\n<p>Para Campagnoli, \u201cel se\u00f1or presidente (Javier Milei) ha abandonado sus promesas de campa\u00f1a y apag\u00f3 la motosierra solo para usar un medio de comunicaci\u00f3n como v\u00eda de difusi\u00f3n de su \u2018batalla cultural\u2019 para adoctrinar a ni\u00f1os, ni\u00f1as y adolescentes en un pensamiento que literalmente aplasta el b\u00e1sico derecho a la libertad\u201d.<\/p>\n\n\n\n<p>La diputada \u201clilita\u201d compar\u00f3 la pr\u00e1ctica de utilizaci\u00f3n ideol\u00f3gica que seg\u00fan ella hab\u00eda llevado adelante el kirchnerismo con el accionar actual con el que el Gobierno pretende aleccionar al p\u00fablico infantil.<\/p>\n\n\n\n<p>&#8220;Cambia el contenido, se mantiene inc\u00f3lume la falta de respeto por los derechos de la ni\u00f1ez y el uso de fondos del Estado para fines partidarios\u201d, reclam\u00f3.<\/p>\n\n\n\n<p>\u201cEl Estado libertario, lejos de incrementar esfuerzos y partidas para mejorar la situaci\u00f3n de la ni\u00f1ez en la Argentina, destina fondos para intervenir en la cabeza de chicos y chicas que necesitan aprender que s\u00f3lo la educaci\u00f3n puede abrirles la puerta hacia un futuro mejor\u201d, consider\u00f3.<\/p>\n\n\n\n<p>Para finalizar, Campagnoli exigi\u00f3 \u201ccuentas claras\u201d sobre \u201cel presupuesto que debe destinarse para nuestra infancia y frenar el avasallamiento de derechos que, ejercido desde el Estado, encierra un acto de violencia que no puede ser permitido en una rep\u00fablica democr\u00e1tica\u201d.<\/p>\n\n\n\n<p>\u201cEn tiempos en los cuales la mitad de la ni\u00f1ez es pobre, usar los fondos p\u00fablicos para transmitir programaci\u00f3n partidaria en un canal estatal es un acto de irresponsabilidad y crueldad imperdonable\u201d, opin\u00f3.<\/p>\n\n\n\n<p>\u201cUrge que se optimice el uso de los fondos p\u00fablicos, se de transparencia a las sumas de dinero que se usan para fines proselitistas y se garantice, de una vez por todas, la libertad de pensamiento y de expresi\u00f3n en la Rep\u00fablica Argentina\u201d, concluy\u00f3.<\/p>\n","protected":false},"excerpt":{"rendered":"<p>La diputada Marcela Campagnoli present&oacute; un proyecto de declaraci&oacute;n que rechaza el uso de fondos para &ldquo;fines proselitistas&rdquo;. La diputada nacional de la Coalici&oacute;n C&iacute;vica Marcela Campagnoli present&oacute; un proyecto de declaraci&oacute;n para repudiar el contenido &ldquo;ideol&oacute;gico&rdquo; del canal Paka Paka, que fue reinaugurado recientemente por el Gobierno nacional. La iniciativa tambi&eacute;n rechaza en&eacute;rgicamente &ldquo;la &hellip; <\/p>\n","protected":false},"author":5,"featured_media":24321,"comment_status":"closed","ping_status":"closed","sticky":false,"template":"","format":"standard","meta":{"om_disable_all_campaigns":false,"_joinchat":[]},"categories":[3],"tags":[46,43,569],"featured_image_urls":{"full":["https:\/\/infotep.com.ar\/wp-content\/uploads\/2025\/05\/360-1-2.webp",640,360,false],"thumbnail":["https:\/\/infotep.com.ar\/wp-content\/uploads\/2025\/05\/360-1-2-150x150.webp",150,150,true],"medium":["https:\/\/infotep.com.ar\/wp-content\/uploads\/2025\/05\/360-1-2-300x169.webp",300,169,true],"medium_large":["https:\/\/infotep.com.ar\/wp-content\/uploads\/2025\/05\/360-1-2.webp",640,360,false],"large":["https:\/\/infotep.com.ar\/wp-content\/uploads\/2025\/05\/360-1-2.webp",640,360,false],"1536x1536":["https:\/\/infotep.com.ar\/wp-content\/uploads\/2025\/05\/360-1-2.webp",640,360,false],"2048x2048":["https:\/\/infotep.com.ar\/wp-content\/uploads\/2025\/05\/360-1-2.webp",640,360,false],"blossom-feminine-slider":["https:\/\/infotep.com.ar\/wp-content\/uploads\/2025\/05\/360-1-2.webp",640,360,false],"blossom-feminine-featured":["https:\/\/infotep.com.ar\/wp-content\/uploads\/2025\/05\/360-1-2.webp",640,360,false],"blossom-feminine-with-sidebar":["https:\/\/infotep.com.ar\/wp-content\/uploads\/2025\/05\/360-1-2.webp",640,360,false],"blossom-feminine-blog":["https:\/\/infotep.com.ar\/wp-content\/uploads\/2025\/05\/360-1-2-435x360.webp",435,360,true],"blossom-feminine-cat":["https:\/\/infotep.com.ar\/wp-content\/uploads\/2025\/05\/360-1-2-450x300.webp",450,300,true],"blossom-feminine-related":["https:\/\/infotep.com.ar\/wp-content\/uploads\/2025\/05\/360-1-2-320x200.webp",320,200,true],"blossom-feminine-schema":["https:\/\/infotep.com.ar\/wp-content\/uploads\/2025\/05\/360-1-2-107x60.webp",107,60,true],"blossom-mommy-blog-slider-big":["https:\/\/infotep.com.ar\/wp-content\/uploads\/2025\/05\/360-1-2.webp",640,360,false],"blossom-mommy-blog-slider":["https:\/\/infotep.com.ar\/wp-content\/uploads\/2025\/05\/360-1-2-460x310.webp",460,310,true],"blossom-mommy-blog-two":["https:\/\/infotep.com.ar\/wp-content\/uploads\/2025\/05\/360-1-2.webp",640,360,false]},"author_info":{"info":["Angela Tobar"]},"category_info":"<a href=\"https:\/\/infotep.com.ar\/index.php\/category\/nacionales\/\" rel=\"category tag\">Nacionales<\/a>","tag_info":"Nacionales","comment_count":"0","_links":{"self":[{"href":"https:\/\/infotep.com.ar\/index.php\/wp-json\/wp\/v2\/posts\/24320"}],"collection":[{"href":"https:\/\/infotep.com.ar\/index.php\/wp-json\/wp\/v2\/posts"}],"about":[{"href":"https:\/\/infotep.com.ar\/index.php\/wp-json\/wp\/v2\/types\/post"}],"author":[{"embeddable":true,"href":"https:\/\/infotep.com.ar\/index.php\/wp-json\/wp\/v2\/users\/5"}],"replies":[{"embeddable":true,"href":"https:\/\/infotep.com.ar\/index.php\/wp-json\/wp\/v2\/comments?post=24320"}],"version-history":[{"count":1,"href":"https:\/\/infotep.com.ar\/index.php\/wp-json\/wp\/v2\/posts\/24320\/revisions"}],"predecessor-version":[{"id":24322,"href":"https:\/\/infotep.com.ar\/index.php\/wp-json\/wp\/v2\/posts\/24320\/revisions\/24322"}],"wp:featuredmedia":[{"embeddable":true,"href":"https:\/\/infotep.com.ar\/index.php\/wp-json\/wp\/v2\/media\/24321"}],"wp:attachment":[{"href":"https:\/\/infotep.com.ar\/index.php\/wp-json\/wp\/v2\/media?parent=24320"}],"wp:term":[{"taxonomy":"category","embeddable":true,"href":"https:\/\/infotep.com.ar\/index.php\/wp-json\/wp\/v2\/categories?post=24320"},{"taxonomy":"post_tag","embeddable":true,"href":"https:\/\/infotep.com.ar\/index.php\/wp-json\/wp\/v2\/tags?post=24320"}],"curies":[{"name":"wp","href":"https:\/\/api.w.org\/{rel}","templated":true}]}}