{"id":24366,"date":"2025-06-02T02:18:23","date_gmt":"2025-06-02T05:18:23","guid":{"rendered":"https:\/\/infotep.com.ar\/?p=24366"},"modified":"2025-06-02T02:18:24","modified_gmt":"2025-06-02T05:18:24","slug":"kicillof-lanzo-su-nuevo-espacio-con-duras-criticas-al-modelo-economico-de-milei-no-es-ajuste-es-saqueo","status":"publish","type":"post","link":"https:\/\/infotep.com.ar\/index.php\/2025\/06\/02\/kicillof-lanzo-su-nuevo-espacio-con-duras-criticas-al-modelo-economico-de-milei-no-es-ajuste-es-saqueo\/","title":{"rendered":"Kicillof lanz\u00f3 su nuevo espacio con duras cr\u00edticas al modelo econ\u00f3mico de Milei: &#8220;No es ajuste, es saqueo&#8221;"},"content":{"rendered":"\n<p>El gobernador bonaerense cuestion\u00f3 la pol\u00edtica econ\u00f3mica libertaria y afirm\u00f3 que el Gobierno transfiere recursos \u201cdel pueblo a las corporaciones\u201d.<br><br>El gobernador de la provincia de Buenos Aires, Axel Kicillof, present\u00f3 este s\u00e1bado en La Plata su nuevo espacio pol\u00edtico, Movimiento Derecho al Futuro, y aprovech\u00f3 el lanzamiento para realizar una encendida cr\u00edtica a la pol\u00edtica econ\u00f3mica del presidente Javier Milei, a quien acus\u00f3 de implementar un plan de \u201cajuste, saqueo y dependencia\u201d.<\/p>\n\n\n\n<p>El mandatario bonaerense consider\u00f3 que \u201cno hay nada novedoso\u201d en el modelo libertario y lo vincul\u00f3 con etapas anteriores de la historia argentina. \u201cEl modelo de Milei es la continuidad de Mart\u00ednez de Hoz, de Cavallo y de Macri. Consiste en planchar el d\u00f3lar, reprimir ingresos, destruir la inversi\u00f3n p\u00fablica, aplicar tarifazos, abrir la econom\u00eda y desregular los mercados\u201d, enumer\u00f3 Kicillof ante una multitud reunida en el camping de UPCN.<\/p>\n\n\n\n<p>Tambi\u00e9n sostuvo que la ca\u00edda de la inflaci\u00f3n \u201ctiene dos explicaciones: d\u00f3lar planchado y salarios destrozados\u201d. Y remarc\u00f3 que \u201clo \u00fanico que anda en este modelo es la especulaci\u00f3n financiera\u201d. \u201cNo es un ajuste parejo. Para la timba financiera siempre hay plata. Lo que hacen es sacarle al pueblo para darle a las corporaciones\u201d, denunci\u00f3.<\/p>\n\n\n\n<p>El gobernador insisti\u00f3 con que \u201cno hay orden en una econom\u00eda en la que no se llega a fin de mes y hay temor a perder el empleo\u201d, y afirm\u00f3 que \u201cno hay equilibrio si los jubilados no pueden comprarse los remedios y si se reprime al que piensa distinto\u201d.<\/p>\n\n\n\n<p>Adem\u00e1s, acus\u00f3 al Gobierno nacional de construir un modelo \u201cunitario y antifederal\u201d, y exigi\u00f3 que se restituyan los fondos quitados a la Provincia. \u201cSi despu\u00e9s no hay obras, eso no es solidaridad, es robo. Milei tiene que devolverle a nuestra provincia los fondos que nos sac\u00f3 para salud, educaci\u00f3n y seguridad\u201d, apunt\u00f3.<\/p>\n\n\n\n<p>Durante el plenario, que incluy\u00f3 comisiones tem\u00e1ticas con participaci\u00f3n de militantes, intendentes y dirigentes de toda la provincia, el gobernador cerr\u00f3 con un llamado a la acci\u00f3n colectiva: \u201cEstamos en un momento fundacional. Esto no es un acto: es el comienzo de un nuevo movimiento pol\u00edtico que nace de abajo hacia arriba\u201d.<\/p>\n","protected":false},"excerpt":{"rendered":"<p>El gobernador bonaerense cuestion&oacute; la pol&iacute;tica econ&oacute;mica libertaria y afirm&oacute; que el Gobierno transfiere recursos &ldquo;del pueblo a las corporaciones&rdquo;. El gobernador de la provincia de Buenos Aires, Axel Kicillof, present&oacute; este s&aacute;bado en La Plata su nuevo espacio pol&iacute;tico, Movimiento Derecho al Futuro, y aprovech&oacute; el lanzamiento para realizar una encendida cr&iacute;tica a la &hellip; <\/p>\n","protected":false},"author":5,"featured_media":24367,"comment_status":"closed","ping_status":"closed","sticky":false,"template":"","format":"standard","meta":{"om_disable_all_campaigns":false,"_joinchat":[]},"categories":[4],"tags":[46,43,569],"featured_image_urls":{"full":["https:\/\/infotep.com.ar\/wp-content\/uploads\/2025\/06\/kicilof-magario.webp",1080,720,false],"thumbnail":["https:\/\/infotep.com.ar\/wp-content\/uploads\/2025\/06\/kicilof-magario-150x150.webp",150,150,true],"medium":["https:\/\/infotep.com.ar\/wp-content\/uploads\/2025\/06\/kicilof-magario-300x200.webp",300,200,true],"medium_large":["https:\/\/infotep.com.ar\/wp-content\/uploads\/2025\/06\/kicilof-magario-768x512.webp",768,512,true],"large":["https:\/\/infotep.com.ar\/wp-content\/uploads\/2025\/06\/kicilof-magario-1024x683.webp",1020,680,true],"1536x1536":["https:\/\/infotep.com.ar\/wp-content\/uploads\/2025\/06\/kicilof-magario.webp",1080,720,false],"2048x2048":["https:\/\/infotep.com.ar\/wp-content\/uploads\/2025\/06\/kicilof-magario.webp",1080,720,false],"blossom-feminine-slider":["https:\/\/infotep.com.ar\/wp-content\/uploads\/2025\/06\/kicilof-magario-1080x649.webp",1080,649,true],"blossom-feminine-featured":["https:\/\/infotep.com.ar\/wp-content\/uploads\/2025\/06\/kicilof-magario-1080x600.webp",1080,600,true],"blossom-feminine-with-sidebar":["https:\/\/infotep.com.ar\/wp-content\/uploads\/2025\/06\/kicilof-magario-1020x600.webp",1020,600,true],"blossom-feminine-blog":["https:\/\/infotep.com.ar\/wp-content\/uploads\/2025\/06\/kicilof-magario-435x435.webp",435,435,true],"blossom-feminine-cat":["https:\/\/infotep.com.ar\/wp-content\/uploads\/2025\/06\/kicilof-magario-450x300.webp",450,300,true],"blossom-feminine-related":["https:\/\/infotep.com.ar\/wp-content\/uploads\/2025\/06\/kicilof-magario-320x200.webp",320,200,true],"blossom-feminine-schema":["https:\/\/infotep.com.ar\/wp-content\/uploads\/2025\/06\/kicilof-magario-90x60.webp",90,60,true],"blossom-mommy-blog-slider-big":["https:\/\/infotep.com.ar\/wp-content\/uploads\/2025\/06\/kicilof-magario-920x650.webp",920,650,true],"blossom-mommy-blog-slider":["https:\/\/infotep.com.ar\/wp-content\/uploads\/2025\/06\/kicilof-magario-460x310.webp",460,310,true],"blossom-mommy-blog-two":["https:\/\/infotep.com.ar\/wp-content\/uploads\/2025\/06\/kicilof-magario-768x480.webp",768,480,true]},"author_info":{"info":["Angela Tobar"]},"category_info":"<a href=\"https:\/\/infotep.com.ar\/index.php\/category\/provinciales\/\" rel=\"category tag\">Provinciales<\/a>","tag_info":"Provinciales","comment_count":"0","_links":{"self":[{"href":"https:\/\/infotep.com.ar\/index.php\/wp-json\/wp\/v2\/posts\/24366"}],"collection":[{"href":"https:\/\/infotep.com.ar\/index.php\/wp-json\/wp\/v2\/posts"}],"about":[{"href":"https:\/\/infotep.com.ar\/index.php\/wp-json\/wp\/v2\/types\/post"}],"author":[{"embeddable":true,"href":"https:\/\/infotep.com.ar\/index.php\/wp-json\/wp\/v2\/users\/5"}],"replies":[{"embeddable":true,"href":"https:\/\/infotep.com.ar\/index.php\/wp-json\/wp\/v2\/comments?post=24366"}],"version-history":[{"count":1,"href":"https:\/\/infotep.com.ar\/index.php\/wp-json\/wp\/v2\/posts\/24366\/revisions"}],"predecessor-version":[{"id":24368,"href":"https:\/\/infotep.com.ar\/index.php\/wp-json\/wp\/v2\/posts\/24366\/revisions\/24368"}],"wp:featuredmedia":[{"embeddable":true,"href":"https:\/\/infotep.com.ar\/index.php\/wp-json\/wp\/v2\/media\/24367"}],"wp:attachment":[{"href":"https:\/\/infotep.com.ar\/index.php\/wp-json\/wp\/v2\/media?parent=24366"}],"wp:term":[{"taxonomy":"category","embeddable":true,"href":"https:\/\/infotep.com.ar\/index.php\/wp-json\/wp\/v2\/categories?post=24366"},{"taxonomy":"post_tag","embeddable":true,"href":"https:\/\/infotep.com.ar\/index.php\/wp-json\/wp\/v2\/tags?post=24366"}],"curies":[{"name":"wp","href":"https:\/\/api.w.org\/{rel}","templated":true}]}}