{"id":24369,"date":"2025-06-02T02:24:23","date_gmt":"2025-06-02T05:24:23","guid":{"rendered":"https:\/\/infotep.com.ar\/?p=24369"},"modified":"2025-06-02T02:24:24","modified_gmt":"2025-06-02T05:24:24","slug":"moron-pone-en-marcha-un-nuevo-operativo-abrigar-para-asistir-a-personas-en-situacion-de-calle","status":"publish","type":"post","link":"https:\/\/infotep.com.ar\/index.php\/2025\/06\/02\/moron-pone-en-marcha-un-nuevo-operativo-abrigar-para-asistir-a-personas-en-situacion-de-calle\/","title":{"rendered":"Mor\u00f3n pone en marcha un nuevo Operativo Abrigar para asistir a personas en situaci\u00f3n de calle"},"content":{"rendered":"\n<p>Equipos del Estado local recorrer\u00e1n distintos puntos del distrito para garantizar derechos b\u00e1sicos ante las bajas temperaturas. Se entregar\u00e1n viandas calientes, abrigos y art\u00edculos de higiene personal.<\/p>\n\n\n\n<p><strong>El Municipio de Mor\u00f3n puso en marcha una nueva edici\u00f3n del Operativo Abrigar, una pol\u00edtica p\u00fablica orientada a acompa\u00f1ar y asistir a personas en situaci\u00f3n de calle frente a las bajas temperaturas.<\/strong><\/p>\n\n\n\n<p class=\"has-light-green-cyan-background-color has-background\">Por iniciativa del intendente Lucas Ghi, el programa articula recursos municipales, equipos t\u00e9cnicos y espacios institucionales para garantizar derechos b\u00e1sicos como el acceso a la alimentaci\u00f3n, el abrigo, la salud y la dignidad. Las tareas se extender\u00e1n hasta el 31 de agosto, abarcando los meses m\u00e1s fr\u00edos del a\u00f1o.<\/p>\n\n\n\n<p>El dispositivo consiste en recorridas nocturnas por distintas localidades del distrito, en las que se entregan viandas calientes, frazadas, ropa y art\u00edculos de higiene personal. Las comidas son elaboradas por personal de la Casa Comunal y estudiantes del Instituto Municipal de Educaci\u00f3n Superior \u201cMaestra Pascuala Cueto\u201d (IMES), bajo planificaci\u00f3n nutricional a cargo de profesionales del Municipio.<\/p>\n\n\n\n<p><strong>Adem\u00e1s, un Equipo de Calle recorre los barrios de Mor\u00f3n desde la tarde y durante la noche para detectar y abordar situaciones de vulnerabilidad. En ese contexto se entregan viandas, fruta, abrigo e insumos de higiene, y se establece un v\u00ednculo directo con las personas para brindar respuestas integrales.<\/strong><\/p>\n\n\n\n<p>La pol\u00edtica de atenci\u00f3n tambi\u00e9n i<strong>ncluye un Centro de D\u00eda, que recibe a m\u00e1s de 60 personas por jornada, donde se ofrece desayuno, ropa limpia, almuerzo y acceso a duchas. En paralelo, el Centro de Noche brinda alojamiento diario a quienes son acompa\u00f1ados por los equipos t\u00e9cnicos<\/strong>.<\/p>\n\n\n\n<p>&#8220;El Operativo Abrigar forma parte de las pol\u00edticas impulsadas por la gesti\u00f3n de Ghi para reafirmar el compromiso con la inclusi\u00f3n y la equidad. El programa busca consolidar el tejido comunitario con una presencia estatal activa, sensible y transformadora, basada en la dignidad, la solidaridad y la justicia social&#8221;, se destac\u00f3 desde la comuna.<\/p>\n\n\n\n<p>La Casa Comunal es un recurso clave que funciona los 365 d\u00edas del a\u00f1o, con un equipo de operadores y profesionales que brindan asistencia alimentaria, sanitaria y contenci\u00f3n emocional. En el espacio se dictan clases de nivel primario y programas FINES, a cargo de docentes del sistema educativo de adultos de la Provincia de Buenos Aires, adem\u00e1s de talleres culturales y recreativos.<\/p>\n\n\n\n<p class=\"has-light-green-cyan-background-color has-background\">En caso de conocer a una persona en situaci\u00f3n de calle, se recomienda acercarse para preguntarle su nombre y enviar la informaci\u00f3n al tel\u00e9fono 11 2290-1843. Tambi\u00e9n se puede solicitar atenci\u00f3n m\u00e9dica al 107 (SAME) o, en situaciones de riesgo, llamar al 911.<\/p>\n","protected":false},"excerpt":{"rendered":"<p>Equipos del Estado local recorrer&aacute;n distintos puntos del distrito para garantizar derechos b&aacute;sicos ante las bajas temperaturas. Se entregar&aacute;n viandas calientes, abrigos y art&iacute;culos de higiene personal. El Municipio de Mor&oacute;n puso en marcha una nueva edici&oacute;n del Operativo Abrigar, una pol&iacute;tica p&uacute;blica orientada a acompa&ntilde;ar y asistir a personas en situaci&oacute;n de calle frente &hellip; <\/p>\n","protected":false},"author":5,"featured_media":24370,"comment_status":"closed","ping_status":"closed","sticky":false,"template":"","format":"standard","meta":{"om_disable_all_campaigns":false,"_joinchat":[]},"categories":[9],"tags":[53,569],"featured_image_urls":{"full":["https:\/\/infotep.com.ar\/wp-content\/uploads\/2025\/06\/Abrigar-01-1024x682-1.jpg",1024,682,false],"thumbnail":["https:\/\/infotep.com.ar\/wp-content\/uploads\/2025\/06\/Abrigar-01-1024x682-1-150x150.jpg",150,150,true],"medium":["https:\/\/infotep.com.ar\/wp-content\/uploads\/2025\/06\/Abrigar-01-1024x682-1-300x200.jpg",300,200,true],"medium_large":["https:\/\/infotep.com.ar\/wp-content\/uploads\/2025\/06\/Abrigar-01-1024x682-1-768x512.jpg",768,512,true],"large":["https:\/\/infotep.com.ar\/wp-content\/uploads\/2025\/06\/Abrigar-01-1024x682-1.jpg",1020,679,false],"1536x1536":["https:\/\/infotep.com.ar\/wp-content\/uploads\/2025\/06\/Abrigar-01-1024x682-1.jpg",1024,682,false],"2048x2048":["https:\/\/infotep.com.ar\/wp-content\/uploads\/2025\/06\/Abrigar-01-1024x682-1.jpg",1024,682,false],"blossom-feminine-slider":["https:\/\/infotep.com.ar\/wp-content\/uploads\/2025\/06\/Abrigar-01-1024x682-1-1024x649.jpg",1024,649,true],"blossom-feminine-featured":["https:\/\/infotep.com.ar\/wp-content\/uploads\/2025\/06\/Abrigar-01-1024x682-1-1024x600.jpg",1024,600,true],"blossom-feminine-with-sidebar":["https:\/\/infotep.com.ar\/wp-content\/uploads\/2025\/06\/Abrigar-01-1024x682-1-1020x600.jpg",1020,600,true],"blossom-feminine-blog":["https:\/\/infotep.com.ar\/wp-content\/uploads\/2025\/06\/Abrigar-01-1024x682-1-435x435.jpg",435,435,true],"blossom-feminine-cat":["https:\/\/infotep.com.ar\/wp-content\/uploads\/2025\/06\/Abrigar-01-1024x682-1-450x300.jpg",450,300,true],"blossom-feminine-related":["https:\/\/infotep.com.ar\/wp-content\/uploads\/2025\/06\/Abrigar-01-1024x682-1-320x200.jpg",320,200,true],"blossom-feminine-schema":["https:\/\/infotep.com.ar\/wp-content\/uploads\/2025\/06\/Abrigar-01-1024x682-1-90x60.jpg",90,60,true],"blossom-mommy-blog-slider-big":["https:\/\/infotep.com.ar\/wp-content\/uploads\/2025\/06\/Abrigar-01-1024x682-1-920x650.jpg",920,650,true],"blossom-mommy-blog-slider":["https:\/\/infotep.com.ar\/wp-content\/uploads\/2025\/06\/Abrigar-01-1024x682-1-460x310.jpg",460,310,true],"blossom-mommy-blog-two":["https:\/\/infotep.com.ar\/wp-content\/uploads\/2025\/06\/Abrigar-01-1024x682-1-768x480.jpg",768,480,true]},"author_info":{"info":["Angela Tobar"]},"category_info":"<a href=\"https:\/\/infotep.com.ar\/index.php\/category\/municipales\/moron\/\" rel=\"category tag\">Mor\u00f3n<\/a>","tag_info":"Mor\u00f3n","comment_count":"0","_links":{"self":[{"href":"https:\/\/infotep.com.ar\/index.php\/wp-json\/wp\/v2\/posts\/24369"}],"collection":[{"href":"https:\/\/infotep.com.ar\/index.php\/wp-json\/wp\/v2\/posts"}],"about":[{"href":"https:\/\/infotep.com.ar\/index.php\/wp-json\/wp\/v2\/types\/post"}],"author":[{"embeddable":true,"href":"https:\/\/infotep.com.ar\/index.php\/wp-json\/wp\/v2\/users\/5"}],"replies":[{"embeddable":true,"href":"https:\/\/infotep.com.ar\/index.php\/wp-json\/wp\/v2\/comments?post=24369"}],"version-history":[{"count":1,"href":"https:\/\/infotep.com.ar\/index.php\/wp-json\/wp\/v2\/posts\/24369\/revisions"}],"predecessor-version":[{"id":24371,"href":"https:\/\/infotep.com.ar\/index.php\/wp-json\/wp\/v2\/posts\/24369\/revisions\/24371"}],"wp:featuredmedia":[{"embeddable":true,"href":"https:\/\/infotep.com.ar\/index.php\/wp-json\/wp\/v2\/media\/24370"}],"wp:attachment":[{"href":"https:\/\/infotep.com.ar\/index.php\/wp-json\/wp\/v2\/media?parent=24369"}],"wp:term":[{"taxonomy":"category","embeddable":true,"href":"https:\/\/infotep.com.ar\/index.php\/wp-json\/wp\/v2\/categories?post=24369"},{"taxonomy":"post_tag","embeddable":true,"href":"https:\/\/infotep.com.ar\/index.php\/wp-json\/wp\/v2\/tags?post=24369"}],"curies":[{"name":"wp","href":"https:\/\/api.w.org\/{rel}","templated":true}]}}