{"id":24381,"date":"2025-06-02T19:04:11","date_gmt":"2025-06-02T22:04:11","guid":{"rendered":"https:\/\/infotep.com.ar\/?p=24381"},"modified":"2025-06-02T19:04:11","modified_gmt":"2025-06-02T22:04:11","slug":"pilotos-de-aerolineas-argentinas-anuncian-paro-para-el-10-de-junio","status":"publish","type":"post","link":"https:\/\/infotep.com.ar\/index.php\/2025\/06\/02\/pilotos-de-aerolineas-argentinas-anuncian-paro-para-el-10-de-junio\/","title":{"rendered":"Pilotos de Aerol\u00edneas Argentinas anuncian paro para el 10 de junio"},"content":{"rendered":"\n<p><br>La Asociaci\u00f3n de Pilotos de L\u00edneas A\u00e9reas (APLA) anunci\u00f3 que el pr\u00f3ximo 10 de junio se realizar\u00e1 un paro de actividades entre las 18 horas de ese d\u00eda y las 2 de la madrugada del d\u00eda siguiente que afectar\u00e1 las operaciones de Aerol\u00edneas Argentinas.<\/p>\n\n\n\n<p>No obstante, la empresa sostuvo que las medidas anunciadas por el gremio de pilotos, tiene \u201cmotivaciones pol\u00edticas y no laborales\u201d y que se encuentran \u201cabiertos\u201d buscar soluciones.<\/p>\n\n\n\n<p>La decisi\u00f3n fue adelantada por el gremio que encabeza Pablo Biro, mediante una publicaci\u00f3n en la cuenta oficial del gremio en la red social X.<\/p>\n\n\n\n<p><strong>\u201cEstamos atravesando un contexto extremadamente cr\u00edtico en la industria aerocomercial en Argentina, en el cual las decisiones tomadas con liviandad no contemplan el impacto negativo de sus consecuencias\u201d, comienza diciendo el comunicado publicado en la red social.<\/strong><\/p>\n\n\n\n<p>Sostienen que \u201cen Aerol\u00edneas Argentinas nos enfrentamos a inaceptables incumplimientos convencionales perpetrados por la empresa; el prolongado retraso en la pauta salarial; la falta de un plan de desarrollo profesional; la ausencia de una estrategia clara y sostenible para el futuro de la compa\u00f1\u00eda; as\u00ed como la continua modificaci\u00f3n unilateral de procesos y programaciones, y las recurrentes fallas t\u00e9cnicas en los aviones que se sostienen en el tiempo, producto de la falta de inversi\u00f3n, que impactan negativamente en las condiciones operativas y laborales de las y los pilotos y en el servicio diario a los pasajeros\u201d.<\/p>\n\n\n\n<p>Y anticipan que \u201cpor lo mencionado, hemos decidido realizar una medida de fuerza e \ud835\uddf6\ud835\uddfb\ud835\uddf3\ud835\uddfc\ud835\uddff\ud835\uddfa\ud835\uddee\ud835\uddfa\ud835\uddfc\ud835\ude00 \ud835\uddfe\ud835\ude02\ud835\uddf2 \ud835\uddf2\ud835\uddf9 \ud835\uddfa\ud835\uddee\ud835\uddff\ud835\ude01\ud835\uddf2\ud835\ude00 \ud835\udfed\ud835\udfec \ud835\uddf1\ud835\uddf2 \ud835\uddf7\ud835\ude02\ud835\uddfb\ud835\uddf6\ud835\uddfc \ud835\ude00\ud835\uddf2 \ud835\uddf9\ud835\uddf9\ud835\uddf2\ud835\ude03\ud835\uddee\ud835\uddff\ud835\uddee\u0301 \ud835\uddee \ud835\uddf0\ud835\uddee\ud835\uddef\ud835\uddfc \ud835\ude02\ud835\uddfb \ud835\uddfd\ud835\uddee\ud835\uddff\ud835\uddfc \ud835\uddf1\ud835\uddf2 \ud835\uddee\ud835\uddf0\ud835\ude01\ud835\uddf6\ud835\ude03\ud835\uddf6\ud835\uddf1\ud835\uddee\ud835\uddf1\ud835\uddf2\ud835\ude00 \ud835\uddf1\ud835\uddf2\ud835\ude00\ud835\uddf1\ud835\uddf2 \ud835\uddf9\ud835\uddee\ud835\ude00 \ud835\udfed\ud835\udff4:\ud835\udfec\ud835\udfec \ud835\uddf5\ud835\uddfc\ud835\uddff\ud835\uddee\ud835\ude00 \ud835\uddf5\ud835\uddee\ud835\ude00\ud835\ude01\ud835\uddee \ud835\uddf9\ud835\uddee\ud835\ude00 \ud835\udfec\ud835\udfee:\ud835\udfec\ud835\udfec \ud835\uddf1\ud835\uddf2\ud835\uddf9 \ud835\uddf1\ud835\uddf6\u0301\ud835\uddee \ud835\ude00\ud835\uddf6\ud835\uddf4\ud835\ude02\ud835\uddf6\ud835\uddf2\ud835\uddfb\ud835\ude01\ud835\uddf2. \ud835\uddd8\ud835\ude00\ud835\ude01\ud835\uddee \ud835\uddee\ud835\uddf0\ud835\uddf0\ud835\uddf6\ud835\uddfc\u0301\ud835\uddfb \ud835\uddee\ud835\uddf3\ud835\uddf2\ud835\uddf0\ud835\ude01\ud835\uddee\ud835\uddff\ud835\uddee\u0301 \ud835\uddf9\ud835\uddee\ud835\ude00 \ud835\uddfc\ud835\uddfd\ud835\uddf2\ud835\uddff\ud835\uddee\ud835\uddf0\ud835\uddf6\ud835\uddfc\ud835\uddfb\ud835\uddf2\ud835\ude00 \ud835\uddf2\ud835\uddfb \ud835\uddf9\ud835\uddfc\ud835\ude00 \ud835\uddee\ud835\uddf2\ud835\uddff\ud835\uddfc\ud835\uddfd\ud835\ude02\ud835\uddf2\ud835\uddff\ud835\ude01\ud835\uddfc\ud835\ude00 \ud835\uddf1\ud835\uddf2 \ud835\uddd4\ud835\uddf2\ud835\uddff\ud835\uddfc\ud835\uddfd\ud835\uddee\ud835\uddff\ud835\uddfe\ud835\ude02\ud835\uddf2 \ud835\udddd\ud835\uddfc\ud835\uddff\ud835\uddf4\ud835\uddf2 \ud835\udde1\ud835\uddf2\ud835\ude04\ud835\uddef\ud835\uddf2\ud835\uddff\ud835\ude06 \ud835\ude06 \ud835\uddd8\ud835\ude07\ud835\uddf2\ud835\uddf6\ud835\ude07\ud835\uddee\u201d.<\/p>\n\n\n\n<p><\/p>\n\n\n\n<p><\/p>\n","protected":false},"excerpt":{"rendered":"<p>La Asociaci&oacute;n de Pilotos de L&iacute;neas A&eacute;reas (APLA) anunci&oacute; que el pr&oacute;ximo 10 de junio se realizar&aacute; un paro de actividades entre las 18 horas de ese d&iacute;a y las 2 de la madrugada del d&iacute;a siguiente que afectar&aacute; las operaciones de Aerol&iacute;neas Argentinas. No obstante, la empresa sostuvo que las medidas anunciadas por el &hellip; <\/p>\n","protected":false},"author":5,"featured_media":16228,"comment_status":"closed","ping_status":"closed","sticky":false,"template":"","format":"standard","meta":{"om_disable_all_campaigns":false,"_joinchat":[]},"categories":[7,3],"tags":[46,43,569],"featured_image_urls":{"full":["https:\/\/infotep.com.ar\/wp-content\/uploads\/2024\/09\/aerolineas.webp",1054,720,false],"thumbnail":["https:\/\/infotep.com.ar\/wp-content\/uploads\/2024\/09\/aerolineas-150x150.webp",150,150,true],"medium":["https:\/\/infotep.com.ar\/wp-content\/uploads\/2024\/09\/aerolineas-300x205.webp",300,205,true],"medium_large":["https:\/\/infotep.com.ar\/wp-content\/uploads\/2024\/09\/aerolineas-768x525.webp",768,525,true],"large":["https:\/\/infotep.com.ar\/wp-content\/uploads\/2024\/09\/aerolineas-1024x700.webp",1020,697,true],"1536x1536":["https:\/\/infotep.com.ar\/wp-content\/uploads\/2024\/09\/aerolineas.webp",1054,720,false],"2048x2048":["https:\/\/infotep.com.ar\/wp-content\/uploads\/2024\/09\/aerolineas.webp",1054,720,false],"blossom-feminine-slider":["https:\/\/infotep.com.ar\/wp-content\/uploads\/2024\/09\/aerolineas-1054x649.webp",1054,649,true],"blossom-feminine-featured":["https:\/\/infotep.com.ar\/wp-content\/uploads\/2024\/09\/aerolineas-1054x600.webp",1054,600,true],"blossom-feminine-with-sidebar":["https:\/\/infotep.com.ar\/wp-content\/uploads\/2024\/09\/aerolineas-1020x600.webp",1020,600,true],"blossom-feminine-blog":["https:\/\/infotep.com.ar\/wp-content\/uploads\/2024\/09\/aerolineas-435x435.webp",435,435,true],"blossom-feminine-cat":["https:\/\/infotep.com.ar\/wp-content\/uploads\/2024\/09\/aerolineas-450x300.webp",450,300,true],"blossom-feminine-related":["https:\/\/infotep.com.ar\/wp-content\/uploads\/2024\/09\/aerolineas-320x200.webp",320,200,true],"blossom-feminine-schema":["https:\/\/infotep.com.ar\/wp-content\/uploads\/2024\/09\/aerolineas-88x60.webp",88,60,true],"blossom-mommy-blog-slider-big":["https:\/\/infotep.com.ar\/wp-content\/uploads\/2024\/09\/aerolineas-920x650.webp",920,650,true],"blossom-mommy-blog-slider":["https:\/\/infotep.com.ar\/wp-content\/uploads\/2024\/09\/aerolineas-460x310.webp",460,310,true],"blossom-mommy-blog-two":["https:\/\/infotep.com.ar\/wp-content\/uploads\/2024\/09\/aerolineas-768x480.webp",768,480,true]},"author_info":{"info":["Angela Tobar"]},"category_info":"<a href=\"https:\/\/infotep.com.ar\/index.php\/category\/gremios\/\" rel=\"category tag\">Gremios<\/a> <a href=\"https:\/\/infotep.com.ar\/index.php\/category\/nacionales\/\" rel=\"category tag\">Nacionales<\/a>","tag_info":"Nacionales","comment_count":"0","_links":{"self":[{"href":"https:\/\/infotep.com.ar\/index.php\/wp-json\/wp\/v2\/posts\/24381"}],"collection":[{"href":"https:\/\/infotep.com.ar\/index.php\/wp-json\/wp\/v2\/posts"}],"about":[{"href":"https:\/\/infotep.com.ar\/index.php\/wp-json\/wp\/v2\/types\/post"}],"author":[{"embeddable":true,"href":"https:\/\/infotep.com.ar\/index.php\/wp-json\/wp\/v2\/users\/5"}],"replies":[{"embeddable":true,"href":"https:\/\/infotep.com.ar\/index.php\/wp-json\/wp\/v2\/comments?post=24381"}],"version-history":[{"count":1,"href":"https:\/\/infotep.com.ar\/index.php\/wp-json\/wp\/v2\/posts\/24381\/revisions"}],"predecessor-version":[{"id":24382,"href":"https:\/\/infotep.com.ar\/index.php\/wp-json\/wp\/v2\/posts\/24381\/revisions\/24382"}],"wp:featuredmedia":[{"embeddable":true,"href":"https:\/\/infotep.com.ar\/index.php\/wp-json\/wp\/v2\/media\/16228"}],"wp:attachment":[{"href":"https:\/\/infotep.com.ar\/index.php\/wp-json\/wp\/v2\/media?parent=24381"}],"wp:term":[{"taxonomy":"category","embeddable":true,"href":"https:\/\/infotep.com.ar\/index.php\/wp-json\/wp\/v2\/categories?post=24381"},{"taxonomy":"post_tag","embeddable":true,"href":"https:\/\/infotep.com.ar\/index.php\/wp-json\/wp\/v2\/tags?post=24381"}],"curies":[{"name":"wp","href":"https:\/\/api.w.org\/{rel}","templated":true}]}}