{"id":24493,"date":"2025-06-05T20:36:55","date_gmt":"2025-06-05T23:36:55","guid":{"rendered":"https:\/\/infotep.com.ar\/?p=24493"},"modified":"2025-06-05T20:40:47","modified_gmt":"2025-06-05T23:40:47","slug":"elecciones-misiones-2025-quienes-son-los-principales-candidatos","status":"publish","type":"post","link":"https:\/\/infotep.com.ar\/index.php\/2025\/06\/05\/elecciones-misiones-2025-quienes-son-los-principales-candidatos\/","title":{"rendered":"Elecciones Misiones 2025: qui\u00e9nes son los principales candidatos"},"content":{"rendered":"\n<p>El pr\u00f3ximo domingo ser\u00e1n las elecciones para diputados en Misiones. Los 12 partidos y frentes que se presentan. <\/p>\n\n\n\n<figure class=\"wp-block-audio\"><audio controls src=\"https:\/\/infotep.com.ar\/wp-content\/uploads\/2025\/06\/TODO-ES-POLITICA-4-6-25-2-mp3cut.net_.mp3\"><\/audio><\/figure>\n\n\n\n<p><br><br>El docente y comunicador Rub\u00e9n Magliotti detall\u00f3 en el programa Todo es Pol\u00edtica que el domingo 8 de junio Misiones celebrar\u00e1 las elecciones legislativas para renovar la C\u00e1mara de Diputados provincial. Los ciudadanos empadronados deber\u00e1n acercarse esa fecha a las urnas para dar su voto.<\/p>\n\n\n\n<p>Al igual que la mayor\u00eda de los distritos, la jurisdicci\u00f3n desdobl\u00f3 sus elecciones locales de las nacionales. Se elegir\u00e1 a 20 diputados provinciales y 7 suplentes, y habr\u00e1 votaci\u00f3n en diez Concejos Deliberantes, adem\u00e1s de la elecci\u00f3n del defensor del pueblo en Ober\u00e1.<br><br><strong>Cu\u00e1les son las listas que se presentan<\/strong><br><\/p>\n\n\n\n<figure class=\"wp-block-image size-full\"><img decoding=\"async\" loading=\"lazy\" width=\"937\" height=\"521\" src=\"https:\/\/infotep.com.ar\/wp-content\/uploads\/2025\/06\/WhatsApp-Image-2025-06-05-at-12.38.15.jpeg\" alt=\"\" class=\"wp-image-24494\" srcset=\"https:\/\/infotep.com.ar\/wp-content\/uploads\/2025\/06\/WhatsApp-Image-2025-06-05-at-12.38.15.jpeg 937w, https:\/\/infotep.com.ar\/wp-content\/uploads\/2025\/06\/WhatsApp-Image-2025-06-05-at-12.38.15-300x167.jpeg 300w, https:\/\/infotep.com.ar\/wp-content\/uploads\/2025\/06\/WhatsApp-Image-2025-06-05-at-12.38.15-768x427.jpeg 768w, https:\/\/infotep.com.ar\/wp-content\/uploads\/2025\/06\/WhatsApp-Image-2025-06-05-at-12.38.15-108x60.jpeg 108w\" sizes=\"(max-width: 937px) 100vw, 937px\" \/><\/figure>\n\n\n\n<p><strong><br><\/strong>Se presentan en las elecciones un total de 12 fuerzas pol\u00edticas. A continuaci\u00f3n, todas las listas de las elecciones en Misiones y su primer candidato:<br><strong>Frente Renovador de la Concordanci<\/strong>a: Sebasti\u00e1n Horacio Mac\u00edas (Lista 900)<br><strong>La Libertad Avanza:<\/strong> Diego Gabriel Hartfield (Lista 96)<br><strong>Agrario y Social:<\/strong> H\u00e9ctor Orlando \u201cCacho\u201d Barbaro (Lista 184)<br><strong>Confluencia Popular por la Patria:<\/strong> Olga M\u00f3nica Gurina (Lista 901)<br><strong>Frente Unidos por el Futuro:<\/strong> Nicol\u00e1s Santiago \u201cSanti\u201d Koch (Lista 902)<br><strong>Movimiento Positivo:<\/strong> Gabriel Conrado Nielsen (Lista 641)<br><strong>Partido de Integraci\u00f3n y Militancia<\/strong>: Roberto Juan Cavalheiro (Lista 644)<br><strong>Partido del Obrero:<\/strong> An\u00edbal Rub\u00e9n \u201cTato\u201d Zeretzki (Lista 71)<br><strong>Partido Dem\u00f3crata<\/strong>: Nelly Zart (Lista 654)<br><strong>Partido Libertario<\/strong>: Mart\u00edn Alfredo Arjol (Lista 657)<br><strong>Por la Vida y los Valores:<\/strong> Ram\u00f3n \u00d3scar Amarilla (Lista 653)<br><strong>Tierra, Techo y Trabajo<\/strong>: Mart\u00edn An\u00edbal Sereno (Lista 656)<\/p>\n\n\n\n<p class=\"has-light-green-cyan-background-color has-background\"><strong>Los principales candidatos para las elecciones Misiones 2025<\/strong><\/p>\n\n\n\n<figure class=\"wp-block-image size-full\"><img decoding=\"async\" loading=\"lazy\" width=\"935\" height=\"531\" src=\"https:\/\/infotep.com.ar\/wp-content\/uploads\/2025\/06\/WhatsApp-Image-2025-06-05-at-12.38.15-1.jpeg\" alt=\"\" class=\"wp-image-24495\" srcset=\"https:\/\/infotep.com.ar\/wp-content\/uploads\/2025\/06\/WhatsApp-Image-2025-06-05-at-12.38.15-1.jpeg 935w, https:\/\/infotep.com.ar\/wp-content\/uploads\/2025\/06\/WhatsApp-Image-2025-06-05-at-12.38.15-1-300x170.jpeg 300w, https:\/\/infotep.com.ar\/wp-content\/uploads\/2025\/06\/WhatsApp-Image-2025-06-05-at-12.38.15-1-768x436.jpeg 768w, https:\/\/infotep.com.ar\/wp-content\/uploads\/2025\/06\/WhatsApp-Image-2025-06-05-at-12.38.15-1-106x60.jpeg 106w\" sizes=\"(max-width: 935px) 100vw, 935px\" \/><\/figure>\n\n\n\n<p><strong><br>Sebasti\u00e1n Horacio Mac\u00edas<\/strong><strong><br><\/strong>Ingeniero, actualmente ocupa la presidencia de la Direcci\u00f3n Provincial de Vialidad de Misiones y del Club Atl\u00e9tico Bartolom\u00e9 Mitre. Mac\u00edas es reconocido como una de las figuras j\u00f3venes del oficialismo provincial, lo que lo posiciona como un referente dentro del espacio pol\u00edtico gobernante.<\/p>\n\n\n\n<p><strong>Diego Gabriel Hartfield<br><\/strong>El extenista profesional y agente de bolsa, que dio un giro hacia la pol\u00edtica, se alinea con el espacio liberal liderado por Javier Milei, y en sus redes sociales se lo vio junto a Luis Caputo, Manuel Adorni y Mart\u00edn Menem, todos vinculados a La Libertad Avanza.<\/p>\n\n\n\n<p><strong>C\u00f3mo se vota en Misiones<br><\/strong>En la provincia de Misiones rige la Ley de Lemas para algunos de sus cargos, lo que habilita a que cada partido o alianza constituya un lema, del cual se desprenden sublemas que suman sus votos a la hora del escrutinio.<br>De esta manera, la fuerza pol\u00edtica que se proclama como ganadora ser\u00e1 el lema que obtuvo m\u00e1s sufragios, sin considerar si fue el candidato m\u00e1s elegido o no por el electorado.<br>En Misiones, la Ley de Lemas rige desde 2006 y solamente se utiliza para las categor\u00edas municipales (intendente y concejales).<\/p>\n","protected":false},"excerpt":{"rendered":"<p>El pr&oacute;ximo domingo ser&aacute;n las elecciones para diputados en Misiones. Los 12 partidos y frentes que se presentan. El docente y comunicador Rub&eacute;n Magliotti detall&oacute; en el programa Todo es Pol&iacute;tica que el domingo 8 de junio Misiones celebrar&aacute; las elecciones legislativas para renovar la C&aacute;mara de Diputados provincial. Los ciudadanos empadronados deber&aacute;n acercarse esa &hellip; <\/p>\n","protected":false},"author":5,"featured_media":23581,"comment_status":"closed","ping_status":"closed","sticky":false,"template":"","format":"standard","meta":{"om_disable_all_campaigns":false,"_joinchat":[]},"categories":[3],"tags":[46,43,569],"featured_image_urls":{"full":["https:\/\/infotep.com.ar\/wp-content\/uploads\/2025\/05\/padron-elecciones.jpg",1024,578,false],"thumbnail":["https:\/\/infotep.com.ar\/wp-content\/uploads\/2025\/05\/padron-elecciones-150x150.jpg",150,150,true],"medium":["https:\/\/infotep.com.ar\/wp-content\/uploads\/2025\/05\/padron-elecciones-300x169.jpg",300,169,true],"medium_large":["https:\/\/infotep.com.ar\/wp-content\/uploads\/2025\/05\/padron-elecciones-768x434.jpg",768,434,true],"large":["https:\/\/infotep.com.ar\/wp-content\/uploads\/2025\/05\/padron-elecciones.jpg",1020,576,false],"1536x1536":["https:\/\/infotep.com.ar\/wp-content\/uploads\/2025\/05\/padron-elecciones.jpg",1024,578,false],"2048x2048":["https:\/\/infotep.com.ar\/wp-content\/uploads\/2025\/05\/padron-elecciones.jpg",1024,578,false],"blossom-feminine-slider":["https:\/\/infotep.com.ar\/wp-content\/uploads\/2025\/05\/padron-elecciones.jpg",1024,578,false],"blossom-feminine-featured":["https:\/\/infotep.com.ar\/wp-content\/uploads\/2025\/05\/padron-elecciones.jpg",1024,578,false],"blossom-feminine-with-sidebar":["https:\/\/infotep.com.ar\/wp-content\/uploads\/2025\/05\/padron-elecciones-1020x578.jpg",1020,578,true],"blossom-feminine-blog":["https:\/\/infotep.com.ar\/wp-content\/uploads\/2025\/05\/padron-elecciones-435x435.jpg",435,435,true],"blossom-feminine-cat":["https:\/\/infotep.com.ar\/wp-content\/uploads\/2025\/05\/padron-elecciones-450x300.jpg",450,300,true],"blossom-feminine-related":["https:\/\/infotep.com.ar\/wp-content\/uploads\/2025\/05\/padron-elecciones-320x200.jpg",320,200,true],"blossom-feminine-schema":["https:\/\/infotep.com.ar\/wp-content\/uploads\/2025\/05\/padron-elecciones-106x60.jpg",106,60,true],"blossom-mommy-blog-slider-big":["https:\/\/infotep.com.ar\/wp-content\/uploads\/2025\/05\/padron-elecciones-920x578.jpg",920,578,true],"blossom-mommy-blog-slider":["https:\/\/infotep.com.ar\/wp-content\/uploads\/2025\/05\/padron-elecciones-460x310.jpg",460,310,true],"blossom-mommy-blog-two":["https:\/\/infotep.com.ar\/wp-content\/uploads\/2025\/05\/padron-elecciones-768x480.jpg",768,480,true]},"author_info":{"info":["Angela Tobar"]},"category_info":"<a href=\"https:\/\/infotep.com.ar\/index.php\/category\/nacionales\/\" rel=\"category tag\">Nacionales<\/a>","tag_info":"Nacionales","comment_count":"0","_links":{"self":[{"href":"https:\/\/infotep.com.ar\/index.php\/wp-json\/wp\/v2\/posts\/24493"}],"collection":[{"href":"https:\/\/infotep.com.ar\/index.php\/wp-json\/wp\/v2\/posts"}],"about":[{"href":"https:\/\/infotep.com.ar\/index.php\/wp-json\/wp\/v2\/types\/post"}],"author":[{"embeddable":true,"href":"https:\/\/infotep.com.ar\/index.php\/wp-json\/wp\/v2\/users\/5"}],"replies":[{"embeddable":true,"href":"https:\/\/infotep.com.ar\/index.php\/wp-json\/wp\/v2\/comments?post=24493"}],"version-history":[{"count":2,"href":"https:\/\/infotep.com.ar\/index.php\/wp-json\/wp\/v2\/posts\/24493\/revisions"}],"predecessor-version":[{"id":24501,"href":"https:\/\/infotep.com.ar\/index.php\/wp-json\/wp\/v2\/posts\/24493\/revisions\/24501"}],"wp:featuredmedia":[{"embeddable":true,"href":"https:\/\/infotep.com.ar\/index.php\/wp-json\/wp\/v2\/media\/23581"}],"wp:attachment":[{"href":"https:\/\/infotep.com.ar\/index.php\/wp-json\/wp\/v2\/media?parent=24493"}],"wp:term":[{"taxonomy":"category","embeddable":true,"href":"https:\/\/infotep.com.ar\/index.php\/wp-json\/wp\/v2\/categories?post=24493"},{"taxonomy":"post_tag","embeddable":true,"href":"https:\/\/infotep.com.ar\/index.php\/wp-json\/wp\/v2\/tags?post=24493"}],"curies":[{"name":"wp","href":"https:\/\/api.w.org\/{rel}","templated":true}]}}