{"id":24604,"date":"2025-06-08T17:46:56","date_gmt":"2025-06-08T20:46:56","guid":{"rendered":"https:\/\/infotep.com.ar\/?p=24604"},"modified":"2025-06-08T17:46:56","modified_gmt":"2025-06-08T20:46:56","slug":"tras-recuperar-la-libertad-juan-grabois-lanzo-su-candidatura-presidencial-2027","status":"publish","type":"post","link":"https:\/\/infotep.com.ar\/index.php\/2025\/06\/08\/tras-recuperar-la-libertad-juan-grabois-lanzo-su-candidatura-presidencial-2027\/","title":{"rendered":"Tras recuperar la libertad, Juan Grabois lanz\u00f3 su candidatura presidencial 2027"},"content":{"rendered":"\n<p>El referente de Patria Grande denunci\u00f3 las condiciones de trabajo de la Polic\u00eda Federal y arremeti\u00f3 contra Patricia Bullrich. &#8220;Es inhumano&#8221;, asegur\u00f3.<br><\/p>\n\n\n\n<p>Tras recuperar la libertad luego de haber sido detenido por la toma del Instituto Juan Domingo Per\u00f3n, el dirigente social y referente de Patria Grande, Juan Grabois, sorprendi\u00f3 al lanzar su precandidatura presidencial para 2027 y denunciar las condiciones de trabajo de la Polic\u00eda Federal. \u201cLe agradezco a la ministra Bullrich por permitirme conocer el p\u00e9simo estado en el que trabaja la Polic\u00eda Federal. Es de lo peor que vi en toda mi vida\u201d, afirm\u00f3.<\/p>\n\n\n\n<p><strong>En un encendido discurso tras salir de la Alcaid\u00eda de Madariaga, Grabois critic\u00f3 duramente al gobierno nacional y, en especial, a la ministra de Seguridad. \u201cSe golpean el pecho con la seguridad, pero tienen a todo el personal policial en condiciones inhumanas. Oficinas vetustas, sin calefacci\u00f3n, con ratas. Estoy hablando del personal policial, no de los internos -que ni vi-, porque lo que vi fue suficiente\u201d, sostuvo.<\/strong><\/p>\n\n\n\n<p class=\"has-light-green-cyan-background-color has-background\">Adem\u00e1s, detall\u00f3: \u201cLas computadoras son del a\u00f1o 1984, no tienen sistema, no tienen recursos. Es realmente indigno. Una de las cosas que voy a cambiar cuando sea presidente es precisamente esto: no se puede sostener un sistema de seguridad con trabajadores abandonados\u201d.<\/p>\n\n\n\n<p>El dirigente, que ya se hab\u00eda manifestado contra la disoluci\u00f3n del Instituto Per\u00f3n y la &#8220;criminalizaci\u00f3n de la protesta&#8221;, redobl\u00f3 su apuesta y se mostr\u00f3 dispuesto a capitalizar su detenci\u00f3n pol\u00edticamente. \u201cEsto fue una gran experiencia. En la universidad, en las villas m\u00e1s duras, en los penales, vi cosas duras. Pero esto fue revelador. Y les digo: no nos sacaron la bandera, y no nos van a parar\u201d, afirm\u00f3.<\/p>\n\n\n\n<p>Desde su espacio, se\u00f1alaron que Grabois buscar\u00e1 \u201crepresentar una alternativa al modelo represivo y de exclusi\u00f3n que impulsa el gobierno de Milei\u201d y prometen recorrer el pa\u00eds para fortalecer una candidatura \u201ccon identidad nacional, justicia social y derechos humanos\u201d.<\/p>\n\n\n\n<p>De este modo, Juan Grabois no solo sali\u00f3 a cuestionar al gobierno tras su breve paso por una celda, sino que transform\u00f3 su detenci\u00f3n en una plataforma para proyectarse electoralmente. \u201cUna vez m\u00e1s, desde abajo y con los de abajo. Nos quieren quebrar, pero cada intento de represi\u00f3n nos fortalece. El 2027 empieza ahora\u201d, concluy\u00f3.<\/p>\n","protected":false},"excerpt":{"rendered":"<p>El referente de Patria Grande denunci&oacute; las condiciones de trabajo de la Polic&iacute;a Federal y arremeti&oacute; contra Patricia Bullrich. &ldquo;Es inhumano&rdquo;, asegur&oacute;. Tras recuperar la libertad luego de haber sido detenido por la toma del Instituto Juan Domingo Per&oacute;n, el dirigente social y referente de Patria Grande, Juan Grabois, sorprendi&oacute; al lanzar su precandidatura presidencial &hellip; <\/p>\n","protected":false},"author":5,"featured_media":4677,"comment_status":"closed","ping_status":"closed","sticky":false,"template":"","format":"standard","meta":{"om_disable_all_campaigns":false,"_joinchat":[]},"categories":[3],"tags":[46,43,569],"featured_image_urls":{"full":["https:\/\/infotep.com.ar\/wp-content\/uploads\/2023\/04\/juan-grabois-1534548.jpg",950,534,false],"thumbnail":["https:\/\/infotep.com.ar\/wp-content\/uploads\/2023\/04\/juan-grabois-1534548-150x150.jpg",150,150,true],"medium":["https:\/\/infotep.com.ar\/wp-content\/uploads\/2023\/04\/juan-grabois-1534548-300x169.jpg",300,169,true],"medium_large":["https:\/\/infotep.com.ar\/wp-content\/uploads\/2023\/04\/juan-grabois-1534548-768x432.jpg",768,432,true],"large":["https:\/\/infotep.com.ar\/wp-content\/uploads\/2023\/04\/juan-grabois-1534548.jpg",950,534,false],"1536x1536":["https:\/\/infotep.com.ar\/wp-content\/uploads\/2023\/04\/juan-grabois-1534548.jpg",950,534,false],"2048x2048":["https:\/\/infotep.com.ar\/wp-content\/uploads\/2023\/04\/juan-grabois-1534548.jpg",950,534,false],"blossom-feminine-slider":["https:\/\/infotep.com.ar\/wp-content\/uploads\/2023\/04\/juan-grabois-1534548.jpg",950,534,false],"blossom-feminine-featured":["https:\/\/infotep.com.ar\/wp-content\/uploads\/2023\/04\/juan-grabois-1534548.jpg",950,534,false],"blossom-feminine-with-sidebar":["https:\/\/infotep.com.ar\/wp-content\/uploads\/2023\/04\/juan-grabois-1534548.jpg",950,534,false],"blossom-feminine-blog":["https:\/\/infotep.com.ar\/wp-content\/uploads\/2023\/04\/juan-grabois-1534548-435x435.jpg",435,435,true],"blossom-feminine-cat":["https:\/\/infotep.com.ar\/wp-content\/uploads\/2023\/04\/juan-grabois-1534548-450x300.jpg",450,300,true],"blossom-feminine-related":["https:\/\/infotep.com.ar\/wp-content\/uploads\/2023\/04\/juan-grabois-1534548-320x200.jpg",320,200,true],"blossom-feminine-schema":["https:\/\/infotep.com.ar\/wp-content\/uploads\/2023\/04\/juan-grabois-1534548-107x60.jpg",107,60,true],"blossom-mommy-blog-slider-big":["https:\/\/infotep.com.ar\/wp-content\/uploads\/2023\/04\/juan-grabois-1534548-920x534.jpg",920,534,true],"blossom-mommy-blog-slider":["https:\/\/infotep.com.ar\/wp-content\/uploads\/2023\/04\/juan-grabois-1534548-460x310.jpg",460,310,true],"blossom-mommy-blog-two":["https:\/\/infotep.com.ar\/wp-content\/uploads\/2023\/04\/juan-grabois-1534548-768x480.jpg",768,480,true]},"author_info":{"info":["Angela Tobar"]},"category_info":"<a href=\"https:\/\/infotep.com.ar\/index.php\/category\/nacionales\/\" rel=\"category tag\">Nacionales<\/a>","tag_info":"Nacionales","comment_count":"0","_links":{"self":[{"href":"https:\/\/infotep.com.ar\/index.php\/wp-json\/wp\/v2\/posts\/24604"}],"collection":[{"href":"https:\/\/infotep.com.ar\/index.php\/wp-json\/wp\/v2\/posts"}],"about":[{"href":"https:\/\/infotep.com.ar\/index.php\/wp-json\/wp\/v2\/types\/post"}],"author":[{"embeddable":true,"href":"https:\/\/infotep.com.ar\/index.php\/wp-json\/wp\/v2\/users\/5"}],"replies":[{"embeddable":true,"href":"https:\/\/infotep.com.ar\/index.php\/wp-json\/wp\/v2\/comments?post=24604"}],"version-history":[{"count":1,"href":"https:\/\/infotep.com.ar\/index.php\/wp-json\/wp\/v2\/posts\/24604\/revisions"}],"predecessor-version":[{"id":24605,"href":"https:\/\/infotep.com.ar\/index.php\/wp-json\/wp\/v2\/posts\/24604\/revisions\/24605"}],"wp:featuredmedia":[{"embeddable":true,"href":"https:\/\/infotep.com.ar\/index.php\/wp-json\/wp\/v2\/media\/4677"}],"wp:attachment":[{"href":"https:\/\/infotep.com.ar\/index.php\/wp-json\/wp\/v2\/media?parent=24604"}],"wp:term":[{"taxonomy":"category","embeddable":true,"href":"https:\/\/infotep.com.ar\/index.php\/wp-json\/wp\/v2\/categories?post=24604"},{"taxonomy":"post_tag","embeddable":true,"href":"https:\/\/infotep.com.ar\/index.php\/wp-json\/wp\/v2\/tags?post=24604"}],"curies":[{"name":"wp","href":"https:\/\/api.w.org\/{rel}","templated":true}]}}