{"id":24683,"date":"2025-06-10T11:17:07","date_gmt":"2025-06-10T14:17:07","guid":{"rendered":"https:\/\/infotep.com.ar\/?p=24683"},"modified":"2025-06-10T11:17:08","modified_gmt":"2025-06-10T14:17:08","slug":"espinoza-se-refirio-al-intento-de-proscripcion-a-cristina","status":"publish","type":"post","link":"https:\/\/infotep.com.ar\/index.php\/2025\/06\/10\/espinoza-se-refirio-al-intento-de-proscripcion-a-cristina\/","title":{"rendered":"Espinoza se refiri\u00f3 al intento de proscripci\u00f3n a Cristina"},"content":{"rendered":"\n<p>El intendente de La Matanza y presidente de la Federaci\u00f3n Argentina de Municipios (FAM), Fernando Espinoza, comparti\u00f3 una reflexi\u00f3n ante el intento de proscripci\u00f3n a Cristina Fern\u00e1ndez de Kirchner, y extendi\u00f3 un mensaje en el D\u00eda de la Resistencia Peronista.<\/p>\n\n\n\n<p>El jefe comunalanaliz\u00f3 que &#8220;hace 69 a\u00f1os, quisieron borrar al peronismo con proscripciones, desapariciones, persecuciones y represi\u00f3n. Pero frente al intento de silenciar al pueblo, naci\u00f3 la resistencia peronista. Esa noche un grupo de patriotas se levant\u00f3 en defensa de la democracia y la justicia social&#8221;.<\/p>\n\n\n\n<p>Y agreg\u00f3; &#8220;La respuesta fue brutal: fusilamientos clandestinos y sangre obrera derramada en los basurales de Jos\u00e9 Le\u00f3n Su\u00e1rez. La dictadura crey\u00f3 que pod\u00eda silenciar a esa fuerza colectiva, pero lo que hicieron fue encender una llama que sigue m\u00e1s viva que nunca&#8221;.<\/p>\n\n\n\n<p>Por lo que realiz\u00f3 una analog\u00eda con la actualidad pol\u00edtica: &#8220;Hoy, frente a nuevos intentos de arrasar con los derechos, la historia nos convoca una vez m\u00e1s. Sin una prueba quieren condenar y proscribir a Cristina&#8221;.<\/p>\n\n\n\n<p>&#8220;El peronismo sufri\u00f3 persecuci\u00f3n muchas veces y sabemos que es para disciplinar a los que luchan y representan. \u00a1Basta de persecuci\u00f3n y partido judicial!&#8221;, exigi\u00f3.<\/p>\n\n\n\n<p>Y reafirm\u00f3: &#8220;Somos parte de esa misma lucha: por la justicia social, por los derechos que nos sacaron y que nos quieren sacar, por el trabajo, por el futuro de las nuevas generaciones. Porque donde hay una necesidad, nace un derecho y donde hay un peronista, hay compromiso con el pueblo&#8221;.<\/p>\n\n\n\n<p>Finaliz\u00f3 la reflexi\u00f3n al asegurar que &#8220;Unidos en las elecciones de este a\u00f1o vamos a ponerle un freno a Milei y al desastre econ\u00f3mico en el que est\u00e1 hundiendo a los argentinos&#8221;.<\/p>\n","protected":false},"excerpt":{"rendered":"<p>El intendente de La Matanza y presidente de la Federaci&oacute;n Argentina de Municipios (FAM), Fernando Espinoza, comparti&oacute; una reflexi&oacute;n ante el intento de proscripci&oacute;n a Cristina Fern&aacute;ndez de Kirchner, y extendi&oacute; un mensaje en el D&iacute;a de la Resistencia Peronista. El jefe comunalanaliz&oacute; que &ldquo;hace 69 a&ntilde;os, quisieron borrar al peronismo con proscripciones, desapariciones, persecuciones &hellip; <\/p>\n","protected":false},"author":5,"featured_media":22049,"comment_status":"closed","ping_status":"closed","sticky":false,"template":"","format":"standard","meta":{"om_disable_all_campaigns":false,"_joinchat":[]},"categories":[31,26],"tags":[46,43,569],"featured_image_urls":{"full":["https:\/\/infotep.com.ar\/wp-content\/uploads\/2025\/03\/048-Desde-La-Matanza-Fernando-Espinoza-convoco-a-todos-los-sectores-a-conformar-un-gran-frente-amplio-electoral-2.jpeg",1600,1066,false],"thumbnail":["https:\/\/infotep.com.ar\/wp-content\/uploads\/2025\/03\/048-Desde-La-Matanza-Fernando-Espinoza-convoco-a-todos-los-sectores-a-conformar-un-gran-frente-amplio-electoral-2-150x150.jpeg",150,150,true],"medium":["https:\/\/infotep.com.ar\/wp-content\/uploads\/2025\/03\/048-Desde-La-Matanza-Fernando-Espinoza-convoco-a-todos-los-sectores-a-conformar-un-gran-frente-amplio-electoral-2-300x200.jpeg",300,200,true],"medium_large":["https:\/\/infotep.com.ar\/wp-content\/uploads\/2025\/03\/048-Desde-La-Matanza-Fernando-Espinoza-convoco-a-todos-los-sectores-a-conformar-un-gran-frente-amplio-electoral-2-768x512.jpeg",768,512,true],"large":["https:\/\/infotep.com.ar\/wp-content\/uploads\/2025\/03\/048-Desde-La-Matanza-Fernando-Espinoza-convoco-a-todos-los-sectores-a-conformar-un-gran-frente-amplio-electoral-2-1024x682.jpeg",1020,679,true],"1536x1536":["https:\/\/infotep.com.ar\/wp-content\/uploads\/2025\/03\/048-Desde-La-Matanza-Fernando-Espinoza-convoco-a-todos-los-sectores-a-conformar-un-gran-frente-amplio-electoral-2-1536x1023.jpeg",1536,1023,true],"2048x2048":["https:\/\/infotep.com.ar\/wp-content\/uploads\/2025\/03\/048-Desde-La-Matanza-Fernando-Espinoza-convoco-a-todos-los-sectores-a-conformar-un-gran-frente-amplio-electoral-2.jpeg",1600,1066,false],"blossom-feminine-slider":["https:\/\/infotep.com.ar\/wp-content\/uploads\/2025\/03\/048-Desde-La-Matanza-Fernando-Espinoza-convoco-a-todos-los-sectores-a-conformar-un-gran-frente-amplio-electoral-2-1600x649.jpeg",1600,649,true],"blossom-feminine-featured":["https:\/\/infotep.com.ar\/wp-content\/uploads\/2025\/03\/048-Desde-La-Matanza-Fernando-Espinoza-convoco-a-todos-los-sectores-a-conformar-un-gran-frente-amplio-electoral-2-1410x600.jpeg",1410,600,true],"blossom-feminine-with-sidebar":["https:\/\/infotep.com.ar\/wp-content\/uploads\/2025\/03\/048-Desde-La-Matanza-Fernando-Espinoza-convoco-a-todos-los-sectores-a-conformar-un-gran-frente-amplio-electoral-2-1020x600.jpeg",1020,600,true],"blossom-feminine-blog":["https:\/\/infotep.com.ar\/wp-content\/uploads\/2025\/03\/048-Desde-La-Matanza-Fernando-Espinoza-convoco-a-todos-los-sectores-a-conformar-un-gran-frente-amplio-electoral-2-435x435.jpeg",435,435,true],"blossom-feminine-cat":["https:\/\/infotep.com.ar\/wp-content\/uploads\/2025\/03\/048-Desde-La-Matanza-Fernando-Espinoza-convoco-a-todos-los-sectores-a-conformar-un-gran-frente-amplio-electoral-2-450x300.jpeg",450,300,true],"blossom-feminine-related":["https:\/\/infotep.com.ar\/wp-content\/uploads\/2025\/03\/048-Desde-La-Matanza-Fernando-Espinoza-convoco-a-todos-los-sectores-a-conformar-un-gran-frente-amplio-electoral-2-320x200.jpeg",320,200,true],"blossom-feminine-schema":["https:\/\/infotep.com.ar\/wp-content\/uploads\/2025\/03\/048-Desde-La-Matanza-Fernando-Espinoza-convoco-a-todos-los-sectores-a-conformar-un-gran-frente-amplio-electoral-2-90x60.jpeg",90,60,true],"blossom-mommy-blog-slider-big":["https:\/\/infotep.com.ar\/wp-content\/uploads\/2025\/03\/048-Desde-La-Matanza-Fernando-Espinoza-convoco-a-todos-los-sectores-a-conformar-un-gran-frente-amplio-electoral-2-920x650.jpeg",920,650,true],"blossom-mommy-blog-slider":["https:\/\/infotep.com.ar\/wp-content\/uploads\/2025\/03\/048-Desde-La-Matanza-Fernando-Espinoza-convoco-a-todos-los-sectores-a-conformar-un-gran-frente-amplio-electoral-2-460x310.jpeg",460,310,true],"blossom-mommy-blog-two":["https:\/\/infotep.com.ar\/wp-content\/uploads\/2025\/03\/048-Desde-La-Matanza-Fernando-Espinoza-convoco-a-todos-los-sectores-a-conformar-un-gran-frente-amplio-electoral-2-768x480.jpeg",768,480,true]},"author_info":{"info":["Angela Tobar"]},"category_info":"<a href=\"https:\/\/infotep.com.ar\/index.php\/category\/destacadas\/\" rel=\"category tag\">Destacadas<\/a> <a href=\"https:\/\/infotep.com.ar\/index.php\/category\/municipales\/la-matanza\/\" rel=\"category tag\">La Matanza<\/a>","tag_info":"La Matanza","comment_count":"0","_links":{"self":[{"href":"https:\/\/infotep.com.ar\/index.php\/wp-json\/wp\/v2\/posts\/24683"}],"collection":[{"href":"https:\/\/infotep.com.ar\/index.php\/wp-json\/wp\/v2\/posts"}],"about":[{"href":"https:\/\/infotep.com.ar\/index.php\/wp-json\/wp\/v2\/types\/post"}],"author":[{"embeddable":true,"href":"https:\/\/infotep.com.ar\/index.php\/wp-json\/wp\/v2\/users\/5"}],"replies":[{"embeddable":true,"href":"https:\/\/infotep.com.ar\/index.php\/wp-json\/wp\/v2\/comments?post=24683"}],"version-history":[{"count":1,"href":"https:\/\/infotep.com.ar\/index.php\/wp-json\/wp\/v2\/posts\/24683\/revisions"}],"predecessor-version":[{"id":24684,"href":"https:\/\/infotep.com.ar\/index.php\/wp-json\/wp\/v2\/posts\/24683\/revisions\/24684"}],"wp:featuredmedia":[{"embeddable":true,"href":"https:\/\/infotep.com.ar\/index.php\/wp-json\/wp\/v2\/media\/22049"}],"wp:attachment":[{"href":"https:\/\/infotep.com.ar\/index.php\/wp-json\/wp\/v2\/media?parent=24683"}],"wp:term":[{"taxonomy":"category","embeddable":true,"href":"https:\/\/infotep.com.ar\/index.php\/wp-json\/wp\/v2\/categories?post=24683"},{"taxonomy":"post_tag","embeddable":true,"href":"https:\/\/infotep.com.ar\/index.php\/wp-json\/wp\/v2\/tags?post=24683"}],"curies":[{"name":"wp","href":"https:\/\/api.w.org\/{rel}","templated":true}]}}