{"id":24765,"date":"2025-06-12T14:27:26","date_gmt":"2025-06-12T17:27:26","guid":{"rendered":"https:\/\/infotep.com.ar\/?p=24765"},"modified":"2025-06-12T14:34:18","modified_gmt":"2025-06-12T17:34:18","slug":"diputada-brenda-vargas-el-rol-del-peronismo-es-recuperar-la-representacion-y-el-vinculo-de-cercania","status":"publish","type":"post","link":"https:\/\/infotep.com.ar\/index.php\/2025\/06\/12\/diputada-brenda-vargas-el-rol-del-peronismo-es-recuperar-la-representacion-y-el-vinculo-de-cercania\/","title":{"rendered":"Diputada Brenda Vargas \u201cel rol del peronismo es recuperar la representaci\u00f3n y el v\u00ednculo de cercan\u00eda\u201d"},"content":{"rendered":"\n<p>La diputada nacional, Brenda Vargas Matyi, analiz\u00f3 en el programa Todo es Pol\u00edtica el panorama pol\u00edtico, luego de la sentencia a Cristina Fern\u00e1ndez e inhabilitaci\u00f3n a ocupar cargos p\u00fablicos y afirm\u00f3 que \u201cel panorama que tenemos es claro: es de lucha, es de organizaci\u00f3n, de seguir resistiendo en la calle, de no corrernos de la agenda de la gente\u201d.<br><\/p>\n\n\n\n<figure class=\"wp-block-audio\"><audio controls src=\"https:\/\/infotep.com.ar\/wp-content\/uploads\/2025\/06\/NOTA-BRENDA-VARGAS-TEP-11-6-25.mp3\"><\/audio><\/figure>\n\n\n\n<p><br>Y analiz\u00f3: \u201cEsto que le est\u00e1 pasando a Cristina es consecuencia, de haber gobernado con ternura con sensibilidad, con atenci\u00f3n a las causas justas del pueblo\u201d, por lo que agreg\u00f3: \u201cEsta condena no es contra Cristina solamente es contra el peronismo\u201d.<\/p>\n\n\n\n<p>\u201cEsta condena es contra el peronismo\u201d, marc\u00f3 al considerar que en esta realidad es el \u201c\u00fanico partido opositor\u201d.<br><br>\u201cNos encontramos con angustia, pero tambi\u00e9n preguntando c\u00f3mo seguimos adelante, a d\u00f3nde vamos ahora y d\u00f3nde vamos ma\u00f1ana y con claridad vamos a seguir militando la unidad. Desde La Matanza seguimos insistiendo en la unidad y siempre hemos sido leales a Cristina\u201d, argument\u00f3.<br><br><strong>\u201cHoy nos despertamos en un pa\u00eds nuevo, pero sin duda desde La Matanza venimos militando la unidad desde el 2015, y junto a Fernando (Espinoza) y Ver\u00f3nica (Magario) vienen siendo grandes interlocutores para construir esa unidad para ganar\u201d, sostuvo.<\/strong><\/p>\n\n\n\n<p class=\"has-light-green-cyan-background-color has-background\">Y admiti\u00f3 que esa unidad debe ser por medio del di\u00e1logo y entendimiento, porque \u201cLo que hemos aprendido es que la unidad por si misma nos queda corta, se debe seguir debatiendo las posiciones, los puntos de encuentro, que son las que nos va a hacer mas fuerte, y la unidad hoy y en este a\u00f1o es fuertemente ir contra las medidas proscriptivas de la Corte. Y en contra de las medidas de ajuste y de crueldad de Milei. Que la sociedad argentina pueda entender que si van contra el peronismo van contra sus derechos, contra la salud, la educaci\u00f3n, las universidades. Hoy la unidad est\u00e1 bajo ese concepto\u201d.<\/p>\n\n\n\n<p class=\"has-white-background-color has-background\">Finalmente sobre el rol del peronismo y los pasos a seguir en los pr\u00f3ximos meses, analiz\u00f3 que es urgente: \u201crecuperar la representaci\u00f3n y el vinculo de cercan\u00eda con los que viven en nuestros barrios y volver a representar a esos sectores que dejaron de sentirse representados por nosotros\u201d.<\/p>\n","protected":false},"excerpt":{"rendered":"<p>La diputada nacional, Brenda Vargas Matyi, analiz&oacute; en el programa Todo es Pol&iacute;tica el panorama pol&iacute;tico, luego de la sentencia a Cristina Fern&aacute;ndez e inhabilitaci&oacute;n a ocupar cargos p&uacute;blicos y afirm&oacute; que &ldquo;el panorama que tenemos es claro: es de lucha, es de organizaci&oacute;n, de seguir resistiendo en la calle, de no corrernos de la &hellip; <\/p>\n","protected":false},"author":5,"featured_media":14316,"comment_status":"closed","ping_status":"closed","sticky":false,"template":"","format":"standard","meta":{"om_disable_all_campaigns":false,"_joinchat":[]},"categories":[31,26,4],"tags":[46,59,43,569],"featured_image_urls":{"full":["https:\/\/infotep.com.ar\/wp-content\/uploads\/2024\/06\/brenda-vargas.jpg",646,425,false],"thumbnail":["https:\/\/infotep.com.ar\/wp-content\/uploads\/2024\/06\/brenda-vargas-150x150.jpg",150,150,true],"medium":["https:\/\/infotep.com.ar\/wp-content\/uploads\/2024\/06\/brenda-vargas-300x197.jpg",300,197,true],"medium_large":["https:\/\/infotep.com.ar\/wp-content\/uploads\/2024\/06\/brenda-vargas.jpg",646,425,false],"large":["https:\/\/infotep.com.ar\/wp-content\/uploads\/2024\/06\/brenda-vargas.jpg",646,425,false],"1536x1536":["https:\/\/infotep.com.ar\/wp-content\/uploads\/2024\/06\/brenda-vargas.jpg",646,425,false],"2048x2048":["https:\/\/infotep.com.ar\/wp-content\/uploads\/2024\/06\/brenda-vargas.jpg",646,425,false],"blossom-feminine-slider":["https:\/\/infotep.com.ar\/wp-content\/uploads\/2024\/06\/brenda-vargas.jpg",646,425,false],"blossom-feminine-featured":["https:\/\/infotep.com.ar\/wp-content\/uploads\/2024\/06\/brenda-vargas.jpg",646,425,false],"blossom-feminine-with-sidebar":["https:\/\/infotep.com.ar\/wp-content\/uploads\/2024\/06\/brenda-vargas.jpg",646,425,false],"blossom-feminine-blog":["https:\/\/infotep.com.ar\/wp-content\/uploads\/2024\/06\/brenda-vargas-435x425.jpg",435,425,true],"blossom-feminine-cat":["https:\/\/infotep.com.ar\/wp-content\/uploads\/2024\/06\/brenda-vargas-450x300.jpg",450,300,true],"blossom-feminine-related":["https:\/\/infotep.com.ar\/wp-content\/uploads\/2024\/06\/brenda-vargas-320x200.jpg",320,200,true],"blossom-feminine-schema":["https:\/\/infotep.com.ar\/wp-content\/uploads\/2024\/06\/brenda-vargas-91x60.jpg",91,60,true],"blossom-mommy-blog-slider-big":["https:\/\/infotep.com.ar\/wp-content\/uploads\/2024\/06\/brenda-vargas.jpg",646,425,false],"blossom-mommy-blog-slider":["https:\/\/infotep.com.ar\/wp-content\/uploads\/2024\/06\/brenda-vargas-460x310.jpg",460,310,true],"blossom-mommy-blog-two":["https:\/\/infotep.com.ar\/wp-content\/uploads\/2024\/06\/brenda-vargas.jpg",646,425,false]},"author_info":{"info":["Angela Tobar"]},"category_info":"<a href=\"https:\/\/infotep.com.ar\/index.php\/category\/destacadas\/\" rel=\"category tag\">Destacadas<\/a> <a href=\"https:\/\/infotep.com.ar\/index.php\/category\/municipales\/la-matanza\/\" rel=\"category tag\">La Matanza<\/a> <a href=\"https:\/\/infotep.com.ar\/index.php\/category\/provinciales\/\" rel=\"category tag\">Provinciales<\/a>","tag_info":"Provinciales","comment_count":"0","_links":{"self":[{"href":"https:\/\/infotep.com.ar\/index.php\/wp-json\/wp\/v2\/posts\/24765"}],"collection":[{"href":"https:\/\/infotep.com.ar\/index.php\/wp-json\/wp\/v2\/posts"}],"about":[{"href":"https:\/\/infotep.com.ar\/index.php\/wp-json\/wp\/v2\/types\/post"}],"author":[{"embeddable":true,"href":"https:\/\/infotep.com.ar\/index.php\/wp-json\/wp\/v2\/users\/5"}],"replies":[{"embeddable":true,"href":"https:\/\/infotep.com.ar\/index.php\/wp-json\/wp\/v2\/comments?post=24765"}],"version-history":[{"count":2,"href":"https:\/\/infotep.com.ar\/index.php\/wp-json\/wp\/v2\/posts\/24765\/revisions"}],"predecessor-version":[{"id":24770,"href":"https:\/\/infotep.com.ar\/index.php\/wp-json\/wp\/v2\/posts\/24765\/revisions\/24770"}],"wp:featuredmedia":[{"embeddable":true,"href":"https:\/\/infotep.com.ar\/index.php\/wp-json\/wp\/v2\/media\/14316"}],"wp:attachment":[{"href":"https:\/\/infotep.com.ar\/index.php\/wp-json\/wp\/v2\/media?parent=24765"}],"wp:term":[{"taxonomy":"category","embeddable":true,"href":"https:\/\/infotep.com.ar\/index.php\/wp-json\/wp\/v2\/categories?post=24765"},{"taxonomy":"post_tag","embeddable":true,"href":"https:\/\/infotep.com.ar\/index.php\/wp-json\/wp\/v2\/tags?post=24765"}],"curies":[{"name":"wp","href":"https:\/\/api.w.org\/{rel}","templated":true}]}}