{"id":24909,"date":"2025-06-17T18:06:01","date_gmt":"2025-06-17T21:06:01","guid":{"rendered":"https:\/\/infotep.com.ar\/?p=24909"},"modified":"2025-06-17T18:06:02","modified_gmt":"2025-06-17T21:06:02","slug":"pese-a-la-domiciliaria-la-cgt-ratifico-la-marcha-por-cristina-es-para-repudiar-el-fallo","status":"publish","type":"post","link":"https:\/\/infotep.com.ar\/index.php\/2025\/06\/17\/pese-a-la-domiciliaria-la-cgt-ratifico-la-marcha-por-cristina-es-para-repudiar-el-fallo\/","title":{"rendered":"Pese a la domiciliaria, la CGT ratific\u00f3 la marcha por Cristina: \u201cEs para repudiar el fallo\u201d"},"content":{"rendered":"\n<p>Aunque Cristina Kirchner recibi\u00f3 la prisi\u00f3n domiciliaria, la CGT confirm\u00f3 la marcha de este mi\u00e9rcoles. El objetivo ya no es acompa\u00f1arla, sino repudiar el fallo.<\/p>\n\n\n\n<p>La CGT convoc\u00f3 hoy a una \u201cconcentraci\u00f3n popular\u201d este mi\u00e9rcoles por la ex presidenta Cristina Kirchner a pesar de que la titular del PJ ya obtuvo la prisi\u00f3n domiciliaria por parte del tribunal de la causa Vialidad.<\/p>\n\n\n\n<p>\u201cSe ha dispuesto la realizaci\u00f3n de una concentraci\u00f3n popular que manifieste el repudio de una decisi\u00f3n injusta, parcial y arbitraria\u201d, expres\u00f3 la central obrera a trav\u00e9s de un comunicado.<\/p>\n\n\n\n<p>Y a\u00f1adi\u00f3 que aquellos sindicatos que hayan \u201cdispuesto acciones sindicales para manifestarse, quedan liberados para realizar todas las medidas que estimen conducentes en funci\u00f3n de cada una de las actividades que representen\u201d.<\/p>\n\n\n\n<p>La central sindical calific\u00f3 de \u201cinjusta\u201d la condena contra la ex jefa de Estado, y llam\u00f3 a todos los gremios y trabajadores que quieran sumarse a la concentraci\u00f3n para \u201cdar testimonio de acompa\u00f1amiento\u201d.<\/p>\n\n\n\n<p>\u201cLas trabajadoras y los trabajadores tenemos memoria y vamos a manifestarnos en las calles para repudiar la injusta proscripci\u00f3n en defensa de la democracia\u201d, manifest\u00f3 la CGT.<\/p>\n\n\n\n<p>El Tribunal Oral 2 dispuso esta tarde la prisi\u00f3n domiciliaria para Fern\u00e1ndez de Kirchner desde este martes, con lo cual, la ex mandataria no deber\u00e1 presentarse ma\u00f1ana en Comodoro Py.<\/p>\n","protected":false},"excerpt":{"rendered":"<p>Aunque Cristina Kirchner recibi&oacute; la prisi&oacute;n domiciliaria, la CGT confirm&oacute; la marcha de este mi&eacute;rcoles. El objetivo ya no es acompa&ntilde;arla, sino repudiar el fallo. La CGT convoc&oacute; hoy a una &ldquo;concentraci&oacute;n popular&rdquo; este mi&eacute;rcoles por la ex presidenta Cristina Kirchner a pesar de que la titular del PJ ya obtuvo la prisi&oacute;n domiciliaria por &hellip; <\/p>\n","protected":false},"author":5,"featured_media":21700,"comment_status":"closed","ping_status":"closed","sticky":false,"template":"","format":"standard","meta":{"om_disable_all_campaigns":false,"_joinchat":[]},"categories":[7,3],"tags":[46,43,569],"featured_image_urls":{"full":["https:\/\/infotep.com.ar\/wp-content\/uploads\/2025\/03\/cgt.webp",1400,934,false],"thumbnail":["https:\/\/infotep.com.ar\/wp-content\/uploads\/2025\/03\/cgt-150x150.webp",150,150,true],"medium":["https:\/\/infotep.com.ar\/wp-content\/uploads\/2025\/03\/cgt-300x200.webp",300,200,true],"medium_large":["https:\/\/infotep.com.ar\/wp-content\/uploads\/2025\/03\/cgt-768x512.webp",768,512,true],"large":["https:\/\/infotep.com.ar\/wp-content\/uploads\/2025\/03\/cgt-1024x683.webp",1020,680,true],"1536x1536":["https:\/\/infotep.com.ar\/wp-content\/uploads\/2025\/03\/cgt.webp",1400,934,false],"2048x2048":["https:\/\/infotep.com.ar\/wp-content\/uploads\/2025\/03\/cgt.webp",1400,934,false],"blossom-feminine-slider":["https:\/\/infotep.com.ar\/wp-content\/uploads\/2025\/03\/cgt-1400x649.webp",1400,649,true],"blossom-feminine-featured":["https:\/\/infotep.com.ar\/wp-content\/uploads\/2025\/03\/cgt-1400x600.webp",1400,600,true],"blossom-feminine-with-sidebar":["https:\/\/infotep.com.ar\/wp-content\/uploads\/2025\/03\/cgt-1020x600.webp",1020,600,true],"blossom-feminine-blog":["https:\/\/infotep.com.ar\/wp-content\/uploads\/2025\/03\/cgt-435x435.webp",435,435,true],"blossom-feminine-cat":["https:\/\/infotep.com.ar\/wp-content\/uploads\/2025\/03\/cgt-450x300.webp",450,300,true],"blossom-feminine-related":["https:\/\/infotep.com.ar\/wp-content\/uploads\/2025\/03\/cgt-320x200.webp",320,200,true],"blossom-feminine-schema":["https:\/\/infotep.com.ar\/wp-content\/uploads\/2025\/03\/cgt-90x60.webp",90,60,true],"blossom-mommy-blog-slider-big":["https:\/\/infotep.com.ar\/wp-content\/uploads\/2025\/03\/cgt-920x650.webp",920,650,true],"blossom-mommy-blog-slider":["https:\/\/infotep.com.ar\/wp-content\/uploads\/2025\/03\/cgt-460x310.webp",460,310,true],"blossom-mommy-blog-two":["https:\/\/infotep.com.ar\/wp-content\/uploads\/2025\/03\/cgt-768x480.webp",768,480,true]},"author_info":{"info":["Angela Tobar"]},"category_info":"<a href=\"https:\/\/infotep.com.ar\/index.php\/category\/gremios\/\" rel=\"category tag\">Gremios<\/a> <a href=\"https:\/\/infotep.com.ar\/index.php\/category\/nacionales\/\" rel=\"category tag\">Nacionales<\/a>","tag_info":"Nacionales","comment_count":"0","_links":{"self":[{"href":"https:\/\/infotep.com.ar\/index.php\/wp-json\/wp\/v2\/posts\/24909"}],"collection":[{"href":"https:\/\/infotep.com.ar\/index.php\/wp-json\/wp\/v2\/posts"}],"about":[{"href":"https:\/\/infotep.com.ar\/index.php\/wp-json\/wp\/v2\/types\/post"}],"author":[{"embeddable":true,"href":"https:\/\/infotep.com.ar\/index.php\/wp-json\/wp\/v2\/users\/5"}],"replies":[{"embeddable":true,"href":"https:\/\/infotep.com.ar\/index.php\/wp-json\/wp\/v2\/comments?post=24909"}],"version-history":[{"count":1,"href":"https:\/\/infotep.com.ar\/index.php\/wp-json\/wp\/v2\/posts\/24909\/revisions"}],"predecessor-version":[{"id":24910,"href":"https:\/\/infotep.com.ar\/index.php\/wp-json\/wp\/v2\/posts\/24909\/revisions\/24910"}],"wp:featuredmedia":[{"embeddable":true,"href":"https:\/\/infotep.com.ar\/index.php\/wp-json\/wp\/v2\/media\/21700"}],"wp:attachment":[{"href":"https:\/\/infotep.com.ar\/index.php\/wp-json\/wp\/v2\/media?parent=24909"}],"wp:term":[{"taxonomy":"category","embeddable":true,"href":"https:\/\/infotep.com.ar\/index.php\/wp-json\/wp\/v2\/categories?post=24909"},{"taxonomy":"post_tag","embeddable":true,"href":"https:\/\/infotep.com.ar\/index.php\/wp-json\/wp\/v2\/tags?post=24909"}],"curies":[{"name":"wp","href":"https:\/\/api.w.org\/{rel}","templated":true}]}}