{"id":25028,"date":"2025-06-19T18:28:22","date_gmt":"2025-06-19T21:28:22","guid":{"rendered":"https:\/\/infotep.com.ar\/?p=25028"},"modified":"2025-06-19T18:30:30","modified_gmt":"2025-06-19T21:30:30","slug":"preocupacion-por-la-reforma-de-la-policia-federal-se-podra-detener-a-cualquier-ciudadano-sin-orden-judicial","status":"publish","type":"post","link":"https:\/\/infotep.com.ar\/index.php\/2025\/06\/19\/preocupacion-por-la-reforma-de-la-policia-federal-se-podra-detener-a-cualquier-ciudadano-sin-orden-judicial\/","title":{"rendered":"Preocupaci\u00f3n por la reforma de la Polic\u00eda Federal: \u201cPromueve un control mayor de la sociedad\u201d"},"content":{"rendered":"\n<p>Preocupaci\u00f3n por la reforma de la Polic\u00eda Federal \u201cpromueve un control mayor de la sociedad\u201d<br>El gobierno nacional present\u00f3 la reforma de la ley org\u00e1nica de la Polic\u00eda Federal Argentina por decreto, nuevamente evit\u00f3 el debate en el Congreso. De esta manera, se aprueba que agentes de la polic\u00eda puedan realizar tareas de ciber-patrullaje, espionaje y detenci\u00f3n de ciudadanos ante la presunci\u00f3n de que pudiera cometer un delito. Todo sin la necesidad de una orden judicial<\/p>\n\n\n\n<figure class=\"wp-block-audio\"><audio controls src=\"https:\/\/infotep.com.ar\/wp-content\/uploads\/2025\/06\/TEP-18-6-25-mp3cut.net-1-1.mp3\"><\/audio><\/figure>\n\n\n\n<p><\/p>\n\n\n\n<p class=\"has-light-green-cyan-background-color has-background\">. Desde algunos sectores pol\u00edticos, sociales y de derechos humanos, alertan que \u201cla falta de claridad sobre algunos de los cambios normativos permite la criminalizaci\u00f3n de organizaciones, la represi\u00f3n de protestas y el patrullaje en redes sociales\u201d.<br><br><strong>En este contexto, desde Todo es Pol\u00edtica se consult\u00f3 al especialista Martin Dom\u00ednguez, director del Derecho penal y consejero Suplente del Colegio de Abogados de La Matanza, para analizar esta nueva reforma de la PFA que present\u00f3 el gobierno, por medio del Ministerio de Seguridad a cargo de Patricia Bullrich y que intenta emular a la fuerza del FBI.<\/strong><\/p>\n\n\n\n<p><br>Y analiz\u00f3 que no est\u00e1n dadas las condiciones para llegar a trabajar de la manera que lo hace el FBI, tal como se asegur\u00f3 desde el gobierno nacional: \u201cporque falta experiencia y no est\u00e1n las plataformas de control para poner l\u00edmites\u201d.<br><br>Consultado acerca de la situaci\u00f3n de que esta reforma haya sido impuesta por Decreto y no haya pasado por el Congreso, especific\u00f3: \u201cla preocupaci\u00f3n es que se altera el orden jur\u00eddico, en el sentido jer\u00e1rquico, porque las normas tienen su orden, marcan la libertad de los argentinos, y establecemos un marco de libertad en que nos podemos mover y es a partir de ah\u00ed que se establecen mecanismos de control\u201d.<br>Agreg\u00f3: \u201cMediante un Decreto, que es una norma vinculada a la autoridad del Presidente, se alteran los mecanismos constitucionales, y hace que el control de las libertades se caiga y le da lugar a una suerte de discrecionalidad\u201d.<br><br>Y ejemplific\u00f3, que con esta reforma \u201cse da un cheque en blanco para que ma\u00f1ana a uno lo detengan en la calle y no le expliquen por qu\u00e9, y se da paso a que pasado ma\u00f1ana entren a tu casa y despu\u00e9s se llevan tu auto\u201d.<br><br>\u201cNo podemos conceder un poder sin control, y nosotros ya pasamos en este pa\u00eds por \u00e9pocas oscuras donde no se justificaban ese tipo de medidas\u201d, revis\u00f3.<br><br>Por lo que argument\u00f3: \u201cque te detengan por 10 horas o te revisen la cartera no hace a la seguridad, si no que hace al control y las dos cosas a veces no van de la mano, por eso, claro que genera preocupaci\u00f3n porque le estoy dando el control de mi vida a alguien que no conozco\u201d.<br><br>\u201cEst\u00e1 bien que el gobierno determine las pol\u00edticas de seguridad, pero no por eso deben solapadamente empezar a manejar otros intereses que claramente alteran el orden jur\u00eddico\u201d, agreg\u00f3.<\/p>\n\n\n\n<p><br>El abogado marc\u00f3 que esta medida decidida por el gobierno, en un contexto hist\u00f3rico social y pol\u00edtico de protestas y movilizaciones ciudadanas, \u201cclaramente tiene fines opresivos\u201d<\/p>\n\n\n\n<p><br>\u201cSin embargo, se genera una confusi\u00f3n entre lo que se pretende hacer y el discurso que se le da para justificar determinadas pr\u00e1cticas, en la cual se promueve un control mayor de la sociedad y se lo presenta con un discurso a favor de la prevenci\u00f3n\u201d, por lo que se\u00f1al\u00f3 que la finalidad narrativa es \u201cinfundir miedo para generar otras pol\u00edticas\u201d, para lograr mayor control.<br><\/p>\n\n\n\n<p><br><\/p>\n","protected":false},"excerpt":{"rendered":"<p>Preocupaci&oacute;n por la reforma de la Polic&iacute;a Federal &ldquo;promueve un control mayor de la sociedad&rdquo;El gobierno nacional present&oacute; la reforma de la ley org&aacute;nica de la Polic&iacute;a Federal Argentina por decreto, nuevamente evit&oacute; el debate en el Congreso. De esta manera, se aprueba que agentes de la polic&iacute;a puedan realizar tareas de ciber-patrullaje, espionaje y &hellip; <\/p>\n","protected":false},"author":5,"featured_media":25030,"comment_status":"closed","ping_status":"closed","sticky":false,"template":"","format":"standard","meta":{"om_disable_all_campaigns":false,"_joinchat":[]},"categories":[31,26,3],"tags":[46,43,569],"featured_image_urls":{"full":["https:\/\/infotep.com.ar\/wp-content\/uploads\/2025\/06\/policia-federal.jpg",728,485,false],"thumbnail":["https:\/\/infotep.com.ar\/wp-content\/uploads\/2025\/06\/policia-federal-150x150.jpg",150,150,true],"medium":["https:\/\/infotep.com.ar\/wp-content\/uploads\/2025\/06\/policia-federal-300x200.jpg",300,200,true],"medium_large":["https:\/\/infotep.com.ar\/wp-content\/uploads\/2025\/06\/policia-federal.jpg",728,485,false],"large":["https:\/\/infotep.com.ar\/wp-content\/uploads\/2025\/06\/policia-federal.jpg",728,485,false],"1536x1536":["https:\/\/infotep.com.ar\/wp-content\/uploads\/2025\/06\/policia-federal.jpg",728,485,false],"2048x2048":["https:\/\/infotep.com.ar\/wp-content\/uploads\/2025\/06\/policia-federal.jpg",728,485,false],"blossom-feminine-slider":["https:\/\/infotep.com.ar\/wp-content\/uploads\/2025\/06\/policia-federal.jpg",728,485,false],"blossom-feminine-featured":["https:\/\/infotep.com.ar\/wp-content\/uploads\/2025\/06\/policia-federal.jpg",728,485,false],"blossom-feminine-with-sidebar":["https:\/\/infotep.com.ar\/wp-content\/uploads\/2025\/06\/policia-federal.jpg",728,485,false],"blossom-feminine-blog":["https:\/\/infotep.com.ar\/wp-content\/uploads\/2025\/06\/policia-federal-435x435.jpg",435,435,true],"blossom-feminine-cat":["https:\/\/infotep.com.ar\/wp-content\/uploads\/2025\/06\/policia-federal-450x300.jpg",450,300,true],"blossom-feminine-related":["https:\/\/infotep.com.ar\/wp-content\/uploads\/2025\/06\/policia-federal-320x200.jpg",320,200,true],"blossom-feminine-schema":["https:\/\/infotep.com.ar\/wp-content\/uploads\/2025\/06\/policia-federal-90x60.jpg",90,60,true],"blossom-mommy-blog-slider-big":["https:\/\/infotep.com.ar\/wp-content\/uploads\/2025\/06\/policia-federal.jpg",728,485,false],"blossom-mommy-blog-slider":["https:\/\/infotep.com.ar\/wp-content\/uploads\/2025\/06\/policia-federal-460x310.jpg",460,310,true],"blossom-mommy-blog-two":["https:\/\/infotep.com.ar\/wp-content\/uploads\/2025\/06\/policia-federal-728x480.jpg",728,480,true]},"author_info":{"info":["Angela Tobar"]},"category_info":"<a href=\"https:\/\/infotep.com.ar\/index.php\/category\/destacadas\/\" rel=\"category tag\">Destacadas<\/a> <a href=\"https:\/\/infotep.com.ar\/index.php\/category\/municipales\/la-matanza\/\" rel=\"category tag\">La Matanza<\/a> <a href=\"https:\/\/infotep.com.ar\/index.php\/category\/nacionales\/\" rel=\"category tag\">Nacionales<\/a>","tag_info":"Nacionales","comment_count":"0","_links":{"self":[{"href":"https:\/\/infotep.com.ar\/index.php\/wp-json\/wp\/v2\/posts\/25028"}],"collection":[{"href":"https:\/\/infotep.com.ar\/index.php\/wp-json\/wp\/v2\/posts"}],"about":[{"href":"https:\/\/infotep.com.ar\/index.php\/wp-json\/wp\/v2\/types\/post"}],"author":[{"embeddable":true,"href":"https:\/\/infotep.com.ar\/index.php\/wp-json\/wp\/v2\/users\/5"}],"replies":[{"embeddable":true,"href":"https:\/\/infotep.com.ar\/index.php\/wp-json\/wp\/v2\/comments?post=25028"}],"version-history":[{"count":2,"href":"https:\/\/infotep.com.ar\/index.php\/wp-json\/wp\/v2\/posts\/25028\/revisions"}],"predecessor-version":[{"id":25032,"href":"https:\/\/infotep.com.ar\/index.php\/wp-json\/wp\/v2\/posts\/25028\/revisions\/25032"}],"wp:featuredmedia":[{"embeddable":true,"href":"https:\/\/infotep.com.ar\/index.php\/wp-json\/wp\/v2\/media\/25030"}],"wp:attachment":[{"href":"https:\/\/infotep.com.ar\/index.php\/wp-json\/wp\/v2\/media?parent=25028"}],"wp:term":[{"taxonomy":"category","embeddable":true,"href":"https:\/\/infotep.com.ar\/index.php\/wp-json\/wp\/v2\/categories?post=25028"},{"taxonomy":"post_tag","embeddable":true,"href":"https:\/\/infotep.com.ar\/index.php\/wp-json\/wp\/v2\/tags?post=25028"}],"curies":[{"name":"wp","href":"https:\/\/api.w.org\/{rel}","templated":true}]}}